{"id":58305,"date":"2022-12-05T15:24:34","date_gmt":"2022-12-05T21:24:34","guid":{"rendered":"https:\/\/elmetropolitano.com.gt\/es\/?p=58305"},"modified":"2022-12-05T15:24:35","modified_gmt":"2022-12-05T21:24:35","slug":"alcalde-de-san-pedro-carcha-winter-coc-se-gradua-de-bchiller-en-ciencias-y-letras","status":"publish","type":"post","link":"https:\/\/elmetropolitano.com.gt\/es\/alcalde-de-san-pedro-carcha-winter-coc-se-gradua-de-bchiller-en-ciencias-y-letras\/","title":{"rendered":"Alcalde de San Pedro Carch\u00e1, Winter Coc se grad\u00faa de Bchiller en Ciencias y Letras"},"content":{"rendered":"\n<p>El alcalde de San Pedro Carch\u00e1, Winter Coc Ba, viraliz\u00f3 su graduaci\u00f3n como bachiller en ciencias y letras tras realizar la ceremonia de graduaci\u00f3n en la que recibi\u00f3 este t\u00edtulo y mostr\u00f3 sus fotos donde acompa\u00f1ado de su familia muestra que cuando se quiere se puede y da un ejemplo para otros jefes ediles y para todo el pueblo que dirige como alcalde.<\/p>\n\n\n\n<p>El jefe edil comparti\u00f3 fotos de su ceremonia la cual tuvo lugar en el colegio La Libertad, en su municipio, donde hizo un llamado a la reflexi\u00f3n a los j\u00f3venes para que tambi\u00e9n puedan hacerlo ya que solo de esa manera se puede alcanzar el desarrollo integral y municipal.<\/p><div class=\"elmet-contenido\" id=\"elmet-877064485\"><div class=\"elmet-adlabel\">Anuncios<\/div><div style=\"margin-top: 20px;margin-right: 20px;margin-bottom: 20px;margin-left: 20px;\" id=\"elmet-3476129072\"><a href=\"https:\/\/www.facebook.com\/arrincuanantigua\/\" aria-label=\"cintillo-arrin-cual\"><img loading=\"lazy\" decoding=\"async\" src=\"https:\/\/elmetropolitano.com.gt\/es\/wp-content\/uploads\/2021\/11\/cintillo-arrin-cual-1.jpg\" alt=\"\"  srcset=\"https:\/\/elmetropolitano.com.gt\/es\/wp-content\/uploads\/2021\/11\/cintillo-arrin-cual-1.jpg 750w, https:\/\/elmetropolitano.com.gt\/es\/wp-content\/uploads\/2021\/11\/cintillo-arrin-cual-1-300x36.jpg 300w, https:\/\/elmetropolitano.com.gt\/es\/wp-content\/uploads\/2021\/11\/cintillo-arrin-cual-1-600x72.jpg 600w\" sizes=\"(max-width: 750px) 100vw, 750px\" width=\"750\" height=\"90\"   \/><\/a><\/div><\/div>\n\n\n\n<p>\u00abNo hay edad para estudiar, cuando en realidad se quiere alcanzar una meta se alcanza, \u00e1nimo a aquellos j\u00f3venes, se\u00f1oritas o amigos que se quedaron o que quiz\u00e1s nunca estudiaron, los invito a que una de las metas para el 2023 sea seguir o someterse a alg\u00fan curso. Yo pude llegar a graduarme, estoy seguro que ustedes tambi\u00e9n lo lograr\u00e1n\u00bb, escribi\u00f3 en un mensaje tras obtener el triunfo acad\u00e9mico.<\/p>\n\n\n\n<p>#metroredes<\/p>\n\n\n\n<figure class=\"wp-block-gallery has-nested-images columns-default is-cropped wp-block-gallery-1 is-layout-flex wp-block-gallery-is-layout-flex\">\n<figure class=\"wp-block-image size-large\"><img loading=\"lazy\" decoding=\"async\" width=\"1024\" height=\"683\" data-id=\"58307\" src=\"https:\/\/elmetropolitano.com.gt\/es\/wp-content\/uploads\/2022\/12\/318067103_693471152338336_9157694177357925244_n-1024x683.jpg\" alt=\"\" class=\"wp-image-58307\" srcset=\"https:\/\/elmetropolitano.com.gt\/es\/wp-content\/uploads\/2022\/12\/318067103_693471152338336_9157694177357925244_n-1024x683.jpg 1024w, https:\/\/elmetropolitano.com.gt\/es\/wp-content\/uploads\/2022\/12\/318067103_693471152338336_9157694177357925244_n-300x200.jpg 300w, https:\/\/elmetropolitano.com.gt\/es\/wp-content\/uploads\/2022\/12\/318067103_693471152338336_9157694177357925244_n-768x512.jpg 768w, https:\/\/elmetropolitano.com.gt\/es\/wp-content\/uploads\/2022\/12\/318067103_693471152338336_9157694177357925244_n-1536x1024.jpg 1536w, https:\/\/elmetropolitano.com.gt\/es\/wp-content\/uploads\/2022\/12\/318067103_693471152338336_9157694177357925244_n-600x400.jpg 600w, https:\/\/elmetropolitano.com.gt\/es\/wp-content\/uploads\/2022\/12\/318067103_693471152338336_9157694177357925244_n.jpg 2048w\" sizes=\"auto, (max-width: 1024px) 100vw, 1024px\" \/><\/figure>\n\n\n\n<figure class=\"wp-block-image size-large\"><img loading=\"lazy\" decoding=\"async\" width=\"596\" height=\"1024\" data-id=\"58308\" src=\"https:\/\/elmetropolitano.com.gt\/es\/wp-content\/uploads\/2022\/12\/318155294_693472335671551_7522121225718822206_n-596x1024.jpg\" alt=\"\" class=\"wp-image-58308\" srcset=\"https:\/\/elmetropolitano.com.gt\/es\/wp-content\/uploads\/2022\/12\/318155294_693472335671551_7522121225718822206_n-596x1024.jpg 596w, https:\/\/elmetropolitano.com.gt\/es\/wp-content\/uploads\/2022\/12\/318155294_693472335671551_7522121225718822206_n-174x300.jpg 174w, https:\/\/elmetropolitano.com.gt\/es\/wp-content\/uploads\/2022\/12\/318155294_693472335671551_7522121225718822206_n-768x1321.jpg 768w, https:\/\/elmetropolitano.com.gt\/es\/wp-content\/uploads\/2022\/12\/318155294_693472335671551_7522121225718822206_n-893x1536.jpg 893w, https:\/\/elmetropolitano.com.gt\/es\/wp-content\/uploads\/2022\/12\/318155294_693472335671551_7522121225718822206_n-600x1032.jpg 600w, https:\/\/elmetropolitano.com.gt\/es\/wp-content\/uploads\/2022\/12\/318155294_693472335671551_7522121225718822206_n.jpg 1191w\" sizes=\"auto, (max-width: 596px) 100vw, 596px\" \/><\/figure>\n\n\n\n<figure class=\"wp-block-image size-large\"><img loading=\"lazy\" decoding=\"async\" width=\"1024\" height=\"683\" data-id=\"58309\" src=\"https:\/\/elmetropolitano.com.gt\/es\/wp-content\/uploads\/2022\/12\/318216533_693472312338220_2414272392020795659_n-1024x683.jpg\" alt=\"\" class=\"wp-image-58309\" srcset=\"https:\/\/elmetropolitano.com.gt\/es\/wp-content\/uploads\/2022\/12\/318216533_693472312338220_2414272392020795659_n-1024x683.jpg 1024w, https:\/\/elmetropolitano.com.gt\/es\/wp-content\/uploads\/2022\/12\/318216533_693472312338220_2414272392020795659_n-300x200.jpg 300w, https:\/\/elmetropolitano.com.gt\/es\/wp-content\/uploads\/2022\/12\/318216533_693472312338220_2414272392020795659_n-768x512.jpg 768w, https:\/\/elmetropolitano.com.gt\/es\/wp-content\/uploads\/2022\/12\/318216533_693472312338220_2414272392020795659_n-1536x1024.jpg 1536w, https:\/\/elmetropolitano.com.gt\/es\/wp-content\/uploads\/2022\/12\/318216533_693472312338220_2414272392020795659_n-600x400.jpg 600w, https:\/\/elmetropolitano.com.gt\/es\/wp-content\/uploads\/2022\/12\/318216533_693472312338220_2414272392020795659_n.jpg 2048w\" sizes=\"auto, (max-width: 1024px) 100vw, 1024px\" \/><\/figure>\n\n\n\n<figure class=\"wp-block-image size-large\"><img loading=\"lazy\" decoding=\"async\" width=\"1024\" height=\"809\" data-id=\"58310\" src=\"https:\/\/elmetropolitano.com.gt\/es\/wp-content\/uploads\/2022\/12\/318216885_693471105671674_4433895165867194044_n-1024x809.jpg\" alt=\"\" class=\"wp-image-58310\" srcset=\"https:\/\/elmetropolitano.com.gt\/es\/wp-content\/uploads\/2022\/12\/318216885_693471105671674_4433895165867194044_n-1024x809.jpg 1024w, https:\/\/elmetropolitano.com.gt\/es\/wp-content\/uploads\/2022\/12\/318216885_693471105671674_4433895165867194044_n-300x237.jpg 300w, https:\/\/elmetropolitano.com.gt\/es\/wp-content\/uploads\/2022\/12\/318216885_693471105671674_4433895165867194044_n-768x607.jpg 768w, https:\/\/elmetropolitano.com.gt\/es\/wp-content\/uploads\/2022\/12\/318216885_693471105671674_4433895165867194044_n-1536x1214.jpg 1536w, https:\/\/elmetropolitano.com.gt\/es\/wp-content\/uploads\/2022\/12\/318216885_693471105671674_4433895165867194044_n-600x474.jpg 600w, https:\/\/elmetropolitano.com.gt\/es\/wp-content\/uploads\/2022\/12\/318216885_693471105671674_4433895165867194044_n.jpg 1898w\" sizes=\"auto, (max-width: 1024px) 100vw, 1024px\" \/><\/figure>\n\n\n\n<figure class=\"wp-block-image size-large\"><img loading=\"lazy\" decoding=\"async\" width=\"1024\" height=\"683\" data-id=\"58311\" src=\"https:\/\/elmetropolitano.com.gt\/es\/wp-content\/uploads\/2022\/12\/318333102_693472372338214_8876539467129655043_n-1024x683.jpg\" alt=\"\" class=\"wp-image-58311\" srcset=\"https:\/\/elmetropolitano.com.gt\/es\/wp-content\/uploads\/2022\/12\/318333102_693472372338214_8876539467129655043_n-1024x683.jpg 1024w, https:\/\/elmetropolitano.com.gt\/es\/wp-content\/uploads\/2022\/12\/318333102_693472372338214_8876539467129655043_n-300x200.jpg 300w, https:\/\/elmetropolitano.com.gt\/es\/wp-content\/uploads\/2022\/12\/318333102_693472372338214_8876539467129655043_n-768x512.jpg 768w, https:\/\/elmetropolitano.com.gt\/es\/wp-content\/uploads\/2022\/12\/318333102_693472372338214_8876539467129655043_n-1536x1024.jpg 1536w, https:\/\/elmetropolitano.com.gt\/es\/wp-content\/uploads\/2022\/12\/318333102_693472372338214_8876539467129655043_n-600x400.jpg 600w, https:\/\/elmetropolitano.com.gt\/es\/wp-content\/uploads\/2022\/12\/318333102_693472372338214_8876539467129655043_n.jpg 2048w\" sizes=\"auto, (max-width: 1024px) 100vw, 1024px\" \/><\/figure>\n\n\n\n<figure class=\"wp-block-image size-large\"><img loading=\"lazy\" decoding=\"async\" width=\"1024\" height=\"683\" data-id=\"58312\" src=\"https:\/\/elmetropolitano.com.gt\/es\/wp-content\/uploads\/2022\/12\/318448784_693471182338333_495900060232273056_n-1024x683.jpg\" alt=\"\" class=\"wp-image-58312\" srcset=\"https:\/\/elmetropolitano.com.gt\/es\/wp-content\/uploads\/2022\/12\/318448784_693471182338333_495900060232273056_n-1024x683.jpg 1024w, https:\/\/elmetropolitano.com.gt\/es\/wp-content\/uploads\/2022\/12\/318448784_693471182338333_495900060232273056_n-300x200.jpg 300w, https:\/\/elmetropolitano.com.gt\/es\/wp-content\/uploads\/2022\/12\/318448784_693471182338333_495900060232273056_n-768x512.jpg 768w, https:\/\/elmetropolitano.com.gt\/es\/wp-content\/uploads\/2022\/12\/318448784_693471182338333_495900060232273056_n-1536x1024.jpg 1536w, https:\/\/elmetropolitano.com.gt\/es\/wp-content\/uploads\/2022\/12\/318448784_693471182338333_495900060232273056_n-600x400.jpg 600w, https:\/\/elmetropolitano.com.gt\/es\/wp-content\/uploads\/2022\/12\/318448784_693471182338333_495900060232273056_n.jpg 2048w\" sizes=\"auto, (max-width: 1024px) 100vw, 1024px\" \/><\/figure>\n<\/figure>\n","protected":false},"excerpt":{"rendered":"<p>El alcalde de San Pedro Carch\u00e1, Winter Coc Ba, viraliz\u00f3 su graduaci\u00f3n como bachiller en ciencias y letras tras realizar la ceremonia de graduaci\u00f3n en la que recibi\u00f3 este t\u00edtulo y mostr\u00f3 sus fotos donde acompa\u00f1ado de su familia muestra que cuando se quiere se puede y da un ejemplo para otros jefes ediles y <a class=\"read-more\" href=\"https:\/\/elmetropolitano.com.gt\/es\/alcalde-de-san-pedro-carcha-winter-coc-se-gradua-de-bchiller-en-ciencias-y-letras\/\">Leer m\u00e1s<\/a><\/p>\n","protected":false},"author":1,"featured_media":58306,"comment_status":"open","ping_status":"closed","sticky":false,"template":"","format":"standard","meta":{"footnotes":""},"categories":[4],"tags":[13],"class_list":["post-58305","post","type-post","status-publish","format-standard","has-post-thumbnail","hentry","category-departamentales","tag-departamentales"],"_links":{"self":[{"href":"https:\/\/elmetropolitano.com.gt\/es\/wp-json\/wp\/v2\/posts\/58305","targetHints":{"allow":["GET"]}}],"collection":[{"href":"https:\/\/elmetropolitano.com.gt\/es\/wp-json\/wp\/v2\/posts"}],"about":[{"href":"https:\/\/elmetropolitano.com.gt\/es\/wp-json\/wp\/v2\/types\/post"}],"author":[{"embeddable":true,"href":"https:\/\/elmetropolitano.com.gt\/es\/wp-json\/wp\/v2\/users\/1"}],"replies":[{"embeddable":true,"href":"https:\/\/elmetropolitano.com.gt\/es\/wp-json\/wp\/v2\/comments?post=58305"}],"version-history":[{"count":1,"href":"https:\/\/elmetropolitano.com.gt\/es\/wp-json\/wp\/v2\/posts\/58305\/revisions"}],"predecessor-version":[{"id":58313,"href":"https:\/\/elmetropolitano.com.gt\/es\/wp-json\/wp\/v2\/posts\/58305\/revisions\/58313"}],"wp:featuredmedia":[{"embeddable":true,"href":"https:\/\/elmetropolitano.com.gt\/es\/wp-json\/wp\/v2\/media\/58306"}],"wp:attachment":[{"href":"https:\/\/elmetropolitano.com.gt\/es\/wp-json\/wp\/v2\/media?parent=58305"}],"wp:term":[{"taxonomy":"category","embeddable":true,"href":"https:\/\/elmetropolitano.com.gt\/es\/wp-json\/wp\/v2\/categories?post=58305"},{"taxonomy":"post_tag","embeddable":true,"href":"https:\/\/elmetropolitano.com.gt\/es\/wp-json\/wp\/v2\/tags?post=58305"}],"curies":[{"name":"wp","href":"https:\/\/api.w.org\/{rel}","templated":true}]}}