{"id":58351,"date":"2022-12-06T09:51:03","date_gmt":"2022-12-06T15:51:03","guid":{"rendered":"https:\/\/elmetropolitano.com.gt\/es\/?p=58351"},"modified":"2022-12-06T09:51:05","modified_gmt":"2022-12-06T15:51:05","slug":"juramentan-a-hector-adolfo-gonzalez-douma-como-viceministro-de-transparencia-fiscal","status":"publish","type":"post","link":"https:\/\/elmetropolitano.com.gt\/es\/juramentan-a-hector-adolfo-gonzalez-douma-como-viceministro-de-transparencia-fiscal\/","title":{"rendered":"Juramentan a H\u00e9ctor Adolfo Gonz\u00e1lez Douma como viceministro de Transparencia Fiscal"},"content":{"rendered":"\n<p>H\u00e9ctor Adolfo Gonz\u00e1lez Douma fue juramentado como viceministro de Transparencia Fiscal y Adquisiciones del Estado, dio a conocer el Ministerio de Finanzas P\u00fablicas (Minfin).<\/p>\n\n\n\n<p>Seg\u00fan el Minfin, Gonz\u00e1lez Douma estar\u00e1 a cargo de coordinar los procesos de transparencia fiscal y sistemas de adquisiciones del Estado.<\/p><div class=\"elmet-contenido\" id=\"elmet-1509051213\"><div class=\"elmet-adlabel\">Anuncios<\/div><div style=\"margin-top: 20px;margin-right: 20px;margin-bottom: 20px;margin-left: 20px;\" id=\"elmet-4046101911\"><a href=\"https:\/\/www.facebook.com\/arrincuanantigua\/\" aria-label=\"cintillo-arrin-cual\"><img loading=\"lazy\" decoding=\"async\" src=\"https:\/\/elmetropolitano.com.gt\/es\/wp-content\/uploads\/2021\/11\/cintillo-arrin-cual-1.jpg\" alt=\"\"  srcset=\"https:\/\/elmetropolitano.com.gt\/es\/wp-content\/uploads\/2021\/11\/cintillo-arrin-cual-1.jpg 750w, https:\/\/elmetropolitano.com.gt\/es\/wp-content\/uploads\/2021\/11\/cintillo-arrin-cual-1-300x36.jpg 300w, https:\/\/elmetropolitano.com.gt\/es\/wp-content\/uploads\/2021\/11\/cintillo-arrin-cual-1-600x72.jpg 600w\" sizes=\"(max-width: 750px) 100vw, 750px\" width=\"750\" height=\"90\"   \/><\/a><\/div><\/div>\n\n\n\n<p><a><\/a>Asimismo, promover\u00e1 las pol\u00edticas y estrategias que permitan fortalecer la transparencia en la actual administraci\u00f3n.<\/p>\n\n\n\n<p>Su carrera<\/p>\n\n\n\n<p>Desde 2003, Gonz\u00e1lez Douma se ha desempe\u00f1ado en el sector p\u00fablico. No obstante, en 2009 fungi\u00f3 como asesor especializado en adquisici\u00f3n p\u00fablica y transparencia en diversas instituciones estatales. Entre ellas, los ministerios de Salud P\u00fablica, de Gobernaci\u00f3n y de Finanzas, as\u00ed como el Instituto Guatemalteco de Seguridad Social.<\/p>\n\n\n\n<p>Adem\u00e1s, el funcionario posee experiencia en administraci\u00f3n estatal, espec\u00edficamente en procesos de coordinaci\u00f3n, planificaci\u00f3n y ejecuci\u00f3n en la adquisici\u00f3n de bienes, servicios y obras.<\/p>\n\n\n\n<p>De igual manera, ha trabajado en procedimientos que se vinculan con el Sistema de Informaci\u00f3n de Adquisiciones y Contrataciones del Estado (Guatecompras) y con la redacci\u00f3n de normativas que rigen el sistema de compras en el pa\u00eds.<\/p>\n\n\n\n<p>Otro aspecto que se resalt\u00f3 es la participaci\u00f3n de Gonz\u00e1lez Douma en talleres nacionales e internacionales sobre compras p\u00fablicas. Estos han sido desarrollados por la Red Interamericana de Compras Gubernamentales, el Banco Interamericano de Desarrollo, el Banco Mundial, la Agencia de los Estados Unidos para el Desarrollo Internacional y la Asociaci\u00f3n de Investigaci\u00f3n y Estudios Sociales, entre otros.<\/p>\n\n\n\n<p>Texto Luc\u00eda Contreras<\/p>\n\n\n\n<p><a href=\"https:\/\/www.facebook.com\/hashtag\/metroredes?__eep__=6&amp;__cft__[0]=AZWLQfBnHx_WRQ9rQ_7PNA06i3B57UBWznc4LP3eu_Y_HbTPHfgeaKWT6FZl3lh9cgWQlown8yT6Wi61IP-QiSjjzb-qwAw45W2AKOYfNIERhHMdDd-xGeZkI8sFPdfhDMPrEoUPGmXTV9s9Hn9bvo2HeDUrtAJH1Ux-nVL40SRM7X8vuzM8oPqS8MHl911VNlY&amp;__tn__=*NK-R\">#metroredes<\/a><a href=\"https:\/\/www.facebook.com\/hashtag\/finanzaspublicas?__eep__=6&amp;__cft__[0]=AZWLQfBnHx_WRQ9rQ_7PNA06i3B57UBWznc4LP3eu_Y_HbTPHfgeaKWT6FZl3lh9cgWQlown8yT6Wi61IP-QiSjjzb-qwAw45W2AKOYfNIERhHMdDd-xGeZkI8sFPdfhDMPrEoUPGmXTV9s9Hn9bvo2HeDUrtAJH1Ux-nVL40SRM7X8vuzM8oPqS8MHl911VNlY&amp;__tn__=*NK-R\">#FinanzasPublicas<\/a><\/p>\n\n\n\n<p><\/p>\n","protected":false},"excerpt":{"rendered":"<p>H\u00e9ctor Adolfo Gonz\u00e1lez Douma fue juramentado como viceministro de Transparencia Fiscal y Adquisiciones del Estado, dio a conocer el Ministerio de Finanzas P\u00fablicas (Minfin). Seg\u00fan el Minfin, Gonz\u00e1lez Douma estar\u00e1 a cargo de coordinar los procesos de transparencia fiscal y sistemas de adquisiciones del Estado. Asimismo, promover\u00e1 las pol\u00edticas y estrategias que permitan fortalecer la <a class=\"read-more\" href=\"https:\/\/elmetropolitano.com.gt\/es\/juramentan-a-hector-adolfo-gonzalez-douma-como-viceministro-de-transparencia-fiscal\/\">Leer m\u00e1s<\/a><\/p>\n","protected":false},"author":1,"featured_media":58352,"comment_status":"open","ping_status":"closed","sticky":false,"template":"","format":"standard","meta":{"footnotes":""},"categories":[2],"tags":[12],"class_list":["post-58351","post","type-post","status-publish","format-standard","has-post-thumbnail","hentry","category-nacionales","tag-nacionales"],"_links":{"self":[{"href":"https:\/\/elmetropolitano.com.gt\/es\/wp-json\/wp\/v2\/posts\/58351","targetHints":{"allow":["GET"]}}],"collection":[{"href":"https:\/\/elmetropolitano.com.gt\/es\/wp-json\/wp\/v2\/posts"}],"about":[{"href":"https:\/\/elmetropolitano.com.gt\/es\/wp-json\/wp\/v2\/types\/post"}],"author":[{"embeddable":true,"href":"https:\/\/elmetropolitano.com.gt\/es\/wp-json\/wp\/v2\/users\/1"}],"replies":[{"embeddable":true,"href":"https:\/\/elmetropolitano.com.gt\/es\/wp-json\/wp\/v2\/comments?post=58351"}],"version-history":[{"count":1,"href":"https:\/\/elmetropolitano.com.gt\/es\/wp-json\/wp\/v2\/posts\/58351\/revisions"}],"predecessor-version":[{"id":58353,"href":"https:\/\/elmetropolitano.com.gt\/es\/wp-json\/wp\/v2\/posts\/58351\/revisions\/58353"}],"wp:featuredmedia":[{"embeddable":true,"href":"https:\/\/elmetropolitano.com.gt\/es\/wp-json\/wp\/v2\/media\/58352"}],"wp:attachment":[{"href":"https:\/\/elmetropolitano.com.gt\/es\/wp-json\/wp\/v2\/media?parent=58351"}],"wp:term":[{"taxonomy":"category","embeddable":true,"href":"https:\/\/elmetropolitano.com.gt\/es\/wp-json\/wp\/v2\/categories?post=58351"},{"taxonomy":"post_tag","embeddable":true,"href":"https:\/\/elmetropolitano.com.gt\/es\/wp-json\/wp\/v2\/tags?post=58351"}],"curies":[{"name":"wp","href":"https:\/\/api.w.org\/{rel}","templated":true}]}}