{"id":58387,"date":"2022-12-08T09:17:43","date_gmt":"2022-12-08T15:17:43","guid":{"rendered":"https:\/\/elmetropolitano.com.gt\/es\/?p=58387"},"modified":"2022-12-08T09:17:44","modified_gmt":"2022-12-08T15:17:44","slug":"partido-azul-mas-de-lo-mismo","status":"publish","type":"post","link":"https:\/\/elmetropolitano.com.gt\/es\/partido-azul-mas-de-lo-mismo\/","title":{"rendered":"Partido Azul m\u00e1s de lo mismo"},"content":{"rendered":"\n<p>El Partido Azul llev\u00f3 a cabo su asamblea extraordinaria de proclamaci\u00f3n en donde eligi\u00f3 a Isaac Farchi como candidato presidencial y <a><\/a>a Mauricio Zalda\u00f1a como vice presidenciable, en un acto que tuvo lugar en el Hotel Westin Camino Real de la ciudad capital donde qued\u00f3 evidenciado que este partido no dio sorpresa si no es de lo mismo.<\/p>\n\n\n\n<p>El Partido Azul que se present\u00f3 como un partido diferente en la asamblea nacional, qued\u00f3 demostrado que es m\u00e1s de lo mismo, pues tanto Farchi como muchos de los que van a cargos de elecci\u00f3n popular ya han participado en pol\u00edtica En el caso de Farchi fue candidato presidencial de Visi\u00f3n con Valores VIVA y lleva a candidatos a diputados que fueron funcionarios del gobierno de Jimmy Morales, as\u00ed como candidato a alcaldes.<\/p><div class=\"elmet-contenido\" id=\"elmet-308735573\"><div class=\"elmet-adlabel\">Anuncios<\/div><div style=\"margin-top: 20px;margin-right: 20px;margin-bottom: 20px;margin-left: 20px;\" id=\"elmet-2074749963\"><a href=\"https:\/\/www.facebook.com\/arrincuanantigua\/\" aria-label=\"cintillo-arrin-cual\"><img loading=\"lazy\" decoding=\"async\" src=\"https:\/\/elmetropolitano.com.gt\/es\/wp-content\/uploads\/2021\/11\/cintillo-arrin-cual-1.jpg\" alt=\"\"  srcset=\"https:\/\/elmetropolitano.com.gt\/es\/wp-content\/uploads\/2021\/11\/cintillo-arrin-cual-1.jpg 750w, https:\/\/elmetropolitano.com.gt\/es\/wp-content\/uploads\/2021\/11\/cintillo-arrin-cual-1-300x36.jpg 300w, https:\/\/elmetropolitano.com.gt\/es\/wp-content\/uploads\/2021\/11\/cintillo-arrin-cual-1-600x72.jpg 600w\" sizes=\"(max-width: 750px) 100vw, 750px\" width=\"750\" height=\"90\"   \/><\/a><\/div><\/div>\n\n\n\n<p>\u201cEl servidor p\u00fablico tiene que ser una persona con preparaci\u00f3n, conocimiento y vocaci\u00f3n para<\/p>\n\n\n\n<p>servir en el cargo para el que se le est\u00e1\u0301 nombrando, no alguien escogido al dedazo, por compadrazgo, por deudas pol\u00edticas o por venta de puestos, ninguno de los que estamos aqu\u00ed pagamos un centavo por una posici\u00f3n, pueden estar seguros de que todo lo hemos realizado con trabajo y esfuerzo\u201d, indic\u00f3 Isaac Farchi, en un comunicado de prensa enviado a la redacci\u00f3n de El Metropolitano.<\/p>\n\n\n\n<p>Si usted cre\u00eda que Azul llevar\u00eda al Congreso gente nueva sin v\u00ednculos con la vieja pol\u00edtica est\u00e1 equivocado, porque en la Asamblea fue proclamado Luis Enrique Ortega Arana como candidato a diputado del distrito metropolitano en la primera casilla, quien en las pasadas elecciones fue candidato del Partido Oficial Vamos y es integrante del Concejo Directivo del Registro De Informaci\u00f3n Catastral de Guatemala del Registro General de la Propiedad, lo que evidencia el vinculo del partido azul con el partido de gobierno.<\/p>\n\n\n\n<p>Adem\u00e1s lleva de candidato en la segunda casilla por el listado metropolitano a Eli\u00fa Gonz\u00e1lez, ex candidato a diputado por Viva y postul\u00f3 al ex diputado de la vieja pol\u00edtica, Jean Paul Briere como candidato a alcalde del Partido Azul por la Ciudad de Guatemala.<\/p>\n\n\n\n<p>Texto: Ram\u00f3n Hern\u00e1ndez S.<\/p>\n\n\n\n<p><a href=\"https:\/\/www.facebook.com\/hashtag\/caminoeleccionesgt?__eep__=6&amp;__cft__[0]=AZUuaymdFiUKJxHa2LIysDZENZ6qRUi4w2QZ9VPIjtKtqubbTiZkFzOgXMxpzzLlQ-Ljci8Tm2e6rqDJgH0Xx8WnPZZoxBjDj8JXFNP6j053q0iY7tOQKirrZZVb9qN9k0Jsb8ZuDjbwP3K24ML2hYAhnaRmATjvke0YzzEvrxFxoNNWJccWgvyXwRPoOgkctpsNjRplyyZdXtfocgPsrVX6&amp;__tn__=*NK-y-R\">#CaminoEleccionesGT<\/a><a href=\"https:\/\/www.facebook.com\/hashtag\/metroredes?__eep__=6&amp;__cft__[0]=AZUuaymdFiUKJxHa2LIysDZENZ6qRUi4w2QZ9VPIjtKtqubbTiZkFzOgXMxpzzLlQ-Ljci8Tm2e6rqDJgH0Xx8WnPZZoxBjDj8JXFNP6j053q0iY7tOQKirrZZVb9qN9k0Jsb8ZuDjbwP3K24ML2hYAhnaRmATjvke0YzzEvrxFxoNNWJccWgvyXwRPoOgkctpsNjRplyyZdXtfocgPsrVX6&amp;__tn__=*NK-y-R\">#metroredes<\/a><a href=\"https:\/\/www.facebook.com\/hashtag\/partidoazul?__eep__=6&amp;__cft__[0]=AZUuaymdFiUKJxHa2LIysDZENZ6qRUi4w2QZ9VPIjtKtqubbTiZkFzOgXMxpzzLlQ-Ljci8Tm2e6rqDJgH0Xx8WnPZZoxBjDj8JXFNP6j053q0iY7tOQKirrZZVb9qN9k0Jsb8ZuDjbwP3K24ML2hYAhnaRmATjvke0YzzEvrxFxoNNWJccWgvyXwRPoOgkctpsNjRplyyZdXtfocgPsrVX6&amp;__tn__=*NK-y-R\">#PartidoAzul<\/a><\/p>\n\n\n\n<figure class=\"wp-block-gallery has-nested-images columns-default is-cropped wp-block-gallery-1 is-layout-flex wp-block-gallery-is-layout-flex\">\n<figure class=\"wp-block-image size-large\"><img loading=\"lazy\" decoding=\"async\" width=\"1024\" height=\"682\" data-id=\"58390\" src=\"https:\/\/elmetropolitano.com.gt\/es\/wp-content\/uploads\/2022\/12\/318328632_591152223011005_3808133305677541260_n-1024x682.jpg\" alt=\"\" class=\"wp-image-58390\" srcset=\"https:\/\/elmetropolitano.com.gt\/es\/wp-content\/uploads\/2022\/12\/318328632_591152223011005_3808133305677541260_n-1024x682.jpg 1024w, https:\/\/elmetropolitano.com.gt\/es\/wp-content\/uploads\/2022\/12\/318328632_591152223011005_3808133305677541260_n-300x200.jpg 300w, https:\/\/elmetropolitano.com.gt\/es\/wp-content\/uploads\/2022\/12\/318328632_591152223011005_3808133305677541260_n-768x512.jpg 768w, https:\/\/elmetropolitano.com.gt\/es\/wp-content\/uploads\/2022\/12\/318328632_591152223011005_3808133305677541260_n-1536x1023.jpg 1536w, https:\/\/elmetropolitano.com.gt\/es\/wp-content\/uploads\/2022\/12\/318328632_591152223011005_3808133305677541260_n-600x400.jpg 600w, https:\/\/elmetropolitano.com.gt\/es\/wp-content\/uploads\/2022\/12\/318328632_591152223011005_3808133305677541260_n.jpg 1600w\" sizes=\"auto, (max-width: 1024px) 100vw, 1024px\" \/><\/figure>\n\n\n\n<figure class=\"wp-block-image size-large\"><img loading=\"lazy\" decoding=\"async\" width=\"1024\" height=\"682\" data-id=\"58389\" src=\"https:\/\/elmetropolitano.com.gt\/es\/wp-content\/uploads\/2022\/12\/318406122_591152229677671_5213332760964376891_n-1024x682.jpg\" alt=\"\" class=\"wp-image-58389\" srcset=\"https:\/\/elmetropolitano.com.gt\/es\/wp-content\/uploads\/2022\/12\/318406122_591152229677671_5213332760964376891_n-1024x682.jpg 1024w, https:\/\/elmetropolitano.com.gt\/es\/wp-content\/uploads\/2022\/12\/318406122_591152229677671_5213332760964376891_n-300x200.jpg 300w, https:\/\/elmetropolitano.com.gt\/es\/wp-content\/uploads\/2022\/12\/318406122_591152229677671_5213332760964376891_n-768x512.jpg 768w, https:\/\/elmetropolitano.com.gt\/es\/wp-content\/uploads\/2022\/12\/318406122_591152229677671_5213332760964376891_n-1536x1023.jpg 1536w, https:\/\/elmetropolitano.com.gt\/es\/wp-content\/uploads\/2022\/12\/318406122_591152229677671_5213332760964376891_n-600x400.jpg 600w, https:\/\/elmetropolitano.com.gt\/es\/wp-content\/uploads\/2022\/12\/318406122_591152229677671_5213332760964376891_n.jpg 1600w\" sizes=\"auto, (max-width: 1024px) 100vw, 1024px\" \/><\/figure>\n\n\n\n<figure class=\"wp-block-image size-large\"><img loading=\"lazy\" decoding=\"async\" width=\"1024\" height=\"682\" data-id=\"58391\" src=\"https:\/\/elmetropolitano.com.gt\/es\/wp-content\/uploads\/2022\/12\/318447286_591152153011012_2558867720663455430_n-1024x682.jpg\" alt=\"\" class=\"wp-image-58391\" srcset=\"https:\/\/elmetropolitano.com.gt\/es\/wp-content\/uploads\/2022\/12\/318447286_591152153011012_2558867720663455430_n-1024x682.jpg 1024w, https:\/\/elmetropolitano.com.gt\/es\/wp-content\/uploads\/2022\/12\/318447286_591152153011012_2558867720663455430_n-300x200.jpg 300w, https:\/\/elmetropolitano.com.gt\/es\/wp-content\/uploads\/2022\/12\/318447286_591152153011012_2558867720663455430_n-768x512.jpg 768w, https:\/\/elmetropolitano.com.gt\/es\/wp-content\/uploads\/2022\/12\/318447286_591152153011012_2558867720663455430_n-1536x1023.jpg 1536w, https:\/\/elmetropolitano.com.gt\/es\/wp-content\/uploads\/2022\/12\/318447286_591152153011012_2558867720663455430_n-600x400.jpg 600w, https:\/\/elmetropolitano.com.gt\/es\/wp-content\/uploads\/2022\/12\/318447286_591152153011012_2558867720663455430_n.jpg 1600w\" sizes=\"auto, (max-width: 1024px) 100vw, 1024px\" \/><\/figure>\n\n\n\n<figure class=\"wp-block-image size-large\"><img loading=\"lazy\" decoding=\"async\" width=\"1024\" height=\"682\" data-id=\"58392\" src=\"https:\/\/elmetropolitano.com.gt\/es\/wp-content\/uploads\/2022\/12\/318554872_591152203011007_4608899746685753495_n-1024x682.jpg\" alt=\"\" class=\"wp-image-58392\" srcset=\"https:\/\/elmetropolitano.com.gt\/es\/wp-content\/uploads\/2022\/12\/318554872_591152203011007_4608899746685753495_n-1024x682.jpg 1024w, https:\/\/elmetropolitano.com.gt\/es\/wp-content\/uploads\/2022\/12\/318554872_591152203011007_4608899746685753495_n-300x200.jpg 300w, https:\/\/elmetropolitano.com.gt\/es\/wp-content\/uploads\/2022\/12\/318554872_591152203011007_4608899746685753495_n-768x512.jpg 768w, https:\/\/elmetropolitano.com.gt\/es\/wp-content\/uploads\/2022\/12\/318554872_591152203011007_4608899746685753495_n-1536x1023.jpg 1536w, https:\/\/elmetropolitano.com.gt\/es\/wp-content\/uploads\/2022\/12\/318554872_591152203011007_4608899746685753495_n-600x400.jpg 600w, https:\/\/elmetropolitano.com.gt\/es\/wp-content\/uploads\/2022\/12\/318554872_591152203011007_4608899746685753495_n.jpg 1600w\" sizes=\"auto, (max-width: 1024px) 100vw, 1024px\" \/><\/figure>\n<\/figure>\n","protected":false},"excerpt":{"rendered":"<p>El Partido Azul llev\u00f3 a cabo su asamblea extraordinaria de proclamaci\u00f3n en donde eligi\u00f3 a Isaac Farchi como candidato presidencial y a Mauricio Zalda\u00f1a como vice presidenciable, en un acto que tuvo lugar en el Hotel Westin Camino Real de la ciudad capital donde qued\u00f3 evidenciado que este partido no dio sorpresa si no es <a class=\"read-more\" href=\"https:\/\/elmetropolitano.com.gt\/es\/partido-azul-mas-de-lo-mismo\/\">Leer m\u00e1s<\/a><\/p>\n","protected":false},"author":1,"featured_media":58388,"comment_status":"open","ping_status":"closed","sticky":false,"template":"","format":"standard","meta":{"footnotes":""},"categories":[97],"tags":[98],"class_list":["post-58387","post","type-post","status-publish","format-standard","has-post-thumbnail","hentry","category-politica","tag-politica"],"_links":{"self":[{"href":"https:\/\/elmetropolitano.com.gt\/es\/wp-json\/wp\/v2\/posts\/58387","targetHints":{"allow":["GET"]}}],"collection":[{"href":"https:\/\/elmetropolitano.com.gt\/es\/wp-json\/wp\/v2\/posts"}],"about":[{"href":"https:\/\/elmetropolitano.com.gt\/es\/wp-json\/wp\/v2\/types\/post"}],"author":[{"embeddable":true,"href":"https:\/\/elmetropolitano.com.gt\/es\/wp-json\/wp\/v2\/users\/1"}],"replies":[{"embeddable":true,"href":"https:\/\/elmetropolitano.com.gt\/es\/wp-json\/wp\/v2\/comments?post=58387"}],"version-history":[{"count":1,"href":"https:\/\/elmetropolitano.com.gt\/es\/wp-json\/wp\/v2\/posts\/58387\/revisions"}],"predecessor-version":[{"id":58393,"href":"https:\/\/elmetropolitano.com.gt\/es\/wp-json\/wp\/v2\/posts\/58387\/revisions\/58393"}],"wp:featuredmedia":[{"embeddable":true,"href":"https:\/\/elmetropolitano.com.gt\/es\/wp-json\/wp\/v2\/media\/58388"}],"wp:attachment":[{"href":"https:\/\/elmetropolitano.com.gt\/es\/wp-json\/wp\/v2\/media?parent=58387"}],"wp:term":[{"taxonomy":"category","embeddable":true,"href":"https:\/\/elmetropolitano.com.gt\/es\/wp-json\/wp\/v2\/categories?post=58387"},{"taxonomy":"post_tag","embeddable":true,"href":"https:\/\/elmetropolitano.com.gt\/es\/wp-json\/wp\/v2\/tags?post=58387"}],"curies":[{"name":"wp","href":"https:\/\/api.w.org\/{rel}","templated":true}]}}