{"id":58399,"date":"2022-12-08T09:20:30","date_gmt":"2022-12-08T15:20:30","guid":{"rendered":"https:\/\/elmetropolitano.com.gt\/es\/?p=58399"},"modified":"2022-12-08T09:20:31","modified_gmt":"2022-12-08T15:20:31","slug":"la-condena-de-16-anos-de-carcel-para-otto-perez-y-roxana-baldetti-por-dos-delitos-en-caso-la-linea","status":"publish","type":"post","link":"https:\/\/elmetropolitano.com.gt\/es\/la-condena-de-16-anos-de-carcel-para-otto-perez-y-roxana-baldetti-por-dos-delitos-en-caso-la-linea\/","title":{"rendered":"La condena de 16 a\u00f1os de c\u00e1rcel para Otto P\u00e9rez y Roxana Baldetti por dos delitos en caso la L\u00ednea"},"content":{"rendered":"\n<p>En la noche de la \u201cQuema del diablo\u201d, el exmandatario y su exvicepresidenta escucharon la sentencia condenatoria por dos de los delitos que se les imputaban: asociaci\u00f3n il\u00edcita y defraudaci\u00f3n aduanera.<\/p>\n\n\n\n<p>Varios de los implicados fueron condenados a penas entre 6 y 13 a\u00f1os de c\u00e1rcel.<\/p><div class=\"elmet-contenido\" id=\"elmet-3302896459\"><div class=\"elmet-adlabel\">Anuncios<\/div><div style=\"margin-top: 20px;margin-right: 20px;margin-bottom: 20px;margin-left: 20px;\" id=\"elmet-386512467\"><a href=\"https:\/\/www.facebook.com\/arrincuanantigua\/\" aria-label=\"cintillo-arrin-cual\"><img loading=\"lazy\" decoding=\"async\" src=\"https:\/\/elmetropolitano.com.gt\/es\/wp-content\/uploads\/2021\/11\/cintillo-arrin-cual-1.jpg\" alt=\"\"  srcset=\"https:\/\/elmetropolitano.com.gt\/es\/wp-content\/uploads\/2021\/11\/cintillo-arrin-cual-1.jpg 750w, https:\/\/elmetropolitano.com.gt\/es\/wp-content\/uploads\/2021\/11\/cintillo-arrin-cual-1-300x36.jpg 300w, https:\/\/elmetropolitano.com.gt\/es\/wp-content\/uploads\/2021\/11\/cintillo-arrin-cual-1-600x72.jpg 600w\" sizes=\"(max-width: 750px) 100vw, 750px\" width=\"750\" height=\"90\"   \/><\/a><\/div><\/div>\n\n\n\n<p>Fue <a><\/a>una jornada larga en el Tribunal de Mayor riesgo B, pero finalmente, mientras en la ciudad miles de guatemaltecos realizaban la tradicional Quema del diablo, se dict\u00f3 sentencia en contra de los implicados del caso La L\u00ednea, y se conden\u00f3 a 16 a\u00f1os de prisi\u00f3n a Otto P\u00e9rez Molina y roxana Baldetti, por dos de los delitos de que eran acusado.<\/p>\n\n\n\n<p>Aunque ambos fueron absueltos por el delito de enriquecimiento il\u00edcito, las juezas que integran el Tribunal dictaron la sentencia, que puede ser apelada y se conocer\u00e1 en una sala superior antes de quedar en firme. La condena es de 8 a\u00f1os de prisi\u00f3n por cada uno de los delitos.<\/p>\n\n\n\n<p>Adem\u00e1s, el Tribunal les impuso una multa de Q8 millones 709 mil, los cu\u00e1les deben ser pagados tres d\u00edas despu\u00e9s de que la sentencia est\u00e9 en firme o, de lo contrario, se agregar\u00e1n d\u00edas de c\u00e1rcel a raz\u00f3n de un d\u00eda por cada Q5.<\/p>\n\n\n\n<p>El juicio involucr\u00f3 a 29 acusados en total, aunque varios fueron absueltos por la \u00abfalta de pruebas\u00bb por parte del Ministerio P\u00fablico.<\/p>\n\n\n\n<p>Las juzgadoras aprovecharon el momento de dictar sentencia, que fue transmitido por varias radios en vivo, para atacar a la CICIG, a la Feci y al excomisionado Iv\u00e1n Vel\u00e1zquez. \u201cLa investigaci\u00f3n tiene falencias y errores que van a determinar absoluciones de algunos implicados\u201d, dijo una de las juezas.<\/p>\n\n\n\n<p>En el d\u00eda previo, Otto P\u00e9rez Molina y Roxana Baldetti se declararon \u00abinocentes\u00bb y pidieron al Tribunal que los exonerara de todos los cargos en su contra. Ambos dijeron que todo fue un montaje de la CICIG en el a\u00f1o 2015, cuando ambos renunciaron y fueron enviados a prisi\u00f3n.<\/p>\n\n\n\n<p>El expresidente Otto P\u00e9rez enfrenta otros procesos judiciales por corrupci\u00f3n, mientras que Roxana Baldetti ya fue sentenciada a 15 a\u00f1os de prisi\u00f3n por el caso conocido como \u00abagua m\u00e1gica de Amatitl\u00e1n\u00bb.<\/p>\n\n\n\n<p>Aunque se critic\u00f3 mucho durante la sentencia la labor de la desaparecida CICIG, el MP present\u00f3 a lo largo del juicio m\u00e1s de cuatro mil medios de prueba, entre ellos una serie de documentos aduaneros que mostraron la forma en que operaba la estructura criminal conocida como La L\u00ednea<\/p>\n\n\n\n<p>Para muchos en las redes sociales y analistas entrevistados por la prensa, el fallo fue recibido con benepl\u00e1cito y otros indicaron que la sentencia deja abiertos espacios para que la sala de apelaciones pueda dar marcha atr\u00e1s o suavizar las sentencias.<\/p>\n\n\n\n<p>En 2015, cuando se destap\u00f3 el caso La L\u00ednea y otros cometidos durante la administraci\u00f3n del Partido Patriota (PP), cientos de miles de ciudadanos manifestaron cada s\u00e1bado en la Plaza Central y en diferentes ciudadades del pa\u00eds, para exigir <a href=\"https:\/\/www.facebook.com\/hashtag\/justiciaya?__eep__=6&amp;__cft__[0]=AZWGxfLNpU-UZu6X0EbLfQwfXq7AS8QQVkoEyHAlIjHIiGVotGTOtkh9VwyIW__2TdEjev1X80AjCW4uOCn8-Hldj0GrwSlTP9J9MJe1OQtEn15p9UxhKjZFOzQzMs76bBZUDqAEcZU2h_g6mby6lXuhnAkSLQvHwkdrQee3MZe27jPQu3CwWB16LPunT_zxprM&amp;__tn__=*NK-R\">#JusticiaYa<\/a> y <a href=\"https:\/\/www.facebook.com\/hashtag\/renuncien?__eep__=6&amp;__cft__[0]=AZWGxfLNpU-UZu6X0EbLfQwfXq7AS8QQVkoEyHAlIjHIiGVotGTOtkh9VwyIW__2TdEjev1X80AjCW4uOCn8-Hldj0GrwSlTP9J9MJe1OQtEn15p9UxhKjZFOzQzMs76bBZUDqAEcZU2h_g6mby6lXuhnAkSLQvHwkdrQee3MZe27jPQu3CwWB16LPunT_zxprM&amp;__tn__=*NK-R\">#Renuncien<\/a>. Las protestas cesaron cuando ambos renunciaron y terminaron en la c\u00e1rcel.<\/p>\n\n\n\n<p>Otros implicados, entre \u00abcondenados\u00bb y \u00ababsueltos\u00bb<\/p>\n\n\n\n<p>Claudia Azucena M\u00e9ndez Ascencio, exintendente de aduanas de la SAT: Absuelta.<\/p>\n\n\n\n<p>Carlos Enrique Mu\u00f1oz Rold\u00e1n, exjefe de la SAT: Absuelto<\/p>\n\n\n\n<p>\u00c1lvaro Omar Franco Chac\u00f3n, exjefe de la SAT: Absuelto.<\/p>\n\n\n\n<p>Sebasti\u00e1n Herrera Cabrera, exgerente de Recuerdos Humanos de SAT: Absuelto.<\/p>\n\n\n\n<p>Asociaci\u00f3n il\u00edcita \/ absuelto<\/p>\n\n\n\n<p>Gustavo Adolfo Morales Pinz\u00f3n, exjefe de divisi\u00f3n regi\u00f3n sur: Absuelto.<\/p>\n\n\n\n<p>Anthony Segura Franco, exsecretario general del sindicato de la SAT: Absuelto.<\/p>\n\n\n\n<p>Mynor Eduardo Mart\u00ednez Castellanos, exadmistrador de aduanas de Puerto Quetzal: Culpable dos delitos, 13 a\u00f1os de c\u00e1rcel.<\/p>\n\n\n\n<p>Melvin Gudiel Alvarado de Le\u00f3n, exadministrador de Puerto Quetzal: Culpable, 13 a\u00f1os de c\u00e1rcel.<\/p>\n\n\n\n<p>Julio Rogelio Robles Palma, administrador de aduanas: Culpable, 13 a\u00f1os de c\u00e1rcel.<\/p>\n\n\n\n<p>Carla Mireya Herrera Espa\u00f1a, exsupervisora de aduanas: culpable, 13 a\u00f1os de c\u00e1rcel.<\/p>\n\n\n\n<p>Obdulio Horacio Barrios, excoordinador de aduanas: Absuelto.<\/p>\n\n\n\n<p>Gustavo Adolfo Pe\u00f1a, ext\u00e9cnico aduanero; Absuelto.<\/p>\n\n\n\n<p>Carlos Ixtuc Cuc, ext\u00e9cnico aduanero: Culpable, 13 a\u00f1os de c\u00e1rcel.<\/p>\n\n\n\n<p>Jos\u00e9 Rolando Gil Monterroso, ext\u00e9cnico aduanero: Absuelto.<\/p>\n\n\n\n<p>Juan Carlos \u00c1vila Mor\u00e1n, ext\u00e9cnico aduanero: Culpable, 13 a\u00f1os de c\u00e1rcel.<\/p>\n\n\n\n<p>Gilda Marina Maldonado Garc\u00eda, ext\u00e9cnica aduanera: Culpable, 13 a\u00f1os de c\u00e1rcel.<\/p>\n\n\n\n<p>Osama Ezzat Azziz Aranki, l\u00edder de la estructura externa media: Culpable, 12 a\u00f1os de c\u00e1rcel.<\/p>\n\n\n\n<p>Byron Antonio Izquierdo, exintegrante de estructura externa media<\/p>\n\n\n\n<p>Francisco Javier Ortiz Arriaga, alias \u201cTeniente Jerez\u201d, exjefe de estructura externa media Asociaci\u00f3n il\u00edcita: Culpable, 12 a\u00f1os de c\u00e1rcel.<\/p>\n\n\n\n<p>Miguel \u00c1ngel Lemus Aldana, exintegrante de estructura externa media: Culpable, 12 a\u00f1os de c\u00e1rcel.<\/p>\n\n\n\n<p>Julio C\u00e9sar Aldana Sosa, exintegrante estructura externa media: Culpable, 11 a\u00f1os de c\u00e1rcel.<\/p>\n\n\n\n<p>Julio Stuardo Gonz\u00e1lez de Le\u00f3n, exgerente externo de la SAT: Culpable, 7 a\u00f1os de c\u00e1rcel.<\/p>\n\n\n\n<p>Delfino de Jes\u00fas Morataya: Culpable, 12 a\u00f1os de c\u00e1rcel.<\/p>\n\n\n\n<p>Adolfo Sebasti\u00e1n Batz Rojas, ext\u00e9cnico aduanero: Culpable, 13 a\u00f1os de c\u00e1rcel.<\/p>\n\n\n\n<p>\u00c9dgar Armando Sac Coyoy, ext\u00e9cnico aduanero: Absuelto.<\/p>\n\n\n\n<p>Nazario Elpidio Arana: Culpable, 6 a\u00f1os de c\u00e1rcel.<\/p>\n\n\n\n<p><a href=\"https:\/\/www.facebook.com\/hashtag\/cronicagt?__eep__=6&amp;__cft__[0]=AZWGxfLNpU-UZu6X0EbLfQwfXq7AS8QQVkoEyHAlIjHIiGVotGTOtkh9VwyIW__2TdEjev1X80AjCW4uOCn8-Hldj0GrwSlTP9J9MJe1OQtEn15p9UxhKjZFOzQzMs76bBZUDqAEcZU2h_g6mby6lXuhnAkSLQvHwkdrQee3MZe27jPQu3CwWB16LPunT_zxprM&amp;__tn__=*NK-R\">#CronicaGT<\/a><a href=\"https:\/\/www.facebook.com\/hashtag\/metroredes?__eep__=6&amp;__cft__[0]=AZWGxfLNpU-UZu6X0EbLfQwfXq7AS8QQVkoEyHAlIjHIiGVotGTOtkh9VwyIW__2TdEjev1X80AjCW4uOCn8-Hldj0GrwSlTP9J9MJe1OQtEn15p9UxhKjZFOzQzMs76bBZUDqAEcZU2h_g6mby6lXuhnAkSLQvHwkdrQee3MZe27jPQu3CwWB16LPunT_zxprM&amp;__tn__=*NK-R\">#metroredes<\/a><\/p>\n\n\n\n<p><\/p>\n","protected":false},"excerpt":{"rendered":"<p>En la noche de la \u201cQuema del diablo\u201d, el exmandatario y su exvicepresidenta escucharon la sentencia condenatoria por dos de los delitos que se les imputaban: asociaci\u00f3n il\u00edcita y defraudaci\u00f3n aduanera. Varios de los implicados fueron condenados a penas entre 6 y 13 a\u00f1os de c\u00e1rcel. Fue una jornada larga en el Tribunal de Mayor <a class=\"read-more\" href=\"https:\/\/elmetropolitano.com.gt\/es\/la-condena-de-16-anos-de-carcel-para-otto-perez-y-roxana-baldetti-por-dos-delitos-en-caso-la-linea\/\">Leer m\u00e1s<\/a><\/p>\n","protected":false},"author":1,"featured_media":58400,"comment_status":"open","ping_status":"closed","sticky":false,"template":"","format":"standard","meta":{"footnotes":""},"categories":[2],"tags":[12],"class_list":["post-58399","post","type-post","status-publish","format-standard","has-post-thumbnail","hentry","category-nacionales","tag-nacionales"],"_links":{"self":[{"href":"https:\/\/elmetropolitano.com.gt\/es\/wp-json\/wp\/v2\/posts\/58399","targetHints":{"allow":["GET"]}}],"collection":[{"href":"https:\/\/elmetropolitano.com.gt\/es\/wp-json\/wp\/v2\/posts"}],"about":[{"href":"https:\/\/elmetropolitano.com.gt\/es\/wp-json\/wp\/v2\/types\/post"}],"author":[{"embeddable":true,"href":"https:\/\/elmetropolitano.com.gt\/es\/wp-json\/wp\/v2\/users\/1"}],"replies":[{"embeddable":true,"href":"https:\/\/elmetropolitano.com.gt\/es\/wp-json\/wp\/v2\/comments?post=58399"}],"version-history":[{"count":1,"href":"https:\/\/elmetropolitano.com.gt\/es\/wp-json\/wp\/v2\/posts\/58399\/revisions"}],"predecessor-version":[{"id":58401,"href":"https:\/\/elmetropolitano.com.gt\/es\/wp-json\/wp\/v2\/posts\/58399\/revisions\/58401"}],"wp:featuredmedia":[{"embeddable":true,"href":"https:\/\/elmetropolitano.com.gt\/es\/wp-json\/wp\/v2\/media\/58400"}],"wp:attachment":[{"href":"https:\/\/elmetropolitano.com.gt\/es\/wp-json\/wp\/v2\/media?parent=58399"}],"wp:term":[{"taxonomy":"category","embeddable":true,"href":"https:\/\/elmetropolitano.com.gt\/es\/wp-json\/wp\/v2\/categories?post=58399"},{"taxonomy":"post_tag","embeddable":true,"href":"https:\/\/elmetropolitano.com.gt\/es\/wp-json\/wp\/v2\/tags?post=58399"}],"curies":[{"name":"wp","href":"https:\/\/api.w.org\/{rel}","templated":true}]}}