{"id":58438,"date":"2022-12-09T09:55:34","date_gmt":"2022-12-09T15:55:34","guid":{"rendered":"https:\/\/elmetropolitano.com.gt\/es\/?p=58438"},"modified":"2022-12-09T09:56:33","modified_gmt":"2022-12-09T15:56:33","slug":"guardia-de-seguridad-privada-capturado-por-muerte-de-hombre-presuntamente-por-problemas-sentimentales","status":"publish","type":"post","link":"https:\/\/elmetropolitano.com.gt\/es\/guardia-de-seguridad-privada-capturado-por-muerte-de-hombre-presuntamente-por-problemas-sentimentales\/","title":{"rendered":"Guardia de seguridad privada capturado por muerte de hombre, presuntamente por problemas sentimentales"},"content":{"rendered":"\n<p>Ricardo Garc\u00eda Morales, de 29 a\u00f1os, guardia de seguridad privada de un cami\u00f3n repartidor fue capturado por polic\u00edas de la comisar\u00eda 31 en el barrio Lourdes, zona 2 de Escuintla, por su presunta participaci\u00f3n en el crimen de un hombre de 37 a\u00f1os, hecho ocurrido en el kil\u00f3metro 30.5 de la ruta al pac\u00edfico en una venta de piconas<\/p>\n\n\n\n<p>Seg\u00fan versi\u00f3n de curiosos, el aprehendido se encontraba en labores cuando presuntamente vio a su c\u00f3nyuge con el ahora fallecido , quien presuntamente manten\u00eda una relaci\u00f3n sentimental con la mujer, y luego que los tres discutieron, Garc\u00eda Morales atac\u00f3 al otro hombre con una escopeta, pero ser\u00e1n las investigaciones que confirmen las causas de este hecho.<\/p><div class=\"elmet-contenido\" id=\"elmet-1517595066\"><div class=\"elmet-adlabel\">Anuncios<\/div><div style=\"margin-top: 20px;margin-right: 20px;margin-bottom: 20px;margin-left: 20px;\" id=\"elmet-2799037423\"><a href=\"https:\/\/www.facebook.com\/arrincuanantigua\/\" aria-label=\"cintillo-arrin-cual\"><img loading=\"lazy\" decoding=\"async\" src=\"https:\/\/elmetropolitano.com.gt\/es\/wp-content\/uploads\/2021\/11\/cintillo-arrin-cual-1.jpg\" alt=\"\"  srcset=\"https:\/\/elmetropolitano.com.gt\/es\/wp-content\/uploads\/2021\/11\/cintillo-arrin-cual-1.jpg 750w, https:\/\/elmetropolitano.com.gt\/es\/wp-content\/uploads\/2021\/11\/cintillo-arrin-cual-1-300x36.jpg 300w, https:\/\/elmetropolitano.com.gt\/es\/wp-content\/uploads\/2021\/11\/cintillo-arrin-cual-1-600x72.jpg 600w\" sizes=\"(max-width: 750px) 100vw, 750px\" width=\"750\" height=\"90\"   \/><\/a><\/div><\/div>\n\n\n\n<p>#metroredes<\/p>\n\n\n\n<figure class=\"wp-block-gallery has-nested-images columns-default is-cropped wp-block-gallery-1 is-layout-flex wp-block-gallery-is-layout-flex\">\n<figure class=\"wp-block-image size-large\"><img loading=\"lazy\" decoding=\"async\" width=\"653\" height=\"466\" data-id=\"58440\" src=\"https:\/\/elmetropolitano.com.gt\/es\/wp-content\/uploads\/2022\/12\/318801112_676196407533329_1777812847958121139_n.jpg\" alt=\"\" class=\"wp-image-58440\" srcset=\"https:\/\/elmetropolitano.com.gt\/es\/wp-content\/uploads\/2022\/12\/318801112_676196407533329_1777812847958121139_n.jpg 653w, https:\/\/elmetropolitano.com.gt\/es\/wp-content\/uploads\/2022\/12\/318801112_676196407533329_1777812847958121139_n-300x214.jpg 300w, https:\/\/elmetropolitano.com.gt\/es\/wp-content\/uploads\/2022\/12\/318801112_676196407533329_1777812847958121139_n-600x428.jpg 600w\" sizes=\"auto, (max-width: 653px) 100vw, 653px\" \/><\/figure>\n\n\n\n<figure class=\"wp-block-image size-large\"><img loading=\"lazy\" decoding=\"async\" width=\"1024\" height=\"462\" data-id=\"58441\" src=\"https:\/\/elmetropolitano.com.gt\/es\/wp-content\/uploads\/2022\/12\/319040486_676196450866658_7160441929350957888_n-1024x462.jpg\" alt=\"\" class=\"wp-image-58441\" srcset=\"https:\/\/elmetropolitano.com.gt\/es\/wp-content\/uploads\/2022\/12\/319040486_676196450866658_7160441929350957888_n-1024x462.jpg 1024w, https:\/\/elmetropolitano.com.gt\/es\/wp-content\/uploads\/2022\/12\/319040486_676196450866658_7160441929350957888_n-300x135.jpg 300w, https:\/\/elmetropolitano.com.gt\/es\/wp-content\/uploads\/2022\/12\/319040486_676196450866658_7160441929350957888_n-768x346.jpg 768w, https:\/\/elmetropolitano.com.gt\/es\/wp-content\/uploads\/2022\/12\/319040486_676196450866658_7160441929350957888_n-600x270.jpg 600w, https:\/\/elmetropolitano.com.gt\/es\/wp-content\/uploads\/2022\/12\/319040486_676196450866658_7160441929350957888_n.jpg 1156w\" sizes=\"auto, (max-width: 1024px) 100vw, 1024px\" \/><\/figure>\n<\/figure>\n","protected":false},"excerpt":{"rendered":"<p>Ricardo Garc\u00eda Morales, de 29 a\u00f1os, guardia de seguridad privada de un cami\u00f3n repartidor fue capturado por polic\u00edas de la comisar\u00eda 31 en el barrio Lourdes, zona 2 de Escuintla, por su presunta participaci\u00f3n en el crimen de un hombre de 37 a\u00f1os, hecho ocurrido en el kil\u00f3metro 30.5 de la ruta al pac\u00edfico en <a class=\"read-more\" href=\"https:\/\/elmetropolitano.com.gt\/es\/guardia-de-seguridad-privada-capturado-por-muerte-de-hombre-presuntamente-por-problemas-sentimentales\/\">Leer m\u00e1s<\/a><\/p>\n","protected":false},"author":1,"featured_media":58439,"comment_status":"open","ping_status":"closed","sticky":false,"template":"","format":"standard","meta":{"footnotes":""},"categories":[4],"tags":[13],"class_list":["post-58438","post","type-post","status-publish","format-standard","has-post-thumbnail","hentry","category-departamentales","tag-departamentales"],"_links":{"self":[{"href":"https:\/\/elmetropolitano.com.gt\/es\/wp-json\/wp\/v2\/posts\/58438","targetHints":{"allow":["GET"]}}],"collection":[{"href":"https:\/\/elmetropolitano.com.gt\/es\/wp-json\/wp\/v2\/posts"}],"about":[{"href":"https:\/\/elmetropolitano.com.gt\/es\/wp-json\/wp\/v2\/types\/post"}],"author":[{"embeddable":true,"href":"https:\/\/elmetropolitano.com.gt\/es\/wp-json\/wp\/v2\/users\/1"}],"replies":[{"embeddable":true,"href":"https:\/\/elmetropolitano.com.gt\/es\/wp-json\/wp\/v2\/comments?post=58438"}],"version-history":[{"count":1,"href":"https:\/\/elmetropolitano.com.gt\/es\/wp-json\/wp\/v2\/posts\/58438\/revisions"}],"predecessor-version":[{"id":58442,"href":"https:\/\/elmetropolitano.com.gt\/es\/wp-json\/wp\/v2\/posts\/58438\/revisions\/58442"}],"wp:featuredmedia":[{"embeddable":true,"href":"https:\/\/elmetropolitano.com.gt\/es\/wp-json\/wp\/v2\/media\/58439"}],"wp:attachment":[{"href":"https:\/\/elmetropolitano.com.gt\/es\/wp-json\/wp\/v2\/media?parent=58438"}],"wp:term":[{"taxonomy":"category","embeddable":true,"href":"https:\/\/elmetropolitano.com.gt\/es\/wp-json\/wp\/v2\/categories?post=58438"},{"taxonomy":"post_tag","embeddable":true,"href":"https:\/\/elmetropolitano.com.gt\/es\/wp-json\/wp\/v2\/tags?post=58438"}],"curies":[{"name":"wp","href":"https:\/\/api.w.org\/{rel}","templated":true}]}}