{"id":58451,"date":"2022-12-09T10:02:25","date_gmt":"2022-12-09T16:02:25","guid":{"rendered":"https:\/\/elmetropolitano.com.gt\/es\/?p=58451"},"modified":"2022-12-09T10:02:26","modified_gmt":"2022-12-09T16:02:26","slug":"alcalde-ricardo-quinonez-va-por-la-reeleccion-en-alianza-valor-unionista","status":"publish","type":"post","link":"https:\/\/elmetropolitano.com.gt\/es\/alcalde-ricardo-quinonez-va-por-la-reeleccion-en-alianza-valor-unionista\/","title":{"rendered":"Alcalde Ricardo Qui\u00f1\u00f3nez va por la reelecci\u00f3n en Alianza VALOR-UNIONISTA"},"content":{"rendered":"\n<p>El alcalde de la ciudad capital Ricardo Qui\u00f1ones buscar\u00e1 la reelecci\u00f3n en las elecciones generales del Pr\u00f3ximo a\u00f1o en la Alianza del Partido Valor y Unionistas por lo que este jueves fue juramentado por la dirigencia de ambos partidos.<\/p>\n\n\n\n<p>La <a><\/a>Secretaria General de Valor Ingrid Bernat Cofi\u00f1o juramento la Planilla encabezada por Ricardo Qui\u00f1ones indicando que \u201cComo partidos Valor y Unionista reafirmamos nuestra alianza\u201d<\/p><div class=\"elmet-contenido\" id=\"elmet-627018840\"><div class=\"elmet-adlabel\">Anuncios<\/div><div style=\"margin-top: 20px;margin-right: 20px;margin-bottom: 20px;margin-left: 20px;\" id=\"elmet-876654467\"><a href=\"https:\/\/www.facebook.com\/arrincuanantigua\/\" aria-label=\"cintillo-arrin-cual\"><img loading=\"lazy\" decoding=\"async\" src=\"https:\/\/elmetropolitano.com.gt\/es\/wp-content\/uploads\/2021\/11\/cintillo-arrin-cual-1.jpg\" alt=\"\"  srcset=\"https:\/\/elmetropolitano.com.gt\/es\/wp-content\/uploads\/2021\/11\/cintillo-arrin-cual-1.jpg 750w, https:\/\/elmetropolitano.com.gt\/es\/wp-content\/uploads\/2021\/11\/cintillo-arrin-cual-1-300x36.jpg 300w, https:\/\/elmetropolitano.com.gt\/es\/wp-content\/uploads\/2021\/11\/cintillo-arrin-cual-1-600x72.jpg 600w\" sizes=\"(max-width: 750px) 100vw, 750px\" width=\"750\" height=\"90\"   \/><\/a><\/div><\/div>\n\n\n\n<p>Por su parte los unionistas por medio del diputado \u00c1lvaro Arz\u00fa Escobar ya lo hab\u00edan juramentado refrendando de esta forma la alianza de ambas instituciones.<\/p>\n\n\n\n<p>Seg\u00fan los analistas pol\u00edticos los Unionistas van en alianza ante el temor que tiene de perder la Municipalidad capitalina por el desgaste del alcalde Ricardo Qui\u00f1ones y el temor de no meter ning\u00fan diputado y que desaparezca por dicho motiv\u00f3 el Partido Unionista. PU.<\/p>\n\n\n\n<p><a href=\"https:\/\/www.facebook.com\/hashtag\/caminoeleccionesgt?__eep__=6&amp;__cft__[0]=AZVBPMBNgnyYwW-A1gqcZAqvWLPEQKahbe4TtVGtsuHHS1d-ODtgJ7E1525emYyW5rK4MtUszn1OhrAnIlFQlRAxPxe7ubxiEE6ia2zNS6g70CEBIugxwCXpGZtqm4Oj9PX7PVseah10lpFjypH-O3bEWEDHaiWrFAkj2UO8idm09nEyaH17PlV7Xa17DAgi5d8&amp;__tn__=*NK-R\">#CaminoEleccionesGT<\/a><\/p>\n\n\n\n<p><a href=\"https:\/\/www.facebook.com\/hashtag\/partidovalor?__eep__=6&amp;__cft__[0]=AZVBPMBNgnyYwW-A1gqcZAqvWLPEQKahbe4TtVGtsuHHS1d-ODtgJ7E1525emYyW5rK4MtUszn1OhrAnIlFQlRAxPxe7ubxiEE6ia2zNS6g70CEBIugxwCXpGZtqm4Oj9PX7PVseah10lpFjypH-O3bEWEDHaiWrFAkj2UO8idm09nEyaH17PlV7Xa17DAgi5d8&amp;__tn__=*NK-R\">#PartidoValor<\/a><a href=\"https:\/\/www.facebook.com\/hashtag\/partidounionista?__eep__=6&amp;__cft__[0]=AZVBPMBNgnyYwW-A1gqcZAqvWLPEQKahbe4TtVGtsuHHS1d-ODtgJ7E1525emYyW5rK4MtUszn1OhrAnIlFQlRAxPxe7ubxiEE6ia2zNS6g70CEBIugxwCXpGZtqm4Oj9PX7PVseah10lpFjypH-O3bEWEDHaiWrFAkj2UO8idm09nEyaH17PlV7Xa17DAgi5d8&amp;__tn__=*NK-R\">#PartidoUnionista<\/a><\/p>\n\n\n\n<figure class=\"wp-block-gallery has-nested-images columns-default is-cropped wp-block-gallery-1 is-layout-flex wp-block-gallery-is-layout-flex\">\n<figure class=\"wp-block-image size-large\"><img loading=\"lazy\" decoding=\"async\" width=\"956\" height=\"1024\" data-id=\"58454\" src=\"https:\/\/elmetropolitano.com.gt\/es\/wp-content\/uploads\/2022\/12\/318455282_583175243808563_2157656331370922227_n-956x1024.jpg\" alt=\"\" class=\"wp-image-58454\" srcset=\"https:\/\/elmetropolitano.com.gt\/es\/wp-content\/uploads\/2022\/12\/318455282_583175243808563_2157656331370922227_n-956x1024.jpg 956w, https:\/\/elmetropolitano.com.gt\/es\/wp-content\/uploads\/2022\/12\/318455282_583175243808563_2157656331370922227_n-280x300.jpg 280w, https:\/\/elmetropolitano.com.gt\/es\/wp-content\/uploads\/2022\/12\/318455282_583175243808563_2157656331370922227_n-768x823.jpg 768w, https:\/\/elmetropolitano.com.gt\/es\/wp-content\/uploads\/2022\/12\/318455282_583175243808563_2157656331370922227_n-600x643.jpg 600w, https:\/\/elmetropolitano.com.gt\/es\/wp-content\/uploads\/2022\/12\/318455282_583175243808563_2157656331370922227_n.jpg 994w\" sizes=\"auto, (max-width: 956px) 100vw, 956px\" \/><\/figure>\n\n\n\n<figure class=\"wp-block-image size-large\"><img loading=\"lazy\" decoding=\"async\" width=\"771\" height=\"581\" data-id=\"58453\" src=\"https:\/\/elmetropolitano.com.gt\/es\/wp-content\/uploads\/2022\/12\/318933907_583174837141937_1079930180614323321_n.jpg\" alt=\"\" class=\"wp-image-58453\" srcset=\"https:\/\/elmetropolitano.com.gt\/es\/wp-content\/uploads\/2022\/12\/318933907_583174837141937_1079930180614323321_n.jpg 771w, https:\/\/elmetropolitano.com.gt\/es\/wp-content\/uploads\/2022\/12\/318933907_583174837141937_1079930180614323321_n-300x226.jpg 300w, https:\/\/elmetropolitano.com.gt\/es\/wp-content\/uploads\/2022\/12\/318933907_583174837141937_1079930180614323321_n-768x579.jpg 768w, https:\/\/elmetropolitano.com.gt\/es\/wp-content\/uploads\/2022\/12\/318933907_583174837141937_1079930180614323321_n-600x452.jpg 600w\" sizes=\"auto, (max-width: 771px) 100vw, 771px\" \/><\/figure>\n\n\n\n<figure class=\"wp-block-image size-large\"><img loading=\"lazy\" decoding=\"async\" width=\"771\" height=\"581\" data-id=\"58455\" src=\"https:\/\/elmetropolitano.com.gt\/es\/wp-content\/uploads\/2022\/12\/318968505_583174890475265_8763478744737138108_n.jpg\" alt=\"\" class=\"wp-image-58455\" srcset=\"https:\/\/elmetropolitano.com.gt\/es\/wp-content\/uploads\/2022\/12\/318968505_583174890475265_8763478744737138108_n.jpg 771w, https:\/\/elmetropolitano.com.gt\/es\/wp-content\/uploads\/2022\/12\/318968505_583174890475265_8763478744737138108_n-300x226.jpg 300w, https:\/\/elmetropolitano.com.gt\/es\/wp-content\/uploads\/2022\/12\/318968505_583174890475265_8763478744737138108_n-768x579.jpg 768w, https:\/\/elmetropolitano.com.gt\/es\/wp-content\/uploads\/2022\/12\/318968505_583174890475265_8763478744737138108_n-600x452.jpg 600w\" sizes=\"auto, (max-width: 771px) 100vw, 771px\" \/><\/figure>\n\n\n\n<figure class=\"wp-block-image size-large\"><img loading=\"lazy\" decoding=\"async\" width=\"768\" height=\"576\" data-id=\"58456\" src=\"https:\/\/elmetropolitano.com.gt\/es\/wp-content\/uploads\/2022\/12\/319061936_583174910475263_3260914056618088524_n.jpg\" alt=\"\" class=\"wp-image-58456\" srcset=\"https:\/\/elmetropolitano.com.gt\/es\/wp-content\/uploads\/2022\/12\/319061936_583174910475263_3260914056618088524_n.jpg 768w, https:\/\/elmetropolitano.com.gt\/es\/wp-content\/uploads\/2022\/12\/319061936_583174910475263_3260914056618088524_n-300x225.jpg 300w, https:\/\/elmetropolitano.com.gt\/es\/wp-content\/uploads\/2022\/12\/319061936_583174910475263_3260914056618088524_n-600x450.jpg 600w\" sizes=\"auto, (max-width: 768px) 100vw, 768px\" \/><\/figure>\n\n\n\n<figure class=\"wp-block-image size-large\"><img loading=\"lazy\" decoding=\"async\" width=\"854\" height=\"570\" data-id=\"58457\" src=\"https:\/\/elmetropolitano.com.gt\/es\/wp-content\/uploads\/2022\/12\/319088012_583175020475252_5944085754474916461_n.jpg\" alt=\"\" class=\"wp-image-58457\" srcset=\"https:\/\/elmetropolitano.com.gt\/es\/wp-content\/uploads\/2022\/12\/319088012_583175020475252_5944085754474916461_n.jpg 854w, https:\/\/elmetropolitano.com.gt\/es\/wp-content\/uploads\/2022\/12\/319088012_583175020475252_5944085754474916461_n-300x200.jpg 300w, https:\/\/elmetropolitano.com.gt\/es\/wp-content\/uploads\/2022\/12\/319088012_583175020475252_5944085754474916461_n-768x513.jpg 768w, https:\/\/elmetropolitano.com.gt\/es\/wp-content\/uploads\/2022\/12\/319088012_583175020475252_5944085754474916461_n-600x400.jpg 600w\" sizes=\"auto, (max-width: 854px) 100vw, 854px\" \/><\/figure>\n<\/figure>\n","protected":false},"excerpt":{"rendered":"<p>El alcalde de la ciudad capital Ricardo Qui\u00f1ones buscar\u00e1 la reelecci\u00f3n en las elecciones generales del Pr\u00f3ximo a\u00f1o en la Alianza del Partido Valor y Unionistas por lo que este jueves fue juramentado por la dirigencia de ambos partidos. La Secretaria General de Valor Ingrid Bernat Cofi\u00f1o juramento la Planilla encabezada por Ricardo Qui\u00f1ones indicando <a class=\"read-more\" href=\"https:\/\/elmetropolitano.com.gt\/es\/alcalde-ricardo-quinonez-va-por-la-reeleccion-en-alianza-valor-unionista\/\">Leer m\u00e1s<\/a><\/p>\n","protected":false},"author":1,"featured_media":58452,"comment_status":"open","ping_status":"closed","sticky":false,"template":"","format":"standard","meta":{"footnotes":""},"categories":[97],"tags":[98],"class_list":["post-58451","post","type-post","status-publish","format-standard","has-post-thumbnail","hentry","category-politica","tag-politica"],"_links":{"self":[{"href":"https:\/\/elmetropolitano.com.gt\/es\/wp-json\/wp\/v2\/posts\/58451","targetHints":{"allow":["GET"]}}],"collection":[{"href":"https:\/\/elmetropolitano.com.gt\/es\/wp-json\/wp\/v2\/posts"}],"about":[{"href":"https:\/\/elmetropolitano.com.gt\/es\/wp-json\/wp\/v2\/types\/post"}],"author":[{"embeddable":true,"href":"https:\/\/elmetropolitano.com.gt\/es\/wp-json\/wp\/v2\/users\/1"}],"replies":[{"embeddable":true,"href":"https:\/\/elmetropolitano.com.gt\/es\/wp-json\/wp\/v2\/comments?post=58451"}],"version-history":[{"count":1,"href":"https:\/\/elmetropolitano.com.gt\/es\/wp-json\/wp\/v2\/posts\/58451\/revisions"}],"predecessor-version":[{"id":58458,"href":"https:\/\/elmetropolitano.com.gt\/es\/wp-json\/wp\/v2\/posts\/58451\/revisions\/58458"}],"wp:featuredmedia":[{"embeddable":true,"href":"https:\/\/elmetropolitano.com.gt\/es\/wp-json\/wp\/v2\/media\/58452"}],"wp:attachment":[{"href":"https:\/\/elmetropolitano.com.gt\/es\/wp-json\/wp\/v2\/media?parent=58451"}],"wp:term":[{"taxonomy":"category","embeddable":true,"href":"https:\/\/elmetropolitano.com.gt\/es\/wp-json\/wp\/v2\/categories?post=58451"},{"taxonomy":"post_tag","embeddable":true,"href":"https:\/\/elmetropolitano.com.gt\/es\/wp-json\/wp\/v2\/tags?post=58451"}],"curies":[{"name":"wp","href":"https:\/\/api.w.org\/{rel}","templated":true}]}}