{"id":58464,"date":"2022-12-09T22:37:58","date_gmt":"2022-12-10T04:37:58","guid":{"rendered":"https:\/\/elmetropolitano.com.gt\/es\/?p=58464"},"modified":"2022-12-09T22:37:59","modified_gmt":"2022-12-10T04:37:59","slug":"lecsan-merida-es-el-precandidato-presidencial-de-los-humanistas","status":"publish","type":"post","link":"https:\/\/elmetropolitano.com.gt\/es\/lecsan-merida-es-el-precandidato-presidencial-de-los-humanistas\/","title":{"rendered":"Lecsan M\u00e9rida es el precandidato presidencial de los humanistas"},"content":{"rendered":"\n<p>El Partido Humanista Guatemala PHG celebrar\u00e1 ma\u00f1ana su Asamblea Nacional Extraordinaria, donde proclamara a su binomio presidencial que ser\u00e1 encabezado por el diputado Rudio Lecsan M\u00e9rida actual Secretario General del Partido seg\u00fan se conoci\u00f3 en fuentes del partido.<\/p>\n\n\n\n<p>La <a><\/a>Asamblea se desarrollara en El Parque de la Industria a partir de las 10 horas donde tambi\u00e9n se elegir\u00e1n a los candidatos a diputados por el listado nacional Parlacen, y en los distritos donde no tiene organizaci\u00f3n pol\u00edtica.<\/p><div class=\"elmet-contenido\" id=\"elmet-1123355202\"><div class=\"elmet-adlabel\">Anuncios<\/div><div style=\"margin-top: 20px;margin-right: 20px;margin-bottom: 20px;margin-left: 20px;\" id=\"elmet-1451293034\"><a href=\"https:\/\/www.facebook.com\/arrincuanantigua\/\" aria-label=\"cintillo-arrin-cual\"><img loading=\"lazy\" decoding=\"async\" src=\"https:\/\/elmetropolitano.com.gt\/es\/wp-content\/uploads\/2021\/11\/cintillo-arrin-cual-1.jpg\" alt=\"\"  srcset=\"https:\/\/elmetropolitano.com.gt\/es\/wp-content\/uploads\/2021\/11\/cintillo-arrin-cual-1.jpg 750w, https:\/\/elmetropolitano.com.gt\/es\/wp-content\/uploads\/2021\/11\/cintillo-arrin-cual-1-300x36.jpg 300w, https:\/\/elmetropolitano.com.gt\/es\/wp-content\/uploads\/2021\/11\/cintillo-arrin-cual-1-600x72.jpg 600w\" sizes=\"(max-width: 750px) 100vw, 750px\" width=\"750\" height=\"90\"   \/><\/a><\/div><\/div>\n\n\n\n<p>El Partido Humanista de Guatemala PHG es un partido pol\u00edtico de centro derecha y fue fundado por Rudio Lecsan M\u00e9rida y fue registrado en el Tribunal Supremo Electoral TSE el 17 de enero de 2017, y en septiembre del 2018 la organizaci\u00f3n concluyo los requisitos y fue oficializado como Partido Pol\u00edtico<\/p>\n\n\n\n<p>Texto: Ram\u00f3n Hern\u00e1ndez S.<\/p>\n\n\n\n<p><a href=\"https:\/\/www.facebook.com\/hashtag\/caminoeleccionesgt?__eep__=6&amp;__cft__[0]=AZW9bpxNrh8Y44Suj3waRb0V_xKy6ojsFIj1fzmX9GOgOppCX-Zj2MgItEeGk-oZJcVYbR-IWvezfpedQwtLgEJCczRqpEs6kiaczTTZLeF2o5O2xTHtqbUO5fWL9xFVzwcqHoLlkgnnRdTBJFudRboBcIg_xsa89AlA01dzvhYeSDMVa9NNGaRLEshAYcks39k&amp;__tn__=*NK-R\">#CaminoEleccionesGT<\/a><a href=\"https:\/\/www.facebook.com\/hashtag\/afiliate?__eep__=6&amp;__cft__[0]=AZW9bpxNrh8Y44Suj3waRb0V_xKy6ojsFIj1fzmX9GOgOppCX-Zj2MgItEeGk-oZJcVYbR-IWvezfpedQwtLgEJCczRqpEs6kiaczTTZLeF2o5O2xTHtqbUO5fWL9xFVzwcqHoLlkgnnRdTBJFudRboBcIg_xsa89AlA01dzvhYeSDMVa9NNGaRLEshAYcks39k&amp;__tn__=*NK-R\">#Afiliate<\/a><a href=\"https:\/\/www.facebook.com\/hashtag\/partidohumanista?__eep__=6&amp;__cft__[0]=AZW9bpxNrh8Y44Suj3waRb0V_xKy6ojsFIj1fzmX9GOgOppCX-Zj2MgItEeGk-oZJcVYbR-IWvezfpedQwtLgEJCczRqpEs6kiaczTTZLeF2o5O2xTHtqbUO5fWL9xFVzwcqHoLlkgnnRdTBJFudRboBcIg_xsa89AlA01dzvhYeSDMVa9NNGaRLEshAYcks39k&amp;__tn__=*NK-R\">#PartidoHumanista<\/a><\/p>\n\n\n\n<p><a href=\"https:\/\/www.facebook.com\/hashtag\/metroredes?__eep__=6&amp;__cft__[0]=AZW9bpxNrh8Y44Suj3waRb0V_xKy6ojsFIj1fzmX9GOgOppCX-Zj2MgItEeGk-oZJcVYbR-IWvezfpedQwtLgEJCczRqpEs6kiaczTTZLeF2o5O2xTHtqbUO5fWL9xFVzwcqHoLlkgnnRdTBJFudRboBcIg_xsa89AlA01dzvhYeSDMVa9NNGaRLEshAYcks39k&amp;__tn__=*NK-R\">#MetroRedes<\/a><a href=\"https:\/\/www.facebook.com\/hashtag\/cr%C3%B3nicagt?__eep__=6&amp;__cft__[0]=AZW9bpxNrh8Y44Suj3waRb0V_xKy6ojsFIj1fzmX9GOgOppCX-Zj2MgItEeGk-oZJcVYbR-IWvezfpedQwtLgEJCczRqpEs6kiaczTTZLeF2o5O2xTHtqbUO5fWL9xFVzwcqHoLlkgnnRdTBJFudRboBcIg_xsa89AlA01dzvhYeSDMVa9NNGaRLEshAYcks39k&amp;__tn__=*NK-R\">#Cr\u00f3nicaGT<\/a><\/p>\n\n\n\n<p><\/p>\n","protected":false},"excerpt":{"rendered":"<p>El Partido Humanista Guatemala PHG celebrar\u00e1 ma\u00f1ana su Asamblea Nacional Extraordinaria, donde proclamara a su binomio presidencial que ser\u00e1 encabezado por el diputado Rudio Lecsan M\u00e9rida actual Secretario General del Partido seg\u00fan se conoci\u00f3 en fuentes del partido. La Asamblea se desarrollara en El Parque de la Industria a partir de las 10 horas donde <a class=\"read-more\" href=\"https:\/\/elmetropolitano.com.gt\/es\/lecsan-merida-es-el-precandidato-presidencial-de-los-humanistas\/\">Leer m\u00e1s<\/a><\/p>\n","protected":false},"author":1,"featured_media":58465,"comment_status":"open","ping_status":"closed","sticky":false,"template":"","format":"standard","meta":{"footnotes":""},"categories":[97],"tags":[98],"class_list":["post-58464","post","type-post","status-publish","format-standard","has-post-thumbnail","hentry","category-politica","tag-politica"],"_links":{"self":[{"href":"https:\/\/elmetropolitano.com.gt\/es\/wp-json\/wp\/v2\/posts\/58464","targetHints":{"allow":["GET"]}}],"collection":[{"href":"https:\/\/elmetropolitano.com.gt\/es\/wp-json\/wp\/v2\/posts"}],"about":[{"href":"https:\/\/elmetropolitano.com.gt\/es\/wp-json\/wp\/v2\/types\/post"}],"author":[{"embeddable":true,"href":"https:\/\/elmetropolitano.com.gt\/es\/wp-json\/wp\/v2\/users\/1"}],"replies":[{"embeddable":true,"href":"https:\/\/elmetropolitano.com.gt\/es\/wp-json\/wp\/v2\/comments?post=58464"}],"version-history":[{"count":1,"href":"https:\/\/elmetropolitano.com.gt\/es\/wp-json\/wp\/v2\/posts\/58464\/revisions"}],"predecessor-version":[{"id":58466,"href":"https:\/\/elmetropolitano.com.gt\/es\/wp-json\/wp\/v2\/posts\/58464\/revisions\/58466"}],"wp:featuredmedia":[{"embeddable":true,"href":"https:\/\/elmetropolitano.com.gt\/es\/wp-json\/wp\/v2\/media\/58465"}],"wp:attachment":[{"href":"https:\/\/elmetropolitano.com.gt\/es\/wp-json\/wp\/v2\/media?parent=58464"}],"wp:term":[{"taxonomy":"category","embeddable":true,"href":"https:\/\/elmetropolitano.com.gt\/es\/wp-json\/wp\/v2\/categories?post=58464"},{"taxonomy":"post_tag","embeddable":true,"href":"https:\/\/elmetropolitano.com.gt\/es\/wp-json\/wp\/v2\/tags?post=58464"}],"curies":[{"name":"wp","href":"https:\/\/api.w.org\/{rel}","templated":true}]}}