{"id":58477,"date":"2022-12-09T22:43:37","date_gmt":"2022-12-10T04:43:37","guid":{"rendered":"https:\/\/elmetropolitano.com.gt\/es\/?p=58477"},"modified":"2022-12-09T22:43:39","modified_gmt":"2022-12-10T04:43:39","slug":"vecinos-de-ciudad-san-cristobal-piden-que-ya-no-se-compre-en-plaza-futeca-por-cobro-de-parqueo","status":"publish","type":"post","link":"https:\/\/elmetropolitano.com.gt\/es\/vecinos-de-ciudad-san-cristobal-piden-que-ya-no-se-compre-en-plaza-futeca-por-cobro-de-parqueo\/","title":{"rendered":"Vecinos de Ciudad San Crist\u00f3bal piden que ya no se compre en Plaza Futeca por cobro de parqueo"},"content":{"rendered":"\n<p>Vecinos de Ciudad San Crist\u00f3bal prefieren ya no ir a comprar a PLAZA FUTECA de Ciudad San Crist\u00f3bal por que ahora cobran Q5 por hora de Parqueo, o sea lo que compre cuesta cinco quetzales m\u00e1s caro auque usted llegue solo a tomar un caf\u00e9 ahora es m\u00e1s caro.<\/p>\n\n\n\n<p><a><\/a>\u201cEstos abusos deben parar no se por que el Presidente Alejandro Giammattei no pone precio tope al Parqueo, solo \u00e9l lo puede hacer nadie m\u00e1s. es un abuso de los ricos del pa\u00eds cada d\u00eda m\u00e1s ricos, el Parqueo debe ser gratis aqu\u00ed en todo el pa\u00eds\u201d expresa Ram\u00f3n Santos<\/p><div class=\"elmet-contenido\" id=\"elmet-2851988915\"><div class=\"elmet-adlabel\">Anuncios<\/div><div style=\"margin-top: 20px;margin-right: 20px;margin-bottom: 20px;margin-left: 20px;\" id=\"elmet-3403701510\"><a href=\"https:\/\/www.facebook.com\/arrincuanantigua\/\" aria-label=\"cintillo-arrin-cual\"><img loading=\"lazy\" decoding=\"async\" src=\"https:\/\/elmetropolitano.com.gt\/es\/wp-content\/uploads\/2021\/11\/cintillo-arrin-cual-1.jpg\" alt=\"\"  srcset=\"https:\/\/elmetropolitano.com.gt\/es\/wp-content\/uploads\/2021\/11\/cintillo-arrin-cual-1.jpg 750w, https:\/\/elmetropolitano.com.gt\/es\/wp-content\/uploads\/2021\/11\/cintillo-arrin-cual-1-300x36.jpg 300w, https:\/\/elmetropolitano.com.gt\/es\/wp-content\/uploads\/2021\/11\/cintillo-arrin-cual-1-600x72.jpg 600w\" sizes=\"(max-width: 750px) 100vw, 750px\" width=\"750\" height=\"90\"   \/><\/a><\/div><\/div>\n\n\n\n<p>Ahora el Parqueo de Plaza Futeca se ve con menos carga vehicular \u201ces mejor comprar en los comercios donde no cobran Parqueo como Plaza San Crist\u00f3bal o Mix Comercial hay varios\u201d expresa Karla Aguilar quien llego de compras a Cemaco Express<\/p>\n\n\n\n<p>Por su parte Damaris Aguilar dijo que \u201clos ricos cada d\u00eda se hacen m\u00e1s rico a costillas de uno, aqu\u00ed no hay que venir a comprar hay otros comercios para hacerlo dudo que regrese\u201d<\/p>\n\n\n\n<p><a href=\"https:\/\/www.facebook.com\/hashtag\/metroredes?__eep__=6&amp;__cft__[0]=AZWuc4ZSTiPJGSslOs_s0haXj0CBTFr9XXsr4Oqpl5NdZbzbsODB4x506gIw0ut2jSWOF0vlodbo5serkNP5lcHU5HmUqyhAjS5nwltK7LweeG-ClO3Aarzq_3SK1LKs3XlKXZYreQUf-TgB8SUBTB_wXGKItIyjio3PSm5d7BGO5Hl84NtY6V4jwe9qt8rsixs&amp;__tn__=*NK-R\">#Metroredes<\/a><a href=\"https:\/\/www.facebook.com\/hashtag\/plazafuteca?__eep__=6&amp;__cft__[0]=AZWuc4ZSTiPJGSslOs_s0haXj0CBTFr9XXsr4Oqpl5NdZbzbsODB4x506gIw0ut2jSWOF0vlodbo5serkNP5lcHU5HmUqyhAjS5nwltK7LweeG-ClO3Aarzq_3SK1LKs3XlKXZYreQUf-TgB8SUBTB_wXGKItIyjio3PSm5d7BGO5Hl84NtY6V4jwe9qt8rsixs&amp;__tn__=*NK-R\">#PlazaFuteca<\/a><\/p>\n\n\n\n<figure class=\"wp-block-gallery has-nested-images columns-default is-cropped wp-block-gallery-1 is-layout-flex wp-block-gallery-is-layout-flex\">\n<figure class=\"wp-block-image size-large\"><img loading=\"lazy\" decoding=\"async\" width=\"768\" height=\"1024\" data-id=\"58481\" src=\"https:\/\/elmetropolitano.com.gt\/es\/wp-content\/uploads\/2022\/12\/318747998_583857913740296_4212717471924706251_n-1-768x1024.jpg\" alt=\"\" class=\"wp-image-58481\" srcset=\"https:\/\/elmetropolitano.com.gt\/es\/wp-content\/uploads\/2022\/12\/318747998_583857913740296_4212717471924706251_n-1-768x1024.jpg 768w, https:\/\/elmetropolitano.com.gt\/es\/wp-content\/uploads\/2022\/12\/318747998_583857913740296_4212717471924706251_n-1-225x300.jpg 225w, https:\/\/elmetropolitano.com.gt\/es\/wp-content\/uploads\/2022\/12\/318747998_583857913740296_4212717471924706251_n-1-1152x1536.jpg 1152w, https:\/\/elmetropolitano.com.gt\/es\/wp-content\/uploads\/2022\/12\/318747998_583857913740296_4212717471924706251_n-1-600x800.jpg 600w, https:\/\/elmetropolitano.com.gt\/es\/wp-content\/uploads\/2022\/12\/318747998_583857913740296_4212717471924706251_n-1.jpg 1536w\" sizes=\"auto, (max-width: 768px) 100vw, 768px\" \/><\/figure>\n\n\n\n<figure class=\"wp-block-image size-large\"><img loading=\"lazy\" decoding=\"async\" width=\"720\" height=\"960\" data-id=\"58480\" src=\"https:\/\/elmetropolitano.com.gt\/es\/wp-content\/uploads\/2022\/12\/319282132_583857530407001_3749098412228589760_n.jpg\" alt=\"\" class=\"wp-image-58480\" srcset=\"https:\/\/elmetropolitano.com.gt\/es\/wp-content\/uploads\/2022\/12\/319282132_583857530407001_3749098412228589760_n.jpg 720w, https:\/\/elmetropolitano.com.gt\/es\/wp-content\/uploads\/2022\/12\/319282132_583857530407001_3749098412228589760_n-225x300.jpg 225w, https:\/\/elmetropolitano.com.gt\/es\/wp-content\/uploads\/2022\/12\/319282132_583857530407001_3749098412228589760_n-600x800.jpg 600w\" sizes=\"auto, (max-width: 720px) 100vw, 720px\" \/><\/figure>\n<\/figure>\n","protected":false},"excerpt":{"rendered":"<p>Vecinos de Ciudad San Crist\u00f3bal prefieren ya no ir a comprar a PLAZA FUTECA de Ciudad San Crist\u00f3bal por que ahora cobran Q5 por hora de Parqueo, o sea lo que compre cuesta cinco quetzales m\u00e1s caro auque usted llegue solo a tomar un caf\u00e9 ahora es m\u00e1s caro. \u201cEstos abusos deben parar no se <a class=\"read-more\" href=\"https:\/\/elmetropolitano.com.gt\/es\/vecinos-de-ciudad-san-cristobal-piden-que-ya-no-se-compre-en-plaza-futeca-por-cobro-de-parqueo\/\">Leer m\u00e1s<\/a><\/p>\n","protected":false},"author":1,"featured_media":58479,"comment_status":"open","ping_status":"closed","sticky":false,"template":"","format":"standard","meta":{"footnotes":""},"categories":[3],"tags":[10],"class_list":["post-58477","post","type-post","status-publish","format-standard","has-post-thumbnail","hentry","category-locales","tag-locales"],"_links":{"self":[{"href":"https:\/\/elmetropolitano.com.gt\/es\/wp-json\/wp\/v2\/posts\/58477","targetHints":{"allow":["GET"]}}],"collection":[{"href":"https:\/\/elmetropolitano.com.gt\/es\/wp-json\/wp\/v2\/posts"}],"about":[{"href":"https:\/\/elmetropolitano.com.gt\/es\/wp-json\/wp\/v2\/types\/post"}],"author":[{"embeddable":true,"href":"https:\/\/elmetropolitano.com.gt\/es\/wp-json\/wp\/v2\/users\/1"}],"replies":[{"embeddable":true,"href":"https:\/\/elmetropolitano.com.gt\/es\/wp-json\/wp\/v2\/comments?post=58477"}],"version-history":[{"count":1,"href":"https:\/\/elmetropolitano.com.gt\/es\/wp-json\/wp\/v2\/posts\/58477\/revisions"}],"predecessor-version":[{"id":58482,"href":"https:\/\/elmetropolitano.com.gt\/es\/wp-json\/wp\/v2\/posts\/58477\/revisions\/58482"}],"wp:featuredmedia":[{"embeddable":true,"href":"https:\/\/elmetropolitano.com.gt\/es\/wp-json\/wp\/v2\/media\/58479"}],"wp:attachment":[{"href":"https:\/\/elmetropolitano.com.gt\/es\/wp-json\/wp\/v2\/media?parent=58477"}],"wp:term":[{"taxonomy":"category","embeddable":true,"href":"https:\/\/elmetropolitano.com.gt\/es\/wp-json\/wp\/v2\/categories?post=58477"},{"taxonomy":"post_tag","embeddable":true,"href":"https:\/\/elmetropolitano.com.gt\/es\/wp-json\/wp\/v2\/tags?post=58477"}],"curies":[{"name":"wp","href":"https:\/\/api.w.org\/{rel}","templated":true}]}}