{"id":58483,"date":"2022-12-09T22:45:25","date_gmt":"2022-12-10T04:45:25","guid":{"rendered":"https:\/\/elmetropolitano.com.gt\/es\/?p=58483"},"modified":"2022-12-09T22:45:26","modified_gmt":"2022-12-10T04:45:26","slug":"cemaco-recibe-galardon-anual-por-su-aporte-al-desarrollo-del-pais","status":"publish","type":"post","link":"https:\/\/elmetropolitano.com.gt\/es\/cemaco-recibe-galardon-anual-por-su-aporte-al-desarrollo-del-pais\/","title":{"rendered":"CEMACO recibe galard\u00f3n anual por su aporte al desarrollo del pa\u00eds"},"content":{"rendered":"\n<p>CEMACO fue reconocido con el Galard\u00f3n a la Productividad y Competitividad Ricardo Castillo Sinibaldi, por el Instituto T\u00e9cnico de Capacitaci\u00f3n y Productividad (Intecap), por su productividad, innovaci\u00f3n, expansi\u00f3n y competitividad en los procesos productivos y la capacitaci\u00f3n del personal.<\/p>\n\n\n\n<p>El <a><\/a>Galard\u00f3n se entrega desde hace 18 a\u00f1os a las empresas que evidencian su contribuci\u00f3n en acciones que conlleven enfoque de productividad y competitividad y cuya calidad la demuestren con imagen, trayectoria, intervenci\u00f3n en su mercado objetivo, reconocimientos objetivos y otros. Este a\u00f1o CEMACO recibi\u00f3 este honor, reconoci\u00e9ndola como una empresa que ha engrandecido a Guatemala y contribuido con su desarrollo.<\/p><div class=\"elmet-contenido\" id=\"elmet-1302202733\"><div class=\"elmet-adlabel\">Anuncios<\/div><div style=\"margin-top: 20px;margin-right: 20px;margin-bottom: 20px;margin-left: 20px;\" id=\"elmet-2691205243\"><a href=\"https:\/\/www.facebook.com\/arrincuanantigua\/\" aria-label=\"cintillo-arrin-cual\"><img loading=\"lazy\" decoding=\"async\" src=\"https:\/\/elmetropolitano.com.gt\/es\/wp-content\/uploads\/2021\/11\/cintillo-arrin-cual-1.jpg\" alt=\"\"  srcset=\"https:\/\/elmetropolitano.com.gt\/es\/wp-content\/uploads\/2021\/11\/cintillo-arrin-cual-1.jpg 750w, https:\/\/elmetropolitano.com.gt\/es\/wp-content\/uploads\/2021\/11\/cintillo-arrin-cual-1-300x36.jpg 300w, https:\/\/elmetropolitano.com.gt\/es\/wp-content\/uploads\/2021\/11\/cintillo-arrin-cual-1-600x72.jpg 600w\" sizes=\"(max-width: 750px) 100vw, 750px\" width=\"750\" height=\"90\"   \/><\/a><\/div><\/div>\n\n\n\n<p>\u201cEs para nosotros un honor recibir este galard\u00f3n donde se reconoce el trabajo que por m\u00e1s de 45 a\u00f1os ha realizado CEMACO buscando ser una empresa que genera impacto positivo en Guatemala. Estamos comprometidos con el desarrollo del pa\u00eds, nuestros colaboradores y la sociedad en general, con el firme prop\u00f3sito de mejorar nuestro pa\u00eds un hogar a la vez\u201d, coment\u00f3 Andrea Izas, Gerente de Mercadeo de CEMACO.<\/p>\n\n\n\n<p>Siendo l\u00edderes en su categor\u00eda y orgullosos de ser 100% guatemaltecos, CEMACO cuenta con 45 a\u00f1os de historia, durante los cuales ha logrado llegar cada vez m\u00e1s cerca de sus clientes a trav\u00e9s de sus 21 tiendas en todo el pa\u00eds, su tienda en l\u00ednea <a href=\"https:\/\/l.facebook.com\/l.php?u=http%3A%2F%2FCEMACO.com%2F%3Ffbclid%3DIwAR0SivNFRtbCELig-4b8nSdplrMLNgt6-41mD0nZUgb4vTH6upKwbqm6Prk&amp;h=AT1_WhhZT7fPywnfaH5uNYrKfLYyweCKOUMx13nVwc_A2UHfnTKjRTRGBimeurqUb8z68zyKhIUWBqyhSgUwOYOJIF-3q8OFF6-SuWD5MQxesdtItG_ai35rpGvLCIskh8lf&amp;__tn__=-UK-R&amp;c[0]=AT3LFxAZKVPY5jBF9Ru-ScJcltvZdupFDuTxA9wfXj_W-W2p1IzhKmcFoPhlSyiglSLPPGZ9FPPeXTrUwmVqLgQ0xNQJhIfB2YqZyQ2TwYFH37jEHsk-KcldLBqEbYH_GP0e8JLaqUEJibnqjxT5VbHogOB8iM25J460KW6cDNGIMyiF6rfZu3o0JJPz2khWLY1IQ7iBbhXo\" rel=\"noreferrer noopener\" target=\"_blank\">CEMACO.com<\/a> que es reconocida como la tienda n\u00famero uno de venta en l\u00ednea del pa\u00eds, y su servicio especializado a los negocios a trav\u00e9s de la divisi\u00f3n de Servicio a Empresas.<\/p>\n\n\n\n<p>CEMACO invierte en su equipo y dedica miles de horas a capacitaci\u00f3n constante. Activamente apoya a su equipo, a las comunidades guatemaltecas y al medio ambiente, a trav\u00e9s de varias iniciativas. Promueve el talento nacional, las creaciones de artesanos y mujeres emprendedoras; est\u00e1 comprometido con la educaci\u00f3n de la ni\u00f1ez guatemalteca y la protecci\u00f3n de los bosques. Como parte de su compromiso, cuenta con la certificaci\u00f3n de Sistema B, la cual certifica la operaci\u00f3n y su compromiso en cumplir los m\u00e1s altos est\u00e1ndares de sostenibilidad a nivel mundial.<\/p>\n\n\n\n<p><a href=\"https:\/\/www.facebook.com\/hashtag\/cemaco?__eep__=6&amp;__cft__[0]=AZXeZqNP1KalCppaTpQehqeirEpSJNQDyU4DRQsfAAsFs9wQyZY0lKaXrAWiULhjpjyCZCAj1r63BF2oH-CCPYavPQR4LTQxulJTJVEw6x050_EELN_8pzrz9L3fHDKWu83yaTFNkasrjMt7j5Z-_QTHIyhBkJURkWHmahFR5Y0COo-dhXt0nDEmRdVplARmxpI&amp;__tn__=*NK-R\">#Cemaco<\/a><a href=\"https:\/\/www.facebook.com\/hashtag\/metroredes?__eep__=6&amp;__cft__[0]=AZXeZqNP1KalCppaTpQehqeirEpSJNQDyU4DRQsfAAsFs9wQyZY0lKaXrAWiULhjpjyCZCAj1r63BF2oH-CCPYavPQR4LTQxulJTJVEw6x050_EELN_8pzrz9L3fHDKWu83yaTFNkasrjMt7j5Z-_QTHIyhBkJURkWHmahFR5Y0COo-dhXt0nDEmRdVplARmxpI&amp;__tn__=*NK-R\">#metroredes<\/a><\/p>\n\n\n\n<p><\/p>\n","protected":false},"excerpt":{"rendered":"<p>CEMACO fue reconocido con el Galard\u00f3n a la Productividad y Competitividad Ricardo Castillo Sinibaldi, por el Instituto T\u00e9cnico de Capacitaci\u00f3n y Productividad (Intecap), por su productividad, innovaci\u00f3n, expansi\u00f3n y competitividad en los procesos productivos y la capacitaci\u00f3n del personal. El Galard\u00f3n se entrega desde hace 18 a\u00f1os a las empresas que evidencian su contribuci\u00f3n en <a class=\"read-more\" href=\"https:\/\/elmetropolitano.com.gt\/es\/cemaco-recibe-galardon-anual-por-su-aporte-al-desarrollo-del-pais\/\">Leer m\u00e1s<\/a><\/p>\n","protected":false},"author":1,"featured_media":58484,"comment_status":"open","ping_status":"closed","sticky":false,"template":"","format":"standard","meta":{"footnotes":""},"categories":[31],"tags":[32],"class_list":["post-58483","post","type-post","status-publish","format-standard","has-post-thumbnail","hentry","category-metroimpulso","tag-metroimpulso"],"_links":{"self":[{"href":"https:\/\/elmetropolitano.com.gt\/es\/wp-json\/wp\/v2\/posts\/58483","targetHints":{"allow":["GET"]}}],"collection":[{"href":"https:\/\/elmetropolitano.com.gt\/es\/wp-json\/wp\/v2\/posts"}],"about":[{"href":"https:\/\/elmetropolitano.com.gt\/es\/wp-json\/wp\/v2\/types\/post"}],"author":[{"embeddable":true,"href":"https:\/\/elmetropolitano.com.gt\/es\/wp-json\/wp\/v2\/users\/1"}],"replies":[{"embeddable":true,"href":"https:\/\/elmetropolitano.com.gt\/es\/wp-json\/wp\/v2\/comments?post=58483"}],"version-history":[{"count":1,"href":"https:\/\/elmetropolitano.com.gt\/es\/wp-json\/wp\/v2\/posts\/58483\/revisions"}],"predecessor-version":[{"id":58485,"href":"https:\/\/elmetropolitano.com.gt\/es\/wp-json\/wp\/v2\/posts\/58483\/revisions\/58485"}],"wp:featuredmedia":[{"embeddable":true,"href":"https:\/\/elmetropolitano.com.gt\/es\/wp-json\/wp\/v2\/media\/58484"}],"wp:attachment":[{"href":"https:\/\/elmetropolitano.com.gt\/es\/wp-json\/wp\/v2\/media?parent=58483"}],"wp:term":[{"taxonomy":"category","embeddable":true,"href":"https:\/\/elmetropolitano.com.gt\/es\/wp-json\/wp\/v2\/categories?post=58483"},{"taxonomy":"post_tag","embeddable":true,"href":"https:\/\/elmetropolitano.com.gt\/es\/wp-json\/wp\/v2\/tags?post=58483"}],"curies":[{"name":"wp","href":"https:\/\/api.w.org\/{rel}","templated":true}]}}