{"id":58489,"date":"2022-12-09T22:48:14","date_gmt":"2022-12-10T04:48:14","guid":{"rendered":"https:\/\/elmetropolitano.com.gt\/es\/?p=58489"},"modified":"2022-12-09T22:48:15","modified_gmt":"2022-12-10T04:48:15","slug":"entregan-reconocimiento-al-alcalde-de-san-lucas-jorge-adan-dieguez","status":"publish","type":"post","link":"https:\/\/elmetropolitano.com.gt\/es\/entregan-reconocimiento-al-alcalde-de-san-lucas-jorge-adan-dieguez\/","title":{"rendered":"Entregan reconocimiento al alcalde de San Lucas, Jorge Ad\u00e1n Di\u00e9guez"},"content":{"rendered":"\n<p>Como parte de su gesti\u00f3n municipal y el buen desempe\u00f1o administrativo a un municipio en desarrollo, la fundaci\u00f3n para el desarrollo de Guatemala, FUNDESA, entreg\u00f3 un reconocimiento al alcalde municipal, Jorge Ad\u00e1n Rodr\u00edguez, por haber logrado la mejor evaluaci\u00f3n en el pilar tama\u00f1o de mercado en el \u00edndice de competitividad local 2022.<\/p>\n\n\n\n<p>De igual manera, a dicha administraci\u00f3n le otorgaron otros reconocimientos por <a><\/a>parte de la misma instituci\u00f3n, por el impulso a la competitividad en su municipio y estar dentro de los 10 municipios m\u00e1s competitivos del pa\u00eds en los resultados del \u00edndice de competitividad local del a\u00f1o 2022.<\/p><div class=\"elmet-contenido\" id=\"elmet-3012190106\"><div class=\"elmet-adlabel\">Anuncios<\/div><div style=\"margin-top: 20px;margin-right: 20px;margin-bottom: 20px;margin-left: 20px;\" id=\"elmet-2179361453\"><a href=\"https:\/\/www.facebook.com\/arrincuanantigua\/\" aria-label=\"cintillo-arrin-cual\"><img loading=\"lazy\" decoding=\"async\" src=\"https:\/\/elmetropolitano.com.gt\/es\/wp-content\/uploads\/2021\/11\/cintillo-arrin-cual-1.jpg\" alt=\"\"  srcset=\"https:\/\/elmetropolitano.com.gt\/es\/wp-content\/uploads\/2021\/11\/cintillo-arrin-cual-1.jpg 750w, https:\/\/elmetropolitano.com.gt\/es\/wp-content\/uploads\/2021\/11\/cintillo-arrin-cual-1-300x36.jpg 300w, https:\/\/elmetropolitano.com.gt\/es\/wp-content\/uploads\/2021\/11\/cintillo-arrin-cual-1-600x72.jpg 600w\" sizes=\"(max-width: 750px) 100vw, 750px\" width=\"750\" height=\"90\"   \/><\/a><\/div><\/div>\n\n\n\n<p>El alcalde manifest\u00f3 su satisfacci\u00f3n por seguir creciendo como municipio no solamente en infraestructura, sino que tambi\u00e9n en cultura, educaci\u00f3n y comercio local, \u201ces la primera vez que se reconoce a San Lucas Sacatep\u00e9quez en materia de comercio y mercado local\u201d, indic\u00f3 Jorge Ad\u00e1n Rodr\u00edguez.<\/p>\n\n\n\n<p>Por su parte el presidente de FUNDESA, Juan Carlos Pa\u00edz, reconoci\u00f3 a otros alcaldes que estuvieron presente en dicha actividad por ser un ejemplo en sus municipios y seguir avanzando en diferentes componentes de la gesti\u00f3n municipal, que permite aumentar la productividad y por ende el desarrollo y superaci\u00f3n en los hogares de los sanluque\u00f1os quienes pueden ver los avances y el desarrollo.<\/p>\n\n\n\n<p><a href=\"https:\/\/www.facebook.com\/hashtag\/fundesa?__eep__=6&amp;__cft__[0]=AZX94pD-m0nlCACyVnHbB2Gv6Hbd1TTcVccZfdFdEHJoxj5aUqhbQJT34hks33coRT0-AEHcTRMLleH4NEDGyVbFjpnv90R6IkclbY3wSKl5u3N2Y9qv60L148nT6PRofgEyhiKjg6wG-xDRVzGlH3ARfvELzQ8MvqU3hoxPASvF80sOhJ01UAKaRLqNA1IUnYw&amp;__tn__=*NK-R\">#Fundesa<\/a><a href=\"https:\/\/www.facebook.com\/hashtag\/metroredes?__eep__=6&amp;__cft__[0]=AZX94pD-m0nlCACyVnHbB2Gv6Hbd1TTcVccZfdFdEHJoxj5aUqhbQJT34hks33coRT0-AEHcTRMLleH4NEDGyVbFjpnv90R6IkclbY3wSKl5u3N2Y9qv60L148nT6PRofgEyhiKjg6wG-xDRVzGlH3ARfvELzQ8MvqU3hoxPASvF80sOhJ01UAKaRLqNA1IUnYw&amp;__tn__=*NK-R\">#metroredes<\/a><a href=\"https:\/\/www.facebook.com\/hashtag\/munisanlucas?__eep__=6&amp;__cft__[0]=AZX94pD-m0nlCACyVnHbB2Gv6Hbd1TTcVccZfdFdEHJoxj5aUqhbQJT34hks33coRT0-AEHcTRMLleH4NEDGyVbFjpnv90R6IkclbY3wSKl5u3N2Y9qv60L148nT6PRofgEyhiKjg6wG-xDRVzGlH3ARfvELzQ8MvqU3hoxPASvF80sOhJ01UAKaRLqNA1IUnYw&amp;__tn__=*NK-R\">#Munisanlucas<\/a><\/p>\n\n\n\n<p><\/p>\n","protected":false},"excerpt":{"rendered":"<p>Como parte de su gesti\u00f3n municipal y el buen desempe\u00f1o administrativo a un municipio en desarrollo, la fundaci\u00f3n para el desarrollo de Guatemala, FUNDESA, entreg\u00f3 un reconocimiento al alcalde municipal, Jorge Ad\u00e1n Rodr\u00edguez, por haber logrado la mejor evaluaci\u00f3n en el pilar tama\u00f1o de mercado en el \u00edndice de competitividad local 2022. De igual manera, <a class=\"read-more\" href=\"https:\/\/elmetropolitano.com.gt\/es\/entregan-reconocimiento-al-alcalde-de-san-lucas-jorge-adan-dieguez\/\">Leer m\u00e1s<\/a><\/p>\n","protected":false},"author":1,"featured_media":58490,"comment_status":"open","ping_status":"closed","sticky":false,"template":"","format":"standard","meta":{"footnotes":""},"categories":[3],"tags":[10],"class_list":["post-58489","post","type-post","status-publish","format-standard","has-post-thumbnail","hentry","category-locales","tag-locales"],"_links":{"self":[{"href":"https:\/\/elmetropolitano.com.gt\/es\/wp-json\/wp\/v2\/posts\/58489","targetHints":{"allow":["GET"]}}],"collection":[{"href":"https:\/\/elmetropolitano.com.gt\/es\/wp-json\/wp\/v2\/posts"}],"about":[{"href":"https:\/\/elmetropolitano.com.gt\/es\/wp-json\/wp\/v2\/types\/post"}],"author":[{"embeddable":true,"href":"https:\/\/elmetropolitano.com.gt\/es\/wp-json\/wp\/v2\/users\/1"}],"replies":[{"embeddable":true,"href":"https:\/\/elmetropolitano.com.gt\/es\/wp-json\/wp\/v2\/comments?post=58489"}],"version-history":[{"count":1,"href":"https:\/\/elmetropolitano.com.gt\/es\/wp-json\/wp\/v2\/posts\/58489\/revisions"}],"predecessor-version":[{"id":58491,"href":"https:\/\/elmetropolitano.com.gt\/es\/wp-json\/wp\/v2\/posts\/58489\/revisions\/58491"}],"wp:featuredmedia":[{"embeddable":true,"href":"https:\/\/elmetropolitano.com.gt\/es\/wp-json\/wp\/v2\/media\/58490"}],"wp:attachment":[{"href":"https:\/\/elmetropolitano.com.gt\/es\/wp-json\/wp\/v2\/media?parent=58489"}],"wp:term":[{"taxonomy":"category","embeddable":true,"href":"https:\/\/elmetropolitano.com.gt\/es\/wp-json\/wp\/v2\/categories?post=58489"},{"taxonomy":"post_tag","embeddable":true,"href":"https:\/\/elmetropolitano.com.gt\/es\/wp-json\/wp\/v2\/tags?post=58489"}],"curies":[{"name":"wp","href":"https:\/\/api.w.org\/{rel}","templated":true}]}}