{"id":58519,"date":"2022-12-10T14:07:25","date_gmt":"2022-12-10T20:07:25","guid":{"rendered":"https:\/\/elmetropolitano.com.gt\/es\/?p=58519"},"modified":"2022-12-10T14:07:26","modified_gmt":"2022-12-10T20:07:26","slug":"escuintla-da-seguimiento-a-solicitudes-y-compromisos-presidenciales","status":"publish","type":"post","link":"https:\/\/elmetropolitano.com.gt\/es\/escuintla-da-seguimiento-a-solicitudes-y-compromisos-presidenciales\/","title":{"rendered":"Escuintla da seguimiento a solicitudes y compromisos presidenciales"},"content":{"rendered":"\n<p>El presidente Alejandro Giammattei y ministros y secretarios de Estado explicaron a los alcaldes de Escuintla los avances de los programas y proyectos que benefician a los guatemaltecos.<\/p>\n\n\n\n<p>En la reuni\u00f3n el gobernante explic\u00f3 que Escuintla presenta una inversi\u00f3n hist\u00f3rica que asciende a 7 mil 527.19 millones de quetzales.<\/p><div class=\"elmet-contenido\" id=\"elmet-1100958287\"><div class=\"elmet-adlabel\">Anuncios<\/div><div style=\"margin-top: 20px;margin-right: 20px;margin-bottom: 20px;margin-left: 20px;\" id=\"elmet-1221209753\"><a href=\"https:\/\/www.facebook.com\/arrincuanantigua\/\" aria-label=\"cintillo-arrin-cual\"><img loading=\"lazy\" decoding=\"async\" src=\"https:\/\/elmetropolitano.com.gt\/es\/wp-content\/uploads\/2021\/11\/cintillo-arrin-cual-1.jpg\" alt=\"\"  srcset=\"https:\/\/elmetropolitano.com.gt\/es\/wp-content\/uploads\/2021\/11\/cintillo-arrin-cual-1.jpg 750w, https:\/\/elmetropolitano.com.gt\/es\/wp-content\/uploads\/2021\/11\/cintillo-arrin-cual-1-300x36.jpg 300w, https:\/\/elmetropolitano.com.gt\/es\/wp-content\/uploads\/2021\/11\/cintillo-arrin-cual-1-600x72.jpg 600w\" sizes=\"(max-width: 750px) 100vw, 750px\" width=\"750\" height=\"90\"   \/><\/a><\/div><\/div>\n\n\n\n<p><a><\/a>Durante las intervenciones de cada funcionario se mencionaron los montos invertidos por programa y cantidad de beneficiarios.<\/p>\n\n\n\n<p>\u00c1lvaro D\u00edaz, titular de la Secretar\u00eda de Coordinaci\u00f3n Ejecutiva de la Presidencia (SCEP) dio a conocer que el departamento, a trav\u00e9s de los consejos de desarrollo, cuenta con 198 proyectos enfocados en educaci\u00f3n, saneamiento, infraestructura vial, agua potable y salud. Esto refleja una inversi\u00f3n de 464.2 millones de quetzales.<\/p>\n\n\n\n<p>Escuintla tiene una mirada muy importante en t\u00e9rminos estrat\u00e9gicos y de desarrollo. Le han estado apostando a educaci\u00f3n, con una inversi\u00f3n de 132 millones de quetzales, agreg\u00f3 D\u00edaz.<\/p>\n\n\n\n<p>Aparte, se dio a conocer que el departamento ha presentado 239 proyectos. De esta cantidad, 8 corresponden a compromisos presidenciales y 231 a solicitudes de las comunas.<\/p>\n\n\n\n<p>Adem\u00e1s, 104 de esos proyectos se han cumplido, 38 en ejecuci\u00f3n, 7 programados para 2023 y 90 que a\u00fan dependen de las municipalidades.<\/p>\n\n\n\n<p>Aporte de ministerios<\/p>\n\n\n\n<p>Las autoridades del Ministerio de Educaci\u00f3n explicaron que en el departamento se invirtieron 2 mil 105.19 millones de quetzales. Este monto se utiliz\u00f3 para ejecutar diversos programas, entre ellos el de alimentaci\u00f3n escolar, que del 1 de enero al 30 de septiembre de 2022 registraba 123 mil 648 estudiantes beneficiados, con una inversi\u00f3n de 133 millones de quetzales.<\/p>\n\n\n\n<p>Durante este lapso tambi\u00e9n se ha beneficiado a 122 mil 777 estudiantes, con una inversi\u00f3n de 6.61 millones de quetzales, a trav\u00e9s del programa \u00datiles Escolares. Tambi\u00e9n a 140 mil 597 estudiantes, con un monto de 18.41 millones de quetzales, con el programa Gratuidad de la Educaci\u00f3n.<\/p>\n\n\n\n<p>A trav\u00e9s del remozamiento en centros educativos, durante el 2022 se efectuaron trabajos en 101 edificios, beneficiando a 15 mil 575 estudiantes. La inversi\u00f3n fue de 7.42 millones.<\/p>\n\n\n\n<p>Por su parte, el Ministerio de Desarrollo Social ha invertido 64.8 millones de quetzales, y se destaca la ejecuci\u00f3n de los siguientes programas:<\/p>\n\n\n\n<p>Medio ambiente<\/p>\n\n\n\n<p>En cuanto al Ministerio de Ambiente y Recursos Naturales, se registra una inversi\u00f3n de 608 mil quetzales durante el 2020-2022. Se trata de jornadas de limpieza, eliminaci\u00f3n de vertederos, educaci\u00f3n ambiental y reforestaci\u00f3n. Para estas acciones se benefici\u00f3 a 107 mil personas. Para efectuar dichos proyectos se recibi\u00f3 el apoyo de personal de las municipalidades, instituciones p\u00fablicas y sociedad civil.<\/p>\n\n\n\n<p>El Ministerio de Agricultura, Ganader\u00eda y Alimentaci\u00f3n afirm\u00f3 que utiliz\u00f3 43.43 millones de quetzales en proyectos que favorecieron a 72 mil 775 pobladores. Entre estos se encuentran la otorgaci\u00f3n de asistencia alimentaria, estipendios, seguro agr\u00edcola, capacitaci\u00f3n y asistencia t\u00e9cnica e implementaci\u00f3n de huertos.<\/p>\n\n\n\n<p>Proyectos viales<\/p>\n\n\n\n<p>A trav\u00e9s del Ministerio de Comunicaciones, Infraestructura y Vivienda, la inversi\u00f3n para el departamento de 2020 a 2022 suma 3 mil 877.2 millones de quetzales.<\/p>\n\n\n\n<p>Seg\u00fan el ministerio, se han priorizado proyectos de mantenimiento peri\u00f3dico de la red vial, bacheo de la red vial pavimentada, limpieza del derecho de v\u00eda, mantenimiento de puentes, se\u00f1alizaci\u00f3n general regional y atenci\u00f3n a emergencias de la red vial.<\/p>\n\n\n\n<p>Asimismo, entre las acciones ejecutadas se encuentran:<\/p>\n\n\n\n<p>construcci\u00f3n de muro perimetral, estaci\u00f3n de bomberos y torre de control en el aer\u00f3dromo de San Jos\u00e9<\/p>\n\n\n\n<p>ampliaci\u00f3n de pista de aterrizaje, San Jos\u00e9<\/p>\n\n\n\n<p>mejoramiento de calles en la zona 3 de Pal\u00edn<\/p>\n\n\n\n<p>rehabilitaci\u00f3n de puente vehicular en campamento La Barrita, San Jos\u00e9<\/p>\n\n\n\n<p>reposici\u00f3n de puente vehicular La Naisa, en el kil\u00f3metro 90 de la RD-ESC-05, Santa Luc\u00eda Cotzumalguapa.<\/p>\n\n\n\n<p>Adem\u00e1s de estas carteras, otras como las de Salud, Defensa, Trabajo, Cultura y Econom\u00eda desarrollaron proyectos y programas bajo su competencia, que significaron una inversi\u00f3n de al menos 724 millones de quetzales.<\/p>\n\n\n\n<p>Texto: Julio Morales<\/p>\n\n\n\n<p><a href=\"https:\/\/www.facebook.com\/hashtag\/metroredes?__eep__=6&amp;__cft__[0]=AZUgfoOAY5Ek6vZXWOO7ZdR1TLOM_NoR3oeXT2XBTCSlCi4Y2Tp3k-PsYwij9wn_XtktyGP8JLAw82qBoroukcX21uqJnu1IprgJLZywQtk8CPyOq4jY2jQ48UJJ2EVJZu5klLju2fsgX4AaL5n5I9Da1p7rkv-GvY0YJXdSRZZaaLrCFb6g_B0wxYykHxegLhI&amp;__tn__=*NK-R\">#metroredes<\/a><a href=\"https:\/\/www.facebook.com\/hashtag\/elescuintleco?__eep__=6&amp;__cft__[0]=AZUgfoOAY5Ek6vZXWOO7ZdR1TLOM_NoR3oeXT2XBTCSlCi4Y2Tp3k-PsYwij9wn_XtktyGP8JLAw82qBoroukcX21uqJnu1IprgJLZywQtk8CPyOq4jY2jQ48UJJ2EVJZu5klLju2fsgX4AaL5n5I9Da1p7rkv-GvY0YJXdSRZZaaLrCFb6g_B0wxYykHxegLhI&amp;__tn__=*NK-R\">#elEscuintleco<\/a><a href=\"https:\/\/www.facebook.com\/hashtag\/elmetropolitano?__eep__=6&amp;__cft__[0]=AZUgfoOAY5Ek6vZXWOO7ZdR1TLOM_NoR3oeXT2XBTCSlCi4Y2Tp3k-PsYwij9wn_XtktyGP8JLAw82qBoroukcX21uqJnu1IprgJLZywQtk8CPyOq4jY2jQ48UJJ2EVJZu5klLju2fsgX4AaL5n5I9Da1p7rkv-GvY0YJXdSRZZaaLrCFb6g_B0wxYykHxegLhI&amp;__tn__=*NK-R\">#ElMetropolitano<\/a><a href=\"https:\/\/www.facebook.com\/hashtag\/agn?__eep__=6&amp;__cft__[0]=AZUgfoOAY5Ek6vZXWOO7ZdR1TLOM_NoR3oeXT2XBTCSlCi4Y2Tp3k-PsYwij9wn_XtktyGP8JLAw82qBoroukcX21uqJnu1IprgJLZywQtk8CPyOq4jY2jQ48UJJ2EVJZu5klLju2fsgX4AaL5n5I9Da1p7rkv-GvY0YJXdSRZZaaLrCFb6g_B0wxYykHxegLhI&amp;__tn__=*NK-R\">#Agn<\/a><\/p>\n\n\n\n<figure class=\"wp-block-gallery has-nested-images columns-default is-cropped wp-block-gallery-1 is-layout-flex wp-block-gallery-is-layout-flex\">\n<figure class=\"wp-block-image size-large\"><img loading=\"lazy\" decoding=\"async\" width=\"1024\" height=\"681\" data-id=\"58521\" src=\"https:\/\/elmetropolitano.com.gt\/es\/wp-content\/uploads\/2022\/12\/318336355_584549373671150_3563758321035375797_n-1024x681.jpg\" alt=\"\" class=\"wp-image-58521\" srcset=\"https:\/\/elmetropolitano.com.gt\/es\/wp-content\/uploads\/2022\/12\/318336355_584549373671150_3563758321035375797_n-1024x681.jpg 1024w, https:\/\/elmetropolitano.com.gt\/es\/wp-content\/uploads\/2022\/12\/318336355_584549373671150_3563758321035375797_n-300x199.jpg 300w, https:\/\/elmetropolitano.com.gt\/es\/wp-content\/uploads\/2022\/12\/318336355_584549373671150_3563758321035375797_n-768x511.jpg 768w, https:\/\/elmetropolitano.com.gt\/es\/wp-content\/uploads\/2022\/12\/318336355_584549373671150_3563758321035375797_n-600x399.jpg 600w, https:\/\/elmetropolitano.com.gt\/es\/wp-content\/uploads\/2022\/12\/318336355_584549373671150_3563758321035375797_n.jpg 1280w\" sizes=\"auto, (max-width: 1024px) 100vw, 1024px\" \/><\/figure>\n\n\n\n<figure class=\"wp-block-image size-large\"><img loading=\"lazy\" decoding=\"async\" width=\"1024\" height=\"681\" data-id=\"58525\" src=\"https:\/\/elmetropolitano.com.gt\/es\/wp-content\/uploads\/2022\/12\/319073981_584549370337817_656543423986180371_n-1024x681.jpg\" alt=\"\" class=\"wp-image-58525\" srcset=\"https:\/\/elmetropolitano.com.gt\/es\/wp-content\/uploads\/2022\/12\/319073981_584549370337817_656543423986180371_n-1024x681.jpg 1024w, https:\/\/elmetropolitano.com.gt\/es\/wp-content\/uploads\/2022\/12\/319073981_584549370337817_656543423986180371_n-300x199.jpg 300w, https:\/\/elmetropolitano.com.gt\/es\/wp-content\/uploads\/2022\/12\/319073981_584549370337817_656543423986180371_n-768x511.jpg 768w, https:\/\/elmetropolitano.com.gt\/es\/wp-content\/uploads\/2022\/12\/319073981_584549370337817_656543423986180371_n-600x399.jpg 600w, https:\/\/elmetropolitano.com.gt\/es\/wp-content\/uploads\/2022\/12\/319073981_584549370337817_656543423986180371_n.jpg 1280w\" sizes=\"auto, (max-width: 1024px) 100vw, 1024px\" \/><\/figure>\n\n\n\n<figure class=\"wp-block-image size-large\"><img loading=\"lazy\" decoding=\"async\" width=\"1024\" height=\"512\" data-id=\"58523\" src=\"https:\/\/elmetropolitano.com.gt\/es\/wp-content\/uploads\/2022\/12\/319161104_584549403671147_6309274996147304553_n-1024x512.jpg\" alt=\"\" class=\"wp-image-58523\" srcset=\"https:\/\/elmetropolitano.com.gt\/es\/wp-content\/uploads\/2022\/12\/319161104_584549403671147_6309274996147304553_n-1024x512.jpg 1024w, https:\/\/elmetropolitano.com.gt\/es\/wp-content\/uploads\/2022\/12\/319161104_584549403671147_6309274996147304553_n-300x150.jpg 300w, https:\/\/elmetropolitano.com.gt\/es\/wp-content\/uploads\/2022\/12\/319161104_584549403671147_6309274996147304553_n-768x384.jpg 768w, https:\/\/elmetropolitano.com.gt\/es\/wp-content\/uploads\/2022\/12\/319161104_584549403671147_6309274996147304553_n-600x300.jpg 600w, https:\/\/elmetropolitano.com.gt\/es\/wp-content\/uploads\/2022\/12\/319161104_584549403671147_6309274996147304553_n.jpg 1140w\" sizes=\"auto, (max-width: 1024px) 100vw, 1024px\" \/><\/figure>\n\n\n\n<figure class=\"wp-block-image size-large\"><img loading=\"lazy\" decoding=\"async\" width=\"446\" height=\"352\" data-id=\"58524\" src=\"https:\/\/elmetropolitano.com.gt\/es\/wp-content\/uploads\/2022\/12\/319221234_584549093671178_3065650957307692591_n.jpg\" alt=\"\" class=\"wp-image-58524\" srcset=\"https:\/\/elmetropolitano.com.gt\/es\/wp-content\/uploads\/2022\/12\/319221234_584549093671178_3065650957307692591_n.jpg 446w, https:\/\/elmetropolitano.com.gt\/es\/wp-content\/uploads\/2022\/12\/319221234_584549093671178_3065650957307692591_n-300x237.jpg 300w\" sizes=\"auto, (max-width: 446px) 100vw, 446px\" \/><\/figure>\n\n\n\n<figure class=\"wp-block-image size-large\"><img loading=\"lazy\" decoding=\"async\" width=\"446\" height=\"296\" data-id=\"58522\" src=\"https:\/\/elmetropolitano.com.gt\/es\/wp-content\/uploads\/2022\/12\/319240887_584549210337833_4132609941745810028_n.jpg\" alt=\"\" class=\"wp-image-58522\" srcset=\"https:\/\/elmetropolitano.com.gt\/es\/wp-content\/uploads\/2022\/12\/319240887_584549210337833_4132609941745810028_n.jpg 446w, https:\/\/elmetropolitano.com.gt\/es\/wp-content\/uploads\/2022\/12\/319240887_584549210337833_4132609941745810028_n-300x199.jpg 300w\" sizes=\"auto, (max-width: 446px) 100vw, 446px\" \/><\/figure>\n<\/figure>\n","protected":false},"excerpt":{"rendered":"<p>El presidente Alejandro Giammattei y ministros y secretarios de Estado explicaron a los alcaldes de Escuintla los avances de los programas y proyectos que benefician a los guatemaltecos. En la reuni\u00f3n el gobernante explic\u00f3 que Escuintla presenta una inversi\u00f3n hist\u00f3rica que asciende a 7 mil 527.19 millones de quetzales. Durante las intervenciones de cada funcionario <a class=\"read-more\" href=\"https:\/\/elmetropolitano.com.gt\/es\/escuintla-da-seguimiento-a-solicitudes-y-compromisos-presidenciales\/\">Leer m\u00e1s<\/a><\/p>\n","protected":false},"author":1,"featured_media":58520,"comment_status":"open","ping_status":"closed","sticky":false,"template":"","format":"standard","meta":{"footnotes":""},"categories":[4],"tags":[13],"class_list":["post-58519","post","type-post","status-publish","format-standard","has-post-thumbnail","hentry","category-departamentales","tag-departamentales"],"_links":{"self":[{"href":"https:\/\/elmetropolitano.com.gt\/es\/wp-json\/wp\/v2\/posts\/58519","targetHints":{"allow":["GET"]}}],"collection":[{"href":"https:\/\/elmetropolitano.com.gt\/es\/wp-json\/wp\/v2\/posts"}],"about":[{"href":"https:\/\/elmetropolitano.com.gt\/es\/wp-json\/wp\/v2\/types\/post"}],"author":[{"embeddable":true,"href":"https:\/\/elmetropolitano.com.gt\/es\/wp-json\/wp\/v2\/users\/1"}],"replies":[{"embeddable":true,"href":"https:\/\/elmetropolitano.com.gt\/es\/wp-json\/wp\/v2\/comments?post=58519"}],"version-history":[{"count":1,"href":"https:\/\/elmetropolitano.com.gt\/es\/wp-json\/wp\/v2\/posts\/58519\/revisions"}],"predecessor-version":[{"id":58526,"href":"https:\/\/elmetropolitano.com.gt\/es\/wp-json\/wp\/v2\/posts\/58519\/revisions\/58526"}],"wp:featuredmedia":[{"embeddable":true,"href":"https:\/\/elmetropolitano.com.gt\/es\/wp-json\/wp\/v2\/media\/58520"}],"wp:attachment":[{"href":"https:\/\/elmetropolitano.com.gt\/es\/wp-json\/wp\/v2\/media?parent=58519"}],"wp:term":[{"taxonomy":"category","embeddable":true,"href":"https:\/\/elmetropolitano.com.gt\/es\/wp-json\/wp\/v2\/categories?post=58519"},{"taxonomy":"post_tag","embeddable":true,"href":"https:\/\/elmetropolitano.com.gt\/es\/wp-json\/wp\/v2\/tags?post=58519"}],"curies":[{"name":"wp","href":"https:\/\/api.w.org\/{rel}","templated":true}]}}