{"id":58527,"date":"2022-12-11T21:14:53","date_gmt":"2022-12-12T03:14:53","guid":{"rendered":"https:\/\/elmetropolitano.com.gt\/es\/?p=58527"},"modified":"2022-12-11T21:14:54","modified_gmt":"2022-12-12T03:14:54","slug":"partido-victoria-muestra-su-fuerza-en-jornada-de-afiliacion-en-villa-nueva","status":"publish","type":"post","link":"https:\/\/elmetropolitano.com.gt\/es\/partido-victoria-muestra-su-fuerza-en-jornada-de-afiliacion-en-villa-nueva\/","title":{"rendered":"Partido Victoria muestra su fuerza en jornada de afiliaci\u00f3n en Villa Nueva"},"content":{"rendered":"\n<p>El Partido VICTORIA desarroll\u00f3 este fin de semana una Jornada de capacitaci\u00f3n y afiliaci\u00f3n en el municipio de Villa Nueva donde tambi\u00e9n se anunci\u00f3 que en el<\/p>\n\n\n\n<p>Mes de enero celebrar\u00e1n su asamblea nacional de proclamaci\u00f3n de candidatos a las elecciones del pr\u00f3ximo a\u00f1o.<\/p><div class=\"elmet-contenido\" id=\"elmet-2908464895\"><div class=\"elmet-adlabel\">Anuncios<\/div><div style=\"margin-top: 20px;margin-right: 20px;margin-bottom: 20px;margin-left: 20px;\" id=\"elmet-1592859672\"><a href=\"https:\/\/www.facebook.com\/arrincuanantigua\/\" aria-label=\"cintillo-arrin-cual\"><img loading=\"lazy\" decoding=\"async\" src=\"https:\/\/elmetropolitano.com.gt\/es\/wp-content\/uploads\/2021\/11\/cintillo-arrin-cual-1.jpg\" alt=\"\"  srcset=\"https:\/\/elmetropolitano.com.gt\/es\/wp-content\/uploads\/2021\/11\/cintillo-arrin-cual-1.jpg 750w, https:\/\/elmetropolitano.com.gt\/es\/wp-content\/uploads\/2021\/11\/cintillo-arrin-cual-1-300x36.jpg 300w, https:\/\/elmetropolitano.com.gt\/es\/wp-content\/uploads\/2021\/11\/cintillo-arrin-cual-1-600x72.jpg 600w\" sizes=\"(max-width: 750px) 100vw, 750px\" width=\"750\" height=\"90\"   \/><\/a><\/div><\/div>\n\n\n\n<p>La actividad fue organizada por el Secretario Municipal de afiliaci\u00f3n V\u00edctor Duarte y cont\u00f3 con la visita del secretario nacional del Partido el ex alcalde de Mixco Am\u00edlcar Rivera<\/p>\n\n\n\n<p>\u201cSu presencia este d\u00eda a esta jornada de afiliaci\u00f3n demuestra que cada d\u00eda Victoria est\u00e1 creciendo en nuestro bello municipio\u201d expres\u00f3 V\u00edctor Duarte.<\/p>\n\n\n\n<p>Por su parte Am\u00edlcar Rivera indic\u00f3 que Victoria se a consolidado en todo el pa\u00eds gracias a liderazgos como el de V\u00edctor Duarte \u201cy est\u00e1n invitados a nuestra magna asamblea que se desarrollar\u00e1 el 15 de enero en el Parque de la industria donde ser\u00e1 una verdadera fiesta de la familia en Victoria\u201d<\/p>\n\n\n\n<p><a href=\"https:\/\/www.facebook.com\/hashtag\/caminoeleccionesgt?__eep__=6&amp;__cft__[0]=AZVtQIJl34CVptRtf0H60GE7LrAQLvHVfhJvDORIJh_4y0xa7zsFnTBU3xHYNit97yGk1U2DHkmR77DvRiTPa9utGtst_jyo94Us3rg_ay5Ehfn5sbHPuXI7NiRug9SEGWWjhYqqkGuy0o2k6CffqcYS0zz10i-_PSz3K4rtB3Qo-7EDYv0p4M7sI-dOseDFMFY&amp;__tn__=*NK-R\">#CaminoEleccionesGT<\/a><a href=\"https:\/\/www.facebook.com\/hashtag\/afiliate?__eep__=6&amp;__cft__[0]=AZVtQIJl34CVptRtf0H60GE7LrAQLvHVfhJvDORIJh_4y0xa7zsFnTBU3xHYNit97yGk1U2DHkmR77DvRiTPa9utGtst_jyo94Us3rg_ay5Ehfn5sbHPuXI7NiRug9SEGWWjhYqqkGuy0o2k6CffqcYS0zz10i-_PSz3K4rtB3Qo-7EDYv0p4M7sI-dOseDFMFY&amp;__tn__=*NK-R\">#Afiliate<\/a><\/p>\n\n\n\n<p><a href=\"https:\/\/www.facebook.com\/hashtag\/partidovictoria?__eep__=6&amp;__cft__[0]=AZVtQIJl34CVptRtf0H60GE7LrAQLvHVfhJvDORIJh_4y0xa7zsFnTBU3xHYNit97yGk1U2DHkmR77DvRiTPa9utGtst_jyo94Us3rg_ay5Ehfn5sbHPuXI7NiRug9SEGWWjhYqqkGuy0o2k6CffqcYS0zz10i-_PSz3K4rtB3Qo-7EDYv0p4M7sI-dOseDFMFY&amp;__tn__=*NK-R\">#PartidoVictoria<\/a><\/p>\n\n\n\n<figure class=\"wp-block-gallery has-nested-images columns-default is-cropped wp-block-gallery-1 is-layout-flex wp-block-gallery-is-layout-flex\">\n<figure class=\"wp-block-image size-large\"><img loading=\"lazy\" decoding=\"async\" width=\"1024\" height=\"462\" data-id=\"58529\" src=\"https:\/\/elmetropolitano.com.gt\/es\/wp-content\/uploads\/2022\/12\/319224561_677567630729540_6033745461607089535_n-1024x462.jpg\" alt=\"\" class=\"wp-image-58529\" srcset=\"https:\/\/elmetropolitano.com.gt\/es\/wp-content\/uploads\/2022\/12\/319224561_677567630729540_6033745461607089535_n-1024x462.jpg 1024w, https:\/\/elmetropolitano.com.gt\/es\/wp-content\/uploads\/2022\/12\/319224561_677567630729540_6033745461607089535_n-300x135.jpg 300w, https:\/\/elmetropolitano.com.gt\/es\/wp-content\/uploads\/2022\/12\/319224561_677567630729540_6033745461607089535_n-768x346.jpg 768w, https:\/\/elmetropolitano.com.gt\/es\/wp-content\/uploads\/2022\/12\/319224561_677567630729540_6033745461607089535_n-600x270.jpg 600w, https:\/\/elmetropolitano.com.gt\/es\/wp-content\/uploads\/2022\/12\/319224561_677567630729540_6033745461607089535_n.jpg 1331w\" sizes=\"auto, (max-width: 1024px) 100vw, 1024px\" \/><\/figure>\n\n\n\n<figure class=\"wp-block-image size-large\"><img loading=\"lazy\" decoding=\"async\" width=\"1024\" height=\"455\" data-id=\"58530\" src=\"https:\/\/elmetropolitano.com.gt\/es\/wp-content\/uploads\/2022\/12\/319307272_677567684062868_4859143637401956427_n-1024x455.jpg\" alt=\"\" class=\"wp-image-58530\" srcset=\"https:\/\/elmetropolitano.com.gt\/es\/wp-content\/uploads\/2022\/12\/319307272_677567684062868_4859143637401956427_n-1024x455.jpg 1024w, https:\/\/elmetropolitano.com.gt\/es\/wp-content\/uploads\/2022\/12\/319307272_677567684062868_4859143637401956427_n-300x133.jpg 300w, https:\/\/elmetropolitano.com.gt\/es\/wp-content\/uploads\/2022\/12\/319307272_677567684062868_4859143637401956427_n-768x341.jpg 768w, https:\/\/elmetropolitano.com.gt\/es\/wp-content\/uploads\/2022\/12\/319307272_677567684062868_4859143637401956427_n-600x267.jpg 600w, https:\/\/elmetropolitano.com.gt\/es\/wp-content\/uploads\/2022\/12\/319307272_677567684062868_4859143637401956427_n.jpg 1280w\" sizes=\"auto, (max-width: 1024px) 100vw, 1024px\" \/><\/figure>\n\n\n\n<figure class=\"wp-block-image size-large\"><img loading=\"lazy\" decoding=\"async\" width=\"1024\" height=\"461\" data-id=\"58531\" src=\"https:\/\/elmetropolitano.com.gt\/es\/wp-content\/uploads\/2022\/12\/319513068_677567670729536_8821296101589207317_n-1024x461.jpg\" alt=\"\" class=\"wp-image-58531\" srcset=\"https:\/\/elmetropolitano.com.gt\/es\/wp-content\/uploads\/2022\/12\/319513068_677567670729536_8821296101589207317_n-1024x461.jpg 1024w, https:\/\/elmetropolitano.com.gt\/es\/wp-content\/uploads\/2022\/12\/319513068_677567670729536_8821296101589207317_n-300x135.jpg 300w, https:\/\/elmetropolitano.com.gt\/es\/wp-content\/uploads\/2022\/12\/319513068_677567670729536_8821296101589207317_n-768x346.jpg 768w, https:\/\/elmetropolitano.com.gt\/es\/wp-content\/uploads\/2022\/12\/319513068_677567670729536_8821296101589207317_n-600x270.jpg 600w, https:\/\/elmetropolitano.com.gt\/es\/wp-content\/uploads\/2022\/12\/319513068_677567670729536_8821296101589207317_n.jpg 1333w\" sizes=\"auto, (max-width: 1024px) 100vw, 1024px\" \/><\/figure>\n<\/figure>\n","protected":false},"excerpt":{"rendered":"<p>El Partido VICTORIA desarroll\u00f3 este fin de semana una Jornada de capacitaci\u00f3n y afiliaci\u00f3n en el municipio de Villa Nueva donde tambi\u00e9n se anunci\u00f3 que en el Mes de enero celebrar\u00e1n su asamblea nacional de proclamaci\u00f3n de candidatos a las elecciones del pr\u00f3ximo a\u00f1o. La actividad fue organizada por el Secretario Municipal de afiliaci\u00f3n V\u00edctor <a class=\"read-more\" href=\"https:\/\/elmetropolitano.com.gt\/es\/partido-victoria-muestra-su-fuerza-en-jornada-de-afiliacion-en-villa-nueva\/\">Leer m\u00e1s<\/a><\/p>\n","protected":false},"author":1,"featured_media":58528,"comment_status":"open","ping_status":"closed","sticky":false,"template":"","format":"standard","meta":{"footnotes":""},"categories":[97],"tags":[98],"class_list":["post-58527","post","type-post","status-publish","format-standard","has-post-thumbnail","hentry","category-politica","tag-politica"],"_links":{"self":[{"href":"https:\/\/elmetropolitano.com.gt\/es\/wp-json\/wp\/v2\/posts\/58527","targetHints":{"allow":["GET"]}}],"collection":[{"href":"https:\/\/elmetropolitano.com.gt\/es\/wp-json\/wp\/v2\/posts"}],"about":[{"href":"https:\/\/elmetropolitano.com.gt\/es\/wp-json\/wp\/v2\/types\/post"}],"author":[{"embeddable":true,"href":"https:\/\/elmetropolitano.com.gt\/es\/wp-json\/wp\/v2\/users\/1"}],"replies":[{"embeddable":true,"href":"https:\/\/elmetropolitano.com.gt\/es\/wp-json\/wp\/v2\/comments?post=58527"}],"version-history":[{"count":1,"href":"https:\/\/elmetropolitano.com.gt\/es\/wp-json\/wp\/v2\/posts\/58527\/revisions"}],"predecessor-version":[{"id":58532,"href":"https:\/\/elmetropolitano.com.gt\/es\/wp-json\/wp\/v2\/posts\/58527\/revisions\/58532"}],"wp:featuredmedia":[{"embeddable":true,"href":"https:\/\/elmetropolitano.com.gt\/es\/wp-json\/wp\/v2\/media\/58528"}],"wp:attachment":[{"href":"https:\/\/elmetropolitano.com.gt\/es\/wp-json\/wp\/v2\/media?parent=58527"}],"wp:term":[{"taxonomy":"category","embeddable":true,"href":"https:\/\/elmetropolitano.com.gt\/es\/wp-json\/wp\/v2\/categories?post=58527"},{"taxonomy":"post_tag","embeddable":true,"href":"https:\/\/elmetropolitano.com.gt\/es\/wp-json\/wp\/v2\/tags?post=58527"}],"curies":[{"name":"wp","href":"https:\/\/api.w.org\/{rel}","templated":true}]}}