{"id":58538,"date":"2022-12-11T21:20:50","date_gmt":"2022-12-12T03:20:50","guid":{"rendered":"https:\/\/elmetropolitano.com.gt\/es\/?p=58538"},"modified":"2022-12-11T21:20:51","modified_gmt":"2022-12-12T03:20:51","slug":"un-binomio-presidencial-de-la-propia-casa-humanista","status":"publish","type":"post","link":"https:\/\/elmetropolitano.com.gt\/es\/un-binomio-presidencial-de-la-propia-casa-humanista\/","title":{"rendered":"Un binomio presidencial de la propia casa humanista"},"content":{"rendered":"\n<p>Los delegados del Partido Humanista de Guatemala PHG eligieron este s\u00e1bado a su binomio presidencial encabezado por su Secretario General Rudio Lecsan M\u00e9rida y el Secretario Departamental de Alta Verapaz Rub\u00e9n Dar\u00edo Rosales del Cid, en una asamblea desarrollada en el Parque de la Industria.<\/p>\n\n\n\n<p>En <a><\/a>la misma participaron m\u00e1s de ocho mil simpatizantes de todo el pa\u00eds y el diputado por el departamento de Guatemala Flavio Mu\u00f1os present\u00f3 al Binomio Presidencial quien fue juramentado por el alcalde de Xela Juan Fernando Lopez.<\/p><div class=\"elmet-contenido\" id=\"elmet-266775258\"><div class=\"elmet-adlabel\">Anuncios<\/div><div style=\"margin-top: 20px;margin-right: 20px;margin-bottom: 20px;margin-left: 20px;\" id=\"elmet-797894168\"><a href=\"https:\/\/www.facebook.com\/arrincuanantigua\/\" aria-label=\"cintillo-arrin-cual\"><img loading=\"lazy\" decoding=\"async\" src=\"https:\/\/elmetropolitano.com.gt\/es\/wp-content\/uploads\/2021\/11\/cintillo-arrin-cual-1.jpg\" alt=\"\"  srcset=\"https:\/\/elmetropolitano.com.gt\/es\/wp-content\/uploads\/2021\/11\/cintillo-arrin-cual-1.jpg 750w, https:\/\/elmetropolitano.com.gt\/es\/wp-content\/uploads\/2021\/11\/cintillo-arrin-cual-1-300x36.jpg 300w, https:\/\/elmetropolitano.com.gt\/es\/wp-content\/uploads\/2021\/11\/cintillo-arrin-cual-1-600x72.jpg 600w\" sizes=\"(max-width: 750px) 100vw, 750px\" width=\"750\" height=\"90\"   \/><\/a><\/div><\/div>\n\n\n\n<p>En su discurso de aceptaci\u00f3n Rudio Lecsan Merida agradeci\u00f3 el apoyo recibido por los delegados y se mostr\u00f3 preocupado por el desempleo y la inseguridad qu\u00e9 hay en el pa\u00eds.<\/p>\n\n\n\n<p>Algunos de los presentes en la Asamblea Nacional Extraordinaria se fueron satisfechos por que el binomio haya salido de las propias entra\u00f1as del Partido Humanista \u201cSon de casa no gente extra\u00f1a que uno no conoce\u201d, expres\u00f3 Julia Alvarado, de Quetzaltenango.<\/p>\n\n\n\n<p>Jos\u00e9 Alejandro Atala de la capital indic\u00f3 que \u201ca Rudio lo conocemos todos, es del partido, algo bien merecido\u201d.<\/p>\n\n\n\n<p><a href=\"https:\/\/www.facebook.com\/hashtag\/caminoeleccionesgt?__eep__=6&amp;__cft__[0]=AZU0g-YjVfvNfzqAUbwMUxFob51P6uwMD4wH6NPgztwHBF9I97tzq8zRBpjLSgMajb9_d2zxTxBlLIHnB_f4bcHqUYKKwiQM4SnarCUmaNMxu-cGHoL3NHFOyg8kEmU4_E_nvy-2PAMr3g4EuP4UYgPKUBX8bFlibFWLQgxP_PiDZqtfu_lInCLyxt3fI3NNBZk&amp;__tn__=*NK-R\">#CaminoEleccionesGT<\/a><\/p>\n\n\n\n<p><a href=\"https:\/\/www.facebook.com\/hashtag\/partidohumanista?__eep__=6&amp;__cft__[0]=AZU0g-YjVfvNfzqAUbwMUxFob51P6uwMD4wH6NPgztwHBF9I97tzq8zRBpjLSgMajb9_d2zxTxBlLIHnB_f4bcHqUYKKwiQM4SnarCUmaNMxu-cGHoL3NHFOyg8kEmU4_E_nvy-2PAMr3g4EuP4UYgPKUBX8bFlibFWLQgxP_PiDZqtfu_lInCLyxt3fI3NNBZk&amp;__tn__=*NK-R\">#PartidoHumanista<\/a><a href=\"https:\/\/www.facebook.com\/hashtag\/afiliate?__eep__=6&amp;__cft__[0]=AZU0g-YjVfvNfzqAUbwMUxFob51P6uwMD4wH6NPgztwHBF9I97tzq8zRBpjLSgMajb9_d2zxTxBlLIHnB_f4bcHqUYKKwiQM4SnarCUmaNMxu-cGHoL3NHFOyg8kEmU4_E_nvy-2PAMr3g4EuP4UYgPKUBX8bFlibFWLQgxP_PiDZqtfu_lInCLyxt3fI3NNBZk&amp;__tn__=*NK-R\">#Afiliate<\/a>  #metroredes<\/p>\n\n\n\n<figure class=\"wp-block-gallery has-nested-images columns-default is-cropped wp-block-gallery-1 is-layout-flex wp-block-gallery-is-layout-flex\">\n<figure class=\"wp-block-image size-large\"><img loading=\"lazy\" decoding=\"async\" width=\"1024\" height=\"768\" data-id=\"58540\" src=\"https:\/\/elmetropolitano.com.gt\/es\/wp-content\/uploads\/2022\/12\/319387042_677661574053479_4632357053986981673_n-1024x768.jpg\" alt=\"\" class=\"wp-image-58540\" srcset=\"https:\/\/elmetropolitano.com.gt\/es\/wp-content\/uploads\/2022\/12\/319387042_677661574053479_4632357053986981673_n-1024x768.jpg 1024w, https:\/\/elmetropolitano.com.gt\/es\/wp-content\/uploads\/2022\/12\/319387042_677661574053479_4632357053986981673_n-300x225.jpg 300w, https:\/\/elmetropolitano.com.gt\/es\/wp-content\/uploads\/2022\/12\/319387042_677661574053479_4632357053986981673_n-768x576.jpg 768w, https:\/\/elmetropolitano.com.gt\/es\/wp-content\/uploads\/2022\/12\/319387042_677661574053479_4632357053986981673_n-1536x1152.jpg 1536w, https:\/\/elmetropolitano.com.gt\/es\/wp-content\/uploads\/2022\/12\/319387042_677661574053479_4632357053986981673_n-600x450.jpg 600w, https:\/\/elmetropolitano.com.gt\/es\/wp-content\/uploads\/2022\/12\/319387042_677661574053479_4632357053986981673_n.jpg 1600w\" sizes=\"auto, (max-width: 1024px) 100vw, 1024px\" \/><\/figure>\n\n\n\n<figure class=\"wp-block-image size-large\"><img loading=\"lazy\" decoding=\"async\" width=\"1024\" height=\"768\" data-id=\"58541\" src=\"https:\/\/elmetropolitano.com.gt\/es\/wp-content\/uploads\/2022\/12\/319507301_677661624053474_7821494987213567290_n-1024x768.jpg\" alt=\"\" class=\"wp-image-58541\" srcset=\"https:\/\/elmetropolitano.com.gt\/es\/wp-content\/uploads\/2022\/12\/319507301_677661624053474_7821494987213567290_n-1024x768.jpg 1024w, https:\/\/elmetropolitano.com.gt\/es\/wp-content\/uploads\/2022\/12\/319507301_677661624053474_7821494987213567290_n-300x225.jpg 300w, https:\/\/elmetropolitano.com.gt\/es\/wp-content\/uploads\/2022\/12\/319507301_677661624053474_7821494987213567290_n-768x576.jpg 768w, https:\/\/elmetropolitano.com.gt\/es\/wp-content\/uploads\/2022\/12\/319507301_677661624053474_7821494987213567290_n-1536x1152.jpg 1536w, https:\/\/elmetropolitano.com.gt\/es\/wp-content\/uploads\/2022\/12\/319507301_677661624053474_7821494987213567290_n-600x450.jpg 600w, https:\/\/elmetropolitano.com.gt\/es\/wp-content\/uploads\/2022\/12\/319507301_677661624053474_7821494987213567290_n.jpg 1600w\" sizes=\"auto, (max-width: 1024px) 100vw, 1024px\" \/><\/figure>\n<\/figure>\n","protected":false},"excerpt":{"rendered":"<p>Los delegados del Partido Humanista de Guatemala PHG eligieron este s\u00e1bado a su binomio presidencial encabezado por su Secretario General Rudio Lecsan M\u00e9rida y el Secretario Departamental de Alta Verapaz Rub\u00e9n Dar\u00edo Rosales del Cid, en una asamblea desarrollada en el Parque de la Industria. En la misma participaron m\u00e1s de ocho mil simpatizantes de <a class=\"read-more\" href=\"https:\/\/elmetropolitano.com.gt\/es\/un-binomio-presidencial-de-la-propia-casa-humanista\/\">Leer m\u00e1s<\/a><\/p>\n","protected":false},"author":1,"featured_media":58539,"comment_status":"open","ping_status":"closed","sticky":false,"template":"","format":"standard","meta":{"footnotes":""},"categories":[97],"tags":[98],"class_list":["post-58538","post","type-post","status-publish","format-standard","has-post-thumbnail","hentry","category-politica","tag-politica"],"_links":{"self":[{"href":"https:\/\/elmetropolitano.com.gt\/es\/wp-json\/wp\/v2\/posts\/58538","targetHints":{"allow":["GET"]}}],"collection":[{"href":"https:\/\/elmetropolitano.com.gt\/es\/wp-json\/wp\/v2\/posts"}],"about":[{"href":"https:\/\/elmetropolitano.com.gt\/es\/wp-json\/wp\/v2\/types\/post"}],"author":[{"embeddable":true,"href":"https:\/\/elmetropolitano.com.gt\/es\/wp-json\/wp\/v2\/users\/1"}],"replies":[{"embeddable":true,"href":"https:\/\/elmetropolitano.com.gt\/es\/wp-json\/wp\/v2\/comments?post=58538"}],"version-history":[{"count":1,"href":"https:\/\/elmetropolitano.com.gt\/es\/wp-json\/wp\/v2\/posts\/58538\/revisions"}],"predecessor-version":[{"id":58542,"href":"https:\/\/elmetropolitano.com.gt\/es\/wp-json\/wp\/v2\/posts\/58538\/revisions\/58542"}],"wp:featuredmedia":[{"embeddable":true,"href":"https:\/\/elmetropolitano.com.gt\/es\/wp-json\/wp\/v2\/media\/58539"}],"wp:attachment":[{"href":"https:\/\/elmetropolitano.com.gt\/es\/wp-json\/wp\/v2\/media?parent=58538"}],"wp:term":[{"taxonomy":"category","embeddable":true,"href":"https:\/\/elmetropolitano.com.gt\/es\/wp-json\/wp\/v2\/categories?post=58538"},{"taxonomy":"post_tag","embeddable":true,"href":"https:\/\/elmetropolitano.com.gt\/es\/wp-json\/wp\/v2\/tags?post=58538"}],"curies":[{"name":"wp","href":"https:\/\/api.w.org\/{rel}","templated":true}]}}