{"id":58551,"date":"2022-12-11T21:25:36","date_gmt":"2022-12-12T03:25:36","guid":{"rendered":"https:\/\/elmetropolitano.com.gt\/es\/?p=58551"},"modified":"2022-12-11T21:25:36","modified_gmt":"2022-12-12T03:25:36","slug":"santiago-sacatepequez-ya-tiene-sede-de-victoria","status":"publish","type":"post","link":"https:\/\/elmetropolitano.com.gt\/es\/santiago-sacatepequez-ya-tiene-sede-de-victoria\/","title":{"rendered":"Santiago Sacatep\u00e9quez ya tiene sede de Victoria"},"content":{"rendered":"\n<p>El Partido VICTORIA inaugur\u00f3 la noche de este s\u00e1bado su sede municipal en Santiago Sacatep\u00e9quez bajo la coordinaci\u00f3n del Profesor Ricardo Navas<\/p>\n\n\n\n<p>El corte de la cinta la realiz\u00f3 el secretario general del Partido Am\u00edlcar Rivera quien agradeci\u00f3 al Profesor Navas por abrir las puertas de su casa al partido VICTORIA y a su pueblo<\/p><div class=\"elmet-contenido\" id=\"elmet-117093799\"><div class=\"elmet-adlabel\">Anuncios<\/div><div style=\"margin-top: 20px;margin-right: 20px;margin-bottom: 20px;margin-left: 20px;\" id=\"elmet-517802195\"><a href=\"https:\/\/www.facebook.com\/arrincuanantigua\/\" aria-label=\"cintillo-arrin-cual\"><img loading=\"lazy\" decoding=\"async\" src=\"https:\/\/elmetropolitano.com.gt\/es\/wp-content\/uploads\/2021\/11\/cintillo-arrin-cual-1.jpg\" alt=\"\"  srcset=\"https:\/\/elmetropolitano.com.gt\/es\/wp-content\/uploads\/2021\/11\/cintillo-arrin-cual-1.jpg 750w, https:\/\/elmetropolitano.com.gt\/es\/wp-content\/uploads\/2021\/11\/cintillo-arrin-cual-1-300x36.jpg 300w, https:\/\/elmetropolitano.com.gt\/es\/wp-content\/uploads\/2021\/11\/cintillo-arrin-cual-1-600x72.jpg 600w\" sizes=\"(max-width: 750px) 100vw, 750px\" width=\"750\" height=\"90\"   \/><\/a><\/div><\/div>\n\n\n\n<p><a href=\"https:\/\/www.facebook.com\/hashtag\/caminoeleccionesgt?__eep__=6&amp;__cft__[0]=AZWegb543dPf5G4NbV1_YnYZ3TFV4MTFt6Q7rYUoc6ZcWGMdTvQ8rx0GmfF-565UgzoLRBc9m0RP8gKg_4uZatf3hZWFgJJQYkXfI4-VH7j-8tejeIn5kDzKZcF0MOg9CoW7PcXJSn9bBxHQwMl1FW7L-NriQAxiTIGiopoX-bP-NMyWdu-hXVVZ3MIqc_D9WR8&amp;__tn__=*NK-R\">#CaminoEleccionesGT<\/a><a href=\"https:\/\/www.facebook.com\/hashtag\/afiliate?__eep__=6&amp;__cft__[0]=AZWegb543dPf5G4NbV1_YnYZ3TFV4MTFt6Q7rYUoc6ZcWGMdTvQ8rx0GmfF-565UgzoLRBc9m0RP8gKg_4uZatf3hZWFgJJQYkXfI4-VH7j-8tejeIn5kDzKZcF0MOg9CoW7PcXJSn9bBxHQwMl1FW7L-NriQAxiTIGiopoX-bP-NMyWdu-hXVVZ3MIqc_D9WR8&amp;__tn__=*NK-R\">#Afiliate<\/a><\/p>\n\n\n\n<p><a href=\"https:\/\/www.facebook.com\/hashtag\/santiagosacatepe%CC%81quez?__eep__=6&amp;__cft__[0]=AZWegb543dPf5G4NbV1_YnYZ3TFV4MTFt6Q7rYUoc6ZcWGMdTvQ8rx0GmfF-565UgzoLRBc9m0RP8gKg_4uZatf3hZWFgJJQYkXfI4-VH7j-8tejeIn5kDzKZcF0MOg9CoW7PcXJSn9bBxHQwMl1FW7L-NriQAxiTIGiopoX-bP-NMyWdu-hXVVZ3MIqc_D9WR8&amp;__tn__=*NK-R\">#santiagosacatep\u00e9quez<\/a><a href=\"https:\/\/www.facebook.com\/hashtag\/metroredes?__eep__=6&amp;__cft__[0]=AZWegb543dPf5G4NbV1_YnYZ3TFV4MTFt6Q7rYUoc6ZcWGMdTvQ8rx0GmfF-565UgzoLRBc9m0RP8gKg_4uZatf3hZWFgJJQYkXfI4-VH7j-8tejeIn5kDzKZcF0MOg9CoW7PcXJSn9bBxHQwMl1FW7L-NriQAxiTIGiopoX-bP-NMyWdu-hXVVZ3MIqc_D9WR8&amp;__tn__=*NK-R\">#metroredes<\/a><\/p>\n\n\n\n<figure class=\"wp-block-gallery has-nested-images columns-default is-cropped wp-block-gallery-1 is-layout-flex wp-block-gallery-is-layout-flex\">\n<figure class=\"wp-block-image size-large\"><img loading=\"lazy\" decoding=\"async\" width=\"1024\" height=\"768\" data-id=\"58553\" src=\"https:\/\/elmetropolitano.com.gt\/es\/wp-content\/uploads\/2022\/12\/318246898_677727490713554_6818667021285486515_n-1024x768.jpg\" alt=\"\" class=\"wp-image-58553\" srcset=\"https:\/\/elmetropolitano.com.gt\/es\/wp-content\/uploads\/2022\/12\/318246898_677727490713554_6818667021285486515_n-1024x768.jpg 1024w, https:\/\/elmetropolitano.com.gt\/es\/wp-content\/uploads\/2022\/12\/318246898_677727490713554_6818667021285486515_n-300x225.jpg 300w, https:\/\/elmetropolitano.com.gt\/es\/wp-content\/uploads\/2022\/12\/318246898_677727490713554_6818667021285486515_n-768x576.jpg 768w, https:\/\/elmetropolitano.com.gt\/es\/wp-content\/uploads\/2022\/12\/318246898_677727490713554_6818667021285486515_n-600x450.jpg 600w, https:\/\/elmetropolitano.com.gt\/es\/wp-content\/uploads\/2022\/12\/318246898_677727490713554_6818667021285486515_n.jpg 1280w\" sizes=\"auto, (max-width: 1024px) 100vw, 1024px\" \/><\/figure>\n\n\n\n<figure class=\"wp-block-image size-large\"><img loading=\"lazy\" decoding=\"async\" width=\"1024\" height=\"768\" data-id=\"58555\" src=\"https:\/\/elmetropolitano.com.gt\/es\/wp-content\/uploads\/2022\/12\/318360101_677727497380220_4094189761543383317_n-1024x768.jpg\" alt=\"\" class=\"wp-image-58555\" srcset=\"https:\/\/elmetropolitano.com.gt\/es\/wp-content\/uploads\/2022\/12\/318360101_677727497380220_4094189761543383317_n-1024x768.jpg 1024w, https:\/\/elmetropolitano.com.gt\/es\/wp-content\/uploads\/2022\/12\/318360101_677727497380220_4094189761543383317_n-300x225.jpg 300w, https:\/\/elmetropolitano.com.gt\/es\/wp-content\/uploads\/2022\/12\/318360101_677727497380220_4094189761543383317_n-768x576.jpg 768w, https:\/\/elmetropolitano.com.gt\/es\/wp-content\/uploads\/2022\/12\/318360101_677727497380220_4094189761543383317_n-600x450.jpg 600w, https:\/\/elmetropolitano.com.gt\/es\/wp-content\/uploads\/2022\/12\/318360101_677727497380220_4094189761543383317_n.jpg 1280w\" sizes=\"auto, (max-width: 1024px) 100vw, 1024px\" \/><\/figure>\n\n\n\n<figure class=\"wp-block-image size-large\"><img loading=\"lazy\" decoding=\"async\" width=\"540\" height=\"960\" data-id=\"58554\" src=\"https:\/\/elmetropolitano.com.gt\/es\/wp-content\/uploads\/2022\/12\/319554613_677724044047232_6964141612066263011_n.jpg\" alt=\"\" class=\"wp-image-58554\" srcset=\"https:\/\/elmetropolitano.com.gt\/es\/wp-content\/uploads\/2022\/12\/319554613_677724044047232_6964141612066263011_n.jpg 540w, https:\/\/elmetropolitano.com.gt\/es\/wp-content\/uploads\/2022\/12\/319554613_677724044047232_6964141612066263011_n-169x300.jpg 169w\" sizes=\"auto, (max-width: 540px) 100vw, 540px\" \/><\/figure>\n<\/figure>\n","protected":false},"excerpt":{"rendered":"<p>El Partido VICTORIA inaugur\u00f3 la noche de este s\u00e1bado su sede municipal en Santiago Sacatep\u00e9quez bajo la coordinaci\u00f3n del Profesor Ricardo Navas El corte de la cinta la realiz\u00f3 el secretario general del Partido Am\u00edlcar Rivera quien agradeci\u00f3 al Profesor Navas por abrir las puertas de su casa al partido VICTORIA y a su pueblo <a class=\"read-more\" href=\"https:\/\/elmetropolitano.com.gt\/es\/santiago-sacatepequez-ya-tiene-sede-de-victoria\/\">Leer m\u00e1s<\/a><\/p>\n","protected":false},"author":1,"featured_media":58552,"comment_status":"open","ping_status":"closed","sticky":false,"template":"","format":"standard","meta":{"footnotes":""},"categories":[97],"tags":[98],"class_list":["post-58551","post","type-post","status-publish","format-standard","has-post-thumbnail","hentry","category-politica","tag-politica"],"_links":{"self":[{"href":"https:\/\/elmetropolitano.com.gt\/es\/wp-json\/wp\/v2\/posts\/58551","targetHints":{"allow":["GET"]}}],"collection":[{"href":"https:\/\/elmetropolitano.com.gt\/es\/wp-json\/wp\/v2\/posts"}],"about":[{"href":"https:\/\/elmetropolitano.com.gt\/es\/wp-json\/wp\/v2\/types\/post"}],"author":[{"embeddable":true,"href":"https:\/\/elmetropolitano.com.gt\/es\/wp-json\/wp\/v2\/users\/1"}],"replies":[{"embeddable":true,"href":"https:\/\/elmetropolitano.com.gt\/es\/wp-json\/wp\/v2\/comments?post=58551"}],"version-history":[{"count":1,"href":"https:\/\/elmetropolitano.com.gt\/es\/wp-json\/wp\/v2\/posts\/58551\/revisions"}],"predecessor-version":[{"id":58556,"href":"https:\/\/elmetropolitano.com.gt\/es\/wp-json\/wp\/v2\/posts\/58551\/revisions\/58556"}],"wp:featuredmedia":[{"embeddable":true,"href":"https:\/\/elmetropolitano.com.gt\/es\/wp-json\/wp\/v2\/media\/58552"}],"wp:attachment":[{"href":"https:\/\/elmetropolitano.com.gt\/es\/wp-json\/wp\/v2\/media?parent=58551"}],"wp:term":[{"taxonomy":"category","embeddable":true,"href":"https:\/\/elmetropolitano.com.gt\/es\/wp-json\/wp\/v2\/categories?post=58551"},{"taxonomy":"post_tag","embeddable":true,"href":"https:\/\/elmetropolitano.com.gt\/es\/wp-json\/wp\/v2\/tags?post=58551"}],"curies":[{"name":"wp","href":"https:\/\/api.w.org\/{rel}","templated":true}]}}