{"id":58557,"date":"2022-12-11T21:28:13","date_gmt":"2022-12-12T03:28:13","guid":{"rendered":"https:\/\/elmetropolitano.com.gt\/es\/?p=58557"},"modified":"2022-12-11T21:28:14","modified_gmt":"2022-12-12T03:28:14","slug":"erupcion-en-el-volcan-de-fuego","status":"publish","type":"post","link":"https:\/\/elmetropolitano.com.gt\/es\/erupcion-en-el-volcan-de-fuego\/","title":{"rendered":"Erupci\u00f3n en el Volc\u00e1n de Fuego"},"content":{"rendered":"\n<p>EN ERUPCI\u00d3N\u2026En las redes sociales vecinos de Escuintla y Sacatep\u00e9quez publicaron fotograf\u00edas de la erupci\u00f3n del volc\u00e1n de fuego anoche y esta madrugada mientras la alerta persiste por parte de las instituciones del Estado.<\/p>\n\n\n\n<p>#metroredes<\/p><div class=\"elmet-contenido\" id=\"elmet-440646036\"><div class=\"elmet-adlabel\">Anuncios<\/div><div style=\"margin-top: 20px;margin-right: 20px;margin-bottom: 20px;margin-left: 20px;\" id=\"elmet-2584578442\"><a href=\"https:\/\/www.facebook.com\/arrincuanantigua\/\" aria-label=\"cintillo-arrin-cual\"><img loading=\"lazy\" decoding=\"async\" src=\"https:\/\/elmetropolitano.com.gt\/es\/wp-content\/uploads\/2021\/11\/cintillo-arrin-cual-1.jpg\" alt=\"\"  srcset=\"https:\/\/elmetropolitano.com.gt\/es\/wp-content\/uploads\/2021\/11\/cintillo-arrin-cual-1.jpg 750w, https:\/\/elmetropolitano.com.gt\/es\/wp-content\/uploads\/2021\/11\/cintillo-arrin-cual-1-300x36.jpg 300w, https:\/\/elmetropolitano.com.gt\/es\/wp-content\/uploads\/2021\/11\/cintillo-arrin-cual-1-600x72.jpg 600w\" sizes=\"(max-width: 750px) 100vw, 750px\" width=\"750\" height=\"90\"   \/><\/a><\/div><\/div>\n\n\n\n<figure class=\"wp-block-gallery has-nested-images columns-default is-cropped wp-block-gallery-1 is-layout-flex wp-block-gallery-is-layout-flex\">\n<figure class=\"wp-block-image size-large\"><img loading=\"lazy\" decoding=\"async\" width=\"768\" height=\"1024\" data-id=\"58561\" src=\"https:\/\/elmetropolitano.com.gt\/es\/wp-content\/uploads\/2022\/12\/319635494_678058660680437_4509621536954741066_n-768x1024.jpg\" alt=\"\" class=\"wp-image-58561\" srcset=\"https:\/\/elmetropolitano.com.gt\/es\/wp-content\/uploads\/2022\/12\/319635494_678058660680437_4509621536954741066_n-768x1024.jpg 768w, https:\/\/elmetropolitano.com.gt\/es\/wp-content\/uploads\/2022\/12\/319635494_678058660680437_4509621536954741066_n-225x300.jpg 225w, https:\/\/elmetropolitano.com.gt\/es\/wp-content\/uploads\/2022\/12\/319635494_678058660680437_4509621536954741066_n-1152x1536.jpg 1152w, https:\/\/elmetropolitano.com.gt\/es\/wp-content\/uploads\/2022\/12\/319635494_678058660680437_4509621536954741066_n-600x800.jpg 600w, https:\/\/elmetropolitano.com.gt\/es\/wp-content\/uploads\/2022\/12\/319635494_678058660680437_4509621536954741066_n.jpg 1200w\" sizes=\"auto, (max-width: 768px) 100vw, 768px\" \/><\/figure>\n\n\n\n<figure class=\"wp-block-image size-large\"><img loading=\"lazy\" decoding=\"async\" width=\"462\" height=\"1024\" data-id=\"58559\" src=\"https:\/\/elmetropolitano.com.gt\/es\/wp-content\/uploads\/2022\/12\/319684803_678058464013790_5638836936792564710_n-462x1024.jpg\" alt=\"\" class=\"wp-image-58559\" srcset=\"https:\/\/elmetropolitano.com.gt\/es\/wp-content\/uploads\/2022\/12\/319684803_678058464013790_5638836936792564710_n-462x1024.jpg 462w, https:\/\/elmetropolitano.com.gt\/es\/wp-content\/uploads\/2022\/12\/319684803_678058464013790_5638836936792564710_n-135x300.jpg 135w, https:\/\/elmetropolitano.com.gt\/es\/wp-content\/uploads\/2022\/12\/319684803_678058464013790_5638836936792564710_n-600x1331.jpg 600w, https:\/\/elmetropolitano.com.gt\/es\/wp-content\/uploads\/2022\/12\/319684803_678058464013790_5638836936792564710_n.jpg 640w\" sizes=\"auto, (max-width: 462px) 100vw, 462px\" \/><\/figure>\n\n\n\n<figure class=\"wp-block-image size-large\"><img loading=\"lazy\" decoding=\"async\" width=\"720\" height=\"539\" data-id=\"58560\" src=\"https:\/\/elmetropolitano.com.gt\/es\/wp-content\/uploads\/2022\/12\/319686213_678058504013786_3676525979870121029_n.jpg\" alt=\"\" class=\"wp-image-58560\" srcset=\"https:\/\/elmetropolitano.com.gt\/es\/wp-content\/uploads\/2022\/12\/319686213_678058504013786_3676525979870121029_n.jpg 720w, https:\/\/elmetropolitano.com.gt\/es\/wp-content\/uploads\/2022\/12\/319686213_678058504013786_3676525979870121029_n-300x225.jpg 300w, https:\/\/elmetropolitano.com.gt\/es\/wp-content\/uploads\/2022\/12\/319686213_678058504013786_3676525979870121029_n-600x449.jpg 600w\" sizes=\"auto, (max-width: 720px) 100vw, 720px\" \/><\/figure>\n<\/figure>\n","protected":false},"excerpt":{"rendered":"<p>EN ERUPCI\u00d3N\u2026En las redes sociales vecinos de Escuintla y Sacatep\u00e9quez publicaron fotograf\u00edas de la erupci\u00f3n del volc\u00e1n de fuego anoche y esta madrugada mientras la alerta persiste por parte de las instituciones del Estado. #metroredes<\/p>\n","protected":false},"author":1,"featured_media":58558,"comment_status":"open","ping_status":"closed","sticky":false,"template":"","format":"standard","meta":{"footnotes":""},"categories":[4],"tags":[13],"class_list":["post-58557","post","type-post","status-publish","format-standard","has-post-thumbnail","hentry","category-departamentales","tag-departamentales"],"_links":{"self":[{"href":"https:\/\/elmetropolitano.com.gt\/es\/wp-json\/wp\/v2\/posts\/58557","targetHints":{"allow":["GET"]}}],"collection":[{"href":"https:\/\/elmetropolitano.com.gt\/es\/wp-json\/wp\/v2\/posts"}],"about":[{"href":"https:\/\/elmetropolitano.com.gt\/es\/wp-json\/wp\/v2\/types\/post"}],"author":[{"embeddable":true,"href":"https:\/\/elmetropolitano.com.gt\/es\/wp-json\/wp\/v2\/users\/1"}],"replies":[{"embeddable":true,"href":"https:\/\/elmetropolitano.com.gt\/es\/wp-json\/wp\/v2\/comments?post=58557"}],"version-history":[{"count":1,"href":"https:\/\/elmetropolitano.com.gt\/es\/wp-json\/wp\/v2\/posts\/58557\/revisions"}],"predecessor-version":[{"id":58562,"href":"https:\/\/elmetropolitano.com.gt\/es\/wp-json\/wp\/v2\/posts\/58557\/revisions\/58562"}],"wp:featuredmedia":[{"embeddable":true,"href":"https:\/\/elmetropolitano.com.gt\/es\/wp-json\/wp\/v2\/media\/58558"}],"wp:attachment":[{"href":"https:\/\/elmetropolitano.com.gt\/es\/wp-json\/wp\/v2\/media?parent=58557"}],"wp:term":[{"taxonomy":"category","embeddable":true,"href":"https:\/\/elmetropolitano.com.gt\/es\/wp-json\/wp\/v2\/categories?post=58557"},{"taxonomy":"post_tag","embeddable":true,"href":"https:\/\/elmetropolitano.com.gt\/es\/wp-json\/wp\/v2\/tags?post=58557"}],"curies":[{"name":"wp","href":"https:\/\/api.w.org\/{rel}","templated":true}]}}