{"id":58572,"date":"2022-12-11T21:34:13","date_gmt":"2022-12-12T03:34:13","guid":{"rendered":"https:\/\/elmetropolitano.com.gt\/es\/?p=58572"},"modified":"2022-12-11T21:34:14","modified_gmt":"2022-12-12T03:34:14","slug":"roberto-arzu-proclamado-como-presidenciable-de-podemos-lo-inscribira-el-tse","status":"publish","type":"post","link":"https:\/\/elmetropolitano.com.gt\/es\/roberto-arzu-proclamado-como-presidenciable-de-podemos-lo-inscribira-el-tse\/","title":{"rendered":"Roberto Arz\u00fa proclamado como presidenciable de PODEMOS \u00bflo inscribir\u00e1 el TSE?"},"content":{"rendered":"\n<p>Los delegados que asistieron a la Asamblea Nacional del Partido PODEMOS proclamaron al empresario Roberto Arz\u00fa como candidato a la Presidencia quien en su discurso le declar\u00f3 la guerra al CACIF, y ahora se preguntan si el Tribunal Supremo Electoral TSE lo inscribir\u00e1n por incurrir en campa\u00f1a adelantada.<\/p>\n\n\n\n<p>Su compa\u00f1ero de f\u00f3rmula es el abogado David Esteban Pineda y hab\u00edan pasado minutos de su <a><\/a>proclamaci\u00f3n y las redes sociales estallaron para recordar que fue abogado del expresidente Alfonso Portillo y arrestado en octubre de 2014 por un esc\u00e1ndalo en la v\u00eda p\u00fablica<\/p><div class=\"elmet-contenido\" id=\"elmet-1352416338\"><div class=\"elmet-adlabel\">Anuncios<\/div><div style=\"margin-top: 20px;margin-right: 20px;margin-bottom: 20px;margin-left: 20px;\" id=\"elmet-3659451058\"><a href=\"https:\/\/www.facebook.com\/arrincuanantigua\/\" aria-label=\"cintillo-arrin-cual\"><img loading=\"lazy\" decoding=\"async\" src=\"https:\/\/elmetropolitano.com.gt\/es\/wp-content\/uploads\/2021\/11\/cintillo-arrin-cual-1.jpg\" alt=\"\"  srcset=\"https:\/\/elmetropolitano.com.gt\/es\/wp-content\/uploads\/2021\/11\/cintillo-arrin-cual-1.jpg 750w, https:\/\/elmetropolitano.com.gt\/es\/wp-content\/uploads\/2021\/11\/cintillo-arrin-cual-1-300x36.jpg 300w, https:\/\/elmetropolitano.com.gt\/es\/wp-content\/uploads\/2021\/11\/cintillo-arrin-cual-1-600x72.jpg 600w\" sizes=\"(max-width: 750px) 100vw, 750px\" width=\"750\" height=\"90\"   \/><\/a><\/div><\/div>\n\n\n\n<p>C\u00f3mo se recordar\u00e1 los magistrados del TSE hicieron p\u00fablica la no inscripci\u00f3n de postulaci\u00f3n a un cargo de elecci\u00f3n popular para la contienda del pr\u00f3ximo a\u00f1o al empresario Roberto Arz\u00fa, del partido PODEMOS.<\/p>\n\n\n\n<p>Esta dr\u00e1stica decisi\u00f3n se debi\u00f3 a que Arz\u00fa realiz\u00f3 propaganda ilegal en sus cuentas de redes sociales Twitter y Facebook.<\/p>\n\n\n\n<p>\u00bfLo inscribir\u00e1 el TSE? es lo que ahora domina el ambiente pol\u00edtico, analistas pol\u00edticos consideran que no, y su caso ir\u00e1 a la v\u00eda jur\u00eddica donde su principal enemigo ser\u00e1 el tiempo.<\/p>\n\n\n\n<p>Le declara la guerra al CACIF<\/p>\n\n\n\n<p>En su discurso el empresario Roberto Arz\u00fa la arremeti\u00f3 en contra del sector privado aglutinado en el Comit\u00e9 Coordinador de Asociaciones Agr\u00edcolas, Comerciales, Industriales y Financieras CACIF responsable del alza en muchos productos de la canasta b\u00e1sica por loqnue el al llegar a la presidencia \u201cseles acab\u00f3 la fiesta\u201d<\/p>\n\n\n\n<p>\u00abEl Cacif ha sido c\u00f3mplice de los abusos, los monopolios y el privilegio, este mensaje es para ellos. Empresarios, banqueros, farmac\u00e9uticos, azucareros, harina, con Roberto Arz\u00fa, se acab\u00f3 la fiesta. Se har\u00e1 lo correcto y no existir\u00e1 un solo monopolio, ni privilegio, y les declaro la guerra, para que jam\u00e1s vuelvan a pasar penas las familias guatemalteca con la canasta b\u00e1sica\u00bb, expres\u00f3.<\/p>\n\n\n\n<p><a href=\"https:\/\/www.facebook.com\/hashtag\/caminoeleccionesgt?__eep__=6&amp;__cft__[0]=AZUHws040P60kr_k9Mxj6A5sk-dgq56FlTDidnFr-gSyOt1RTR_-r-_n_SkTMH5dzMB454K8OPBodPR5XLMbOTosKFEHED44Ahe76NICyO0fMjrZHLsvpTJ14EdzQbIkH1CFpoCC7LGoMsCtfaIaKs7Aw9Sq73xwFfjpNAqFapz-C9sN9Khk1aSXfd70C0_JVA4&amp;__tn__=*NK-R\">#CaminoEleccionesGT<\/a><a href=\"https:\/\/www.facebook.com\/hashtag\/metroredes?__eep__=6&amp;__cft__[0]=AZUHws040P60kr_k9Mxj6A5sk-dgq56FlTDidnFr-gSyOt1RTR_-r-_n_SkTMH5dzMB454K8OPBodPR5XLMbOTosKFEHED44Ahe76NICyO0fMjrZHLsvpTJ14EdzQbIkH1CFpoCC7LGoMsCtfaIaKs7Aw9Sq73xwFfjpNAqFapz-C9sN9Khk1aSXfd70C0_JVA4&amp;__tn__=*NK-R\">#metroredes<\/a><\/p>\n\n\n\n<p><a href=\"https:\/\/www.facebook.com\/hashtag\/partidopodemos?__eep__=6&amp;__cft__[0]=AZUHws040P60kr_k9Mxj6A5sk-dgq56FlTDidnFr-gSyOt1RTR_-r-_n_SkTMH5dzMB454K8OPBodPR5XLMbOTosKFEHED44Ahe76NICyO0fMjrZHLsvpTJ14EdzQbIkH1CFpoCC7LGoMsCtfaIaKs7Aw9Sq73xwFfjpNAqFapz-C9sN9Khk1aSXfd70C0_JVA4&amp;__tn__=*NK-R\">#partidopodemos<\/a><\/p>\n\n\n\n<p><\/p>\n","protected":false},"excerpt":{"rendered":"<p>Los delegados que asistieron a la Asamblea Nacional del Partido PODEMOS proclamaron al empresario Roberto Arz\u00fa como candidato a la Presidencia quien en su discurso le declar\u00f3 la guerra al CACIF, y ahora se preguntan si el Tribunal Supremo Electoral TSE lo inscribir\u00e1n por incurrir en campa\u00f1a adelantada. Su compa\u00f1ero de f\u00f3rmula es el abogado <a class=\"read-more\" href=\"https:\/\/elmetropolitano.com.gt\/es\/roberto-arzu-proclamado-como-presidenciable-de-podemos-lo-inscribira-el-tse\/\">Leer m\u00e1s<\/a><\/p>\n","protected":false},"author":1,"featured_media":58573,"comment_status":"open","ping_status":"closed","sticky":false,"template":"","format":"standard","meta":{"footnotes":""},"categories":[97],"tags":[98],"class_list":["post-58572","post","type-post","status-publish","format-standard","has-post-thumbnail","hentry","category-politica","tag-politica"],"_links":{"self":[{"href":"https:\/\/elmetropolitano.com.gt\/es\/wp-json\/wp\/v2\/posts\/58572","targetHints":{"allow":["GET"]}}],"collection":[{"href":"https:\/\/elmetropolitano.com.gt\/es\/wp-json\/wp\/v2\/posts"}],"about":[{"href":"https:\/\/elmetropolitano.com.gt\/es\/wp-json\/wp\/v2\/types\/post"}],"author":[{"embeddable":true,"href":"https:\/\/elmetropolitano.com.gt\/es\/wp-json\/wp\/v2\/users\/1"}],"replies":[{"embeddable":true,"href":"https:\/\/elmetropolitano.com.gt\/es\/wp-json\/wp\/v2\/comments?post=58572"}],"version-history":[{"count":1,"href":"https:\/\/elmetropolitano.com.gt\/es\/wp-json\/wp\/v2\/posts\/58572\/revisions"}],"predecessor-version":[{"id":58574,"href":"https:\/\/elmetropolitano.com.gt\/es\/wp-json\/wp\/v2\/posts\/58572\/revisions\/58574"}],"wp:featuredmedia":[{"embeddable":true,"href":"https:\/\/elmetropolitano.com.gt\/es\/wp-json\/wp\/v2\/media\/58573"}],"wp:attachment":[{"href":"https:\/\/elmetropolitano.com.gt\/es\/wp-json\/wp\/v2\/media?parent=58572"}],"wp:term":[{"taxonomy":"category","embeddable":true,"href":"https:\/\/elmetropolitano.com.gt\/es\/wp-json\/wp\/v2\/categories?post=58572"},{"taxonomy":"post_tag","embeddable":true,"href":"https:\/\/elmetropolitano.com.gt\/es\/wp-json\/wp\/v2\/tags?post=58572"}],"curies":[{"name":"wp","href":"https:\/\/api.w.org\/{rel}","templated":true}]}}