{"id":58575,"date":"2022-12-11T21:37:25","date_gmt":"2022-12-12T03:37:25","guid":{"rendered":"https:\/\/elmetropolitano.com.gt\/es\/?p=58575"},"modified":"2022-12-11T21:37:25","modified_gmt":"2022-12-12T03:37:25","slug":"victoria-realiza-proclamaciones-en-izabal","status":"publish","type":"post","link":"https:\/\/elmetropolitano.com.gt\/es\/victoria-realiza-proclamaciones-en-izabal\/","title":{"rendered":"Victoria realiza proclamaciones en Izabal"},"content":{"rendered":"\n<p>Los delegados del departamento de Izabal del Partido VICTORIA en su asamblea departamental proclamaron este domingo a \u00c1lvaro Miranda como su candidato a diputado al Congreso de la Rep\u00fablica.<\/p>\n\n\n\n<p>En la asamblea municipal de Puerto Barrios se design\u00f3 a Jorge Estrada candidato alcalde y como Concejal 1 a Belsy Sazo y S\u00edndico 1 al se\u00f1or Ottoniel Linares<\/p><div class=\"elmet-contenido\" id=\"elmet-2848048464\"><div class=\"elmet-adlabel\">Anuncios<\/div><div style=\"margin-top: 20px;margin-right: 20px;margin-bottom: 20px;margin-left: 20px;\" id=\"elmet-3353756753\"><a href=\"https:\/\/www.facebook.com\/arrincuanantigua\/\" aria-label=\"cintillo-arrin-cual\"><img loading=\"lazy\" decoding=\"async\" src=\"https:\/\/elmetropolitano.com.gt\/es\/wp-content\/uploads\/2021\/11\/cintillo-arrin-cual-1.jpg\" alt=\"\"  srcset=\"https:\/\/elmetropolitano.com.gt\/es\/wp-content\/uploads\/2021\/11\/cintillo-arrin-cual-1.jpg 750w, https:\/\/elmetropolitano.com.gt\/es\/wp-content\/uploads\/2021\/11\/cintillo-arrin-cual-1-300x36.jpg 300w, https:\/\/elmetropolitano.com.gt\/es\/wp-content\/uploads\/2021\/11\/cintillo-arrin-cual-1-600x72.jpg 600w\" sizes=\"(max-width: 750px) 100vw, 750px\" width=\"750\" height=\"90\"   \/><\/a><\/div><\/div>\n\n\n\n<p>El secretario general del Partido Victoria Am\u00edlcar Rivera quien lleg\u00f3 a la asamblea exhorto a los juramentados a hacer hombres y mujeres de palabra \u00aba cumplir lo que dicen y hacer lo que hablan\u00bb<\/p>\n\n\n\n<p>Victoria est\u00e1 realizando sus \u00faltimas asambleas municipales y departamentales y tiene proclamada para el 15 de enero su Asamblea Nacional en el Parque de la Industria de la Ciudad Capital<\/p>\n\n\n\n<p><a href=\"https:\/\/www.facebook.com\/hashtag\/caminoeleccionesgt?__eep__=6&amp;__cft__[0]=AZX13uY_xL9rY2pR0AR2A5tHKn2ViLYdEZZJmyBOD-CMooLy4CiirjkF_fLf5Zw4ZFO0RZgsl5wTIxpqupBFxVr4vlryT1nNqtaQIBn3GdEzF8jVuWJ0S86SeUIzjUOjMyopkTx5nHHztSZZq9QhPmluvlI1EH6bnuf7gPOmUCQDUig07SS9DlfRvJh722pz9GI&amp;__tn__=*NK-R\">#CaminoEleccionesGT<\/a><a href=\"https:\/\/www.facebook.com\/hashtag\/izabal?__eep__=6&amp;__cft__[0]=AZX13uY_xL9rY2pR0AR2A5tHKn2ViLYdEZZJmyBOD-CMooLy4CiirjkF_fLf5Zw4ZFO0RZgsl5wTIxpqupBFxVr4vlryT1nNqtaQIBn3GdEzF8jVuWJ0S86SeUIzjUOjMyopkTx5nHHztSZZq9QhPmluvlI1EH6bnuf7gPOmUCQDUig07SS9DlfRvJh722pz9GI&amp;__tn__=*NK-R\">#Izabal<\/a><\/p>\n\n\n\n<p><a href=\"https:\/\/www.facebook.com\/hashtag\/partidovictoria?__eep__=6&amp;__cft__[0]=AZX13uY_xL9rY2pR0AR2A5tHKn2ViLYdEZZJmyBOD-CMooLy4CiirjkF_fLf5Zw4ZFO0RZgsl5wTIxpqupBFxVr4vlryT1nNqtaQIBn3GdEzF8jVuWJ0S86SeUIzjUOjMyopkTx5nHHztSZZq9QhPmluvlI1EH6bnuf7gPOmUCQDUig07SS9DlfRvJh722pz9GI&amp;__tn__=*NK-R\">#PartidoVictoria<\/a> #metroredes<\/p>\n\n\n\n<figure class=\"wp-block-gallery has-nested-images columns-default is-cropped wp-block-gallery-1 is-layout-flex wp-block-gallery-is-layout-flex\">\n<figure class=\"wp-block-image size-large\"><img loading=\"lazy\" decoding=\"async\" width=\"1024\" height=\"768\" data-id=\"58577\" src=\"https:\/\/elmetropolitano.com.gt\/es\/wp-content\/uploads\/2022\/12\/318739388_678377267315243_7210855651003355369_n-1024x768.jpg\" alt=\"\" class=\"wp-image-58577\" srcset=\"https:\/\/elmetropolitano.com.gt\/es\/wp-content\/uploads\/2022\/12\/318739388_678377267315243_7210855651003355369_n-1024x768.jpg 1024w, https:\/\/elmetropolitano.com.gt\/es\/wp-content\/uploads\/2022\/12\/318739388_678377267315243_7210855651003355369_n-300x225.jpg 300w, https:\/\/elmetropolitano.com.gt\/es\/wp-content\/uploads\/2022\/12\/318739388_678377267315243_7210855651003355369_n-768x576.jpg 768w, https:\/\/elmetropolitano.com.gt\/es\/wp-content\/uploads\/2022\/12\/318739388_678377267315243_7210855651003355369_n-600x450.jpg 600w, https:\/\/elmetropolitano.com.gt\/es\/wp-content\/uploads\/2022\/12\/318739388_678377267315243_7210855651003355369_n.jpg 1280w\" sizes=\"auto, (max-width: 1024px) 100vw, 1024px\" \/><\/figure>\n\n\n\n<figure class=\"wp-block-image size-large\"><img loading=\"lazy\" decoding=\"async\" width=\"576\" height=\"1024\" data-id=\"58578\" src=\"https:\/\/elmetropolitano.com.gt\/es\/wp-content\/uploads\/2022\/12\/319153038_678377237315246_6212154850036724199_n-576x1024.jpg\" alt=\"\" class=\"wp-image-58578\" srcset=\"https:\/\/elmetropolitano.com.gt\/es\/wp-content\/uploads\/2022\/12\/319153038_678377237315246_6212154850036724199_n-576x1024.jpg 576w, https:\/\/elmetropolitano.com.gt\/es\/wp-content\/uploads\/2022\/12\/319153038_678377237315246_6212154850036724199_n-169x300.jpg 169w, https:\/\/elmetropolitano.com.gt\/es\/wp-content\/uploads\/2022\/12\/319153038_678377237315246_6212154850036724199_n-768x1366.jpg 768w, https:\/\/elmetropolitano.com.gt\/es\/wp-content\/uploads\/2022\/12\/319153038_678377237315246_6212154850036724199_n-864x1536.jpg 864w, https:\/\/elmetropolitano.com.gt\/es\/wp-content\/uploads\/2022\/12\/319153038_678377237315246_6212154850036724199_n-600x1067.jpg 600w, https:\/\/elmetropolitano.com.gt\/es\/wp-content\/uploads\/2022\/12\/319153038_678377237315246_6212154850036724199_n.jpg 899w\" sizes=\"auto, (max-width: 576px) 100vw, 576px\" \/><\/figure>\n\n\n\n<figure class=\"wp-block-image size-large\"><img loading=\"lazy\" decoding=\"async\" width=\"1024\" height=\"768\" data-id=\"58580\" src=\"https:\/\/elmetropolitano.com.gt\/es\/wp-content\/uploads\/2022\/12\/319157651_678377260648577_7576681555278662442_n-1024x768.jpg\" alt=\"\" class=\"wp-image-58580\" srcset=\"https:\/\/elmetropolitano.com.gt\/es\/wp-content\/uploads\/2022\/12\/319157651_678377260648577_7576681555278662442_n-1024x768.jpg 1024w, https:\/\/elmetropolitano.com.gt\/es\/wp-content\/uploads\/2022\/12\/319157651_678377260648577_7576681555278662442_n-300x225.jpg 300w, https:\/\/elmetropolitano.com.gt\/es\/wp-content\/uploads\/2022\/12\/319157651_678377260648577_7576681555278662442_n-768x576.jpg 768w, https:\/\/elmetropolitano.com.gt\/es\/wp-content\/uploads\/2022\/12\/319157651_678377260648577_7576681555278662442_n-600x450.jpg 600w, https:\/\/elmetropolitano.com.gt\/es\/wp-content\/uploads\/2022\/12\/319157651_678377260648577_7576681555278662442_n.jpg 1280w\" sizes=\"auto, (max-width: 1024px) 100vw, 1024px\" \/><\/figure>\n\n\n\n<figure class=\"wp-block-image size-large\"><img loading=\"lazy\" decoding=\"async\" width=\"1024\" height=\"768\" data-id=\"58579\" src=\"https:\/\/elmetropolitano.com.gt\/es\/wp-content\/uploads\/2022\/12\/victoria-proclamaciones-en-izabal-1024x768.jpg\" alt=\"\" class=\"wp-image-58579\" srcset=\"https:\/\/elmetropolitano.com.gt\/es\/wp-content\/uploads\/2022\/12\/victoria-proclamaciones-en-izabal-1024x768.jpg 1024w, https:\/\/elmetropolitano.com.gt\/es\/wp-content\/uploads\/2022\/12\/victoria-proclamaciones-en-izabal-300x225.jpg 300w, https:\/\/elmetropolitano.com.gt\/es\/wp-content\/uploads\/2022\/12\/victoria-proclamaciones-en-izabal-768x576.jpg 768w, https:\/\/elmetropolitano.com.gt\/es\/wp-content\/uploads\/2022\/12\/victoria-proclamaciones-en-izabal-600x450.jpg 600w, https:\/\/elmetropolitano.com.gt\/es\/wp-content\/uploads\/2022\/12\/victoria-proclamaciones-en-izabal.jpg 1280w\" sizes=\"auto, (max-width: 1024px) 100vw, 1024px\" \/><\/figure>\n<\/figure>\n","protected":false},"excerpt":{"rendered":"<p>Los delegados del departamento de Izabal del Partido VICTORIA en su asamblea departamental proclamaron este domingo a \u00c1lvaro Miranda como su candidato a diputado al Congreso de la Rep\u00fablica. En la asamblea municipal de Puerto Barrios se design\u00f3 a Jorge Estrada candidato alcalde y como Concejal 1 a Belsy Sazo y S\u00edndico 1 al se\u00f1or <a class=\"read-more\" href=\"https:\/\/elmetropolitano.com.gt\/es\/victoria-realiza-proclamaciones-en-izabal\/\">Leer m\u00e1s<\/a><\/p>\n","protected":false},"author":1,"featured_media":58576,"comment_status":"open","ping_status":"closed","sticky":false,"template":"","format":"standard","meta":{"footnotes":""},"categories":[97],"tags":[98],"class_list":["post-58575","post","type-post","status-publish","format-standard","has-post-thumbnail","hentry","category-politica","tag-politica"],"_links":{"self":[{"href":"https:\/\/elmetropolitano.com.gt\/es\/wp-json\/wp\/v2\/posts\/58575","targetHints":{"allow":["GET"]}}],"collection":[{"href":"https:\/\/elmetropolitano.com.gt\/es\/wp-json\/wp\/v2\/posts"}],"about":[{"href":"https:\/\/elmetropolitano.com.gt\/es\/wp-json\/wp\/v2\/types\/post"}],"author":[{"embeddable":true,"href":"https:\/\/elmetropolitano.com.gt\/es\/wp-json\/wp\/v2\/users\/1"}],"replies":[{"embeddable":true,"href":"https:\/\/elmetropolitano.com.gt\/es\/wp-json\/wp\/v2\/comments?post=58575"}],"version-history":[{"count":1,"href":"https:\/\/elmetropolitano.com.gt\/es\/wp-json\/wp\/v2\/posts\/58575\/revisions"}],"predecessor-version":[{"id":58581,"href":"https:\/\/elmetropolitano.com.gt\/es\/wp-json\/wp\/v2\/posts\/58575\/revisions\/58581"}],"wp:featuredmedia":[{"embeddable":true,"href":"https:\/\/elmetropolitano.com.gt\/es\/wp-json\/wp\/v2\/media\/58576"}],"wp:attachment":[{"href":"https:\/\/elmetropolitano.com.gt\/es\/wp-json\/wp\/v2\/media?parent=58575"}],"wp:term":[{"taxonomy":"category","embeddable":true,"href":"https:\/\/elmetropolitano.com.gt\/es\/wp-json\/wp\/v2\/categories?post=58575"},{"taxonomy":"post_tag","embeddable":true,"href":"https:\/\/elmetropolitano.com.gt\/es\/wp-json\/wp\/v2\/tags?post=58575"}],"curies":[{"name":"wp","href":"https:\/\/api.w.org\/{rel}","templated":true}]}}