{"id":58582,"date":"2022-12-11T21:40:04","date_gmt":"2022-12-12T03:40:04","guid":{"rendered":"https:\/\/elmetropolitano.com.gt\/es\/?p=58582"},"modified":"2022-12-11T21:40:05","modified_gmt":"2022-12-12T03:40:05","slug":"mulet-ya-es-candidato-presidencial-de-su-partido-cabal-hoy-fue-proclamado","status":"publish","type":"post","link":"https:\/\/elmetropolitano.com.gt\/es\/mulet-ya-es-candidato-presidencial-de-su-partido-cabal-hoy-fue-proclamado\/","title":{"rendered":"Mulet ya es candidato presidencial de su partido CABAL, hoy fue proclamado"},"content":{"rendered":"\n<p>El Partido CABAL proclam\u00f3 este domingo a su binomio presidencial encabezado por Edmond Mulet y M\u00e1ximo Augusto Santa Cruz Anchissi un desconocido en la vida pol\u00edtica del pa\u00eds<\/p>\n\n\n\n<p>En su discurso de aceptaci\u00f3n en las antiguas instalaciones del Estadio del Ej\u00e9rcito se propuso como meta que se reduzca el n\u00famero de diputados al Congreso de la Rep\u00fablica y desaparezca el Parlamento Centro Americano PARLACEN<\/p><div class=\"elmet-contenido\" id=\"elmet-3595254589\"><div class=\"elmet-adlabel\">Anuncios<\/div><div style=\"margin-top: 20px;margin-right: 20px;margin-bottom: 20px;margin-left: 20px;\" id=\"elmet-3948574245\"><a href=\"https:\/\/www.facebook.com\/arrincuanantigua\/\" aria-label=\"cintillo-arrin-cual\"><img loading=\"lazy\" decoding=\"async\" src=\"https:\/\/elmetropolitano.com.gt\/es\/wp-content\/uploads\/2021\/11\/cintillo-arrin-cual-1.jpg\" alt=\"\"  srcset=\"https:\/\/elmetropolitano.com.gt\/es\/wp-content\/uploads\/2021\/11\/cintillo-arrin-cual-1.jpg 750w, https:\/\/elmetropolitano.com.gt\/es\/wp-content\/uploads\/2021\/11\/cintillo-arrin-cual-1-300x36.jpg 300w, https:\/\/elmetropolitano.com.gt\/es\/wp-content\/uploads\/2021\/11\/cintillo-arrin-cual-1-600x72.jpg 600w\" sizes=\"(max-width: 750px) 100vw, 750px\" width=\"750\" height=\"90\"   \/><\/a><\/div><\/div>\n\n\n\n<p>Sin embargo, solo es un discurso pol\u00edtico porque si eso es lo que busca Mulet no hubiera elegido candidatos por listado nacional, el que es encabezado por conocidos de la vieja pol\u00edtica como Julio H\u00e9ctor Estrada Dom\u00ednguez, quien ya fue candidato presidencial y exministro de finanzas.<\/p>\n\n\n\n<p>Mulet que por segunda vez busca la presidencia en la asamblea de este domingo no postul\u00f3 candidatos al Parlamento Centroamericano y anunci\u00f3 que presentar\u00e1 una petici\u00f3n al Congreso de la Rep\u00fablica acompa\u00f1ada de cinco mil firmas para que este desaparezca<\/p>\n\n\n\n<p>\u201cVamos a reducir el n\u00famero de diputados en el Congreso y con eso no solo estaremos atacando de manera frontal la corrupci\u00f3n y los abusos, tambi\u00e9n estaremos reduciendo gastos, y ese dinero que no se quedar\u00e1 en las esferas del poder lo vamos a aplicar donde m\u00e1s se necesita\u201d, indic\u00f3 Mulet ante sus m\u00e1s de dos mil simpatizantes que llegaron a la Asamblea Nacional<\/p>\n\n\n\n<p>Mulet ya Particip\u00f3 en las elecciones del 2019 con el Partido Humanista de Guatemala PHG, quedando en una tercera posici\u00f3n y para poder participar en las elecciones del pr\u00f3ximo a\u00f1o cre\u00f3 su propio partido con la participaci\u00f3n de integrantes de la vieja pol\u00edtica lo que lo convierte en un partido de m\u00e1s de lo mismo.<\/p>\n\n\n\n<p>Ahora hay que esperar para establecer si el Tribunal Supremo Electoral TSE lo inscribir\u00e1 como candidato<\/p>\n\n\n\n<p>Hay que recordar que la m\u00e1xima<\/p>\n\n\n\n<p>instancia en materia electoral es el TSE, quien ya ha advertido a Mulet por supuesta campa\u00f1a anticipada, especialmente por el lanzamiento de un libro sobre su trayectoria que utiliz\u00f3 para promover su imagen en todo el pa\u00eds.<\/p>\n\n\n\n<p><a href=\"https:\/\/www.facebook.com\/hashtag\/caminoeleccionesgt?__eep__=6&amp;__cft__[0]=AZWBSG0eiJvqKrwDeZ0Oy36WLw3FynV6PjM2d5urRjesfdEZ8glVt-Aa6y2AbkV350AbCHawgfmeox4YBarV2TC6y5RIb_5lH6_whUWbnaxP6wIR1IollzwbrhhExef0bSKeUM64f6AJQWhW7yqxVCyJH5g0ERQKYcrrlorWwo91M2bZxY_qM8zPIRlQuiCCXS4&amp;__tn__=*NK-R\">#CaminoEleccionesGT<\/a><\/p>\n\n\n\n<p><a href=\"https:\/\/www.facebook.com\/hashtag\/partidocabal?__eep__=6&amp;__cft__[0]=AZWBSG0eiJvqKrwDeZ0Oy36WLw3FynV6PjM2d5urRjesfdEZ8glVt-Aa6y2AbkV350AbCHawgfmeox4YBarV2TC6y5RIb_5lH6_whUWbnaxP6wIR1IollzwbrhhExef0bSKeUM64f6AJQWhW7yqxVCyJH5g0ERQKYcrrlorWwo91M2bZxY_qM8zPIRlQuiCCXS4&amp;__tn__=*NK-R\">#PartidoCabal<\/a><a href=\"https:\/\/www.facebook.com\/hashtag\/metroredes?__eep__=6&amp;__cft__[0]=AZWBSG0eiJvqKrwDeZ0Oy36WLw3FynV6PjM2d5urRjesfdEZ8glVt-Aa6y2AbkV350AbCHawgfmeox4YBarV2TC6y5RIb_5lH6_whUWbnaxP6wIR1IollzwbrhhExef0bSKeUM64f6AJQWhW7yqxVCyJH5g0ERQKYcrrlorWwo91M2bZxY_qM8zPIRlQuiCCXS4&amp;__tn__=*NK-R\">#metroredes<\/a><\/p>\n\n\n\n<figure class=\"wp-block-gallery has-nested-images columns-default is-cropped wp-block-gallery-1 is-layout-flex wp-block-gallery-is-layout-flex\">\n<figure class=\"wp-block-image size-large\"><img loading=\"lazy\" decoding=\"async\" width=\"855\" height=\"571\" data-id=\"58584\" src=\"https:\/\/elmetropolitano.com.gt\/es\/wp-content\/uploads\/2022\/12\/319612872_678407910645512_101553994506178325_n.jpg\" alt=\"\" class=\"wp-image-58584\" srcset=\"https:\/\/elmetropolitano.com.gt\/es\/wp-content\/uploads\/2022\/12\/319612872_678407910645512_101553994506178325_n.jpg 855w, https:\/\/elmetropolitano.com.gt\/es\/wp-content\/uploads\/2022\/12\/319612872_678407910645512_101553994506178325_n-300x200.jpg 300w, https:\/\/elmetropolitano.com.gt\/es\/wp-content\/uploads\/2022\/12\/319612872_678407910645512_101553994506178325_n-768x513.jpg 768w, https:\/\/elmetropolitano.com.gt\/es\/wp-content\/uploads\/2022\/12\/319612872_678407910645512_101553994506178325_n-600x401.jpg 600w\" sizes=\"auto, (max-width: 855px) 100vw, 855px\" \/><\/figure>\n\n\n\n<figure class=\"wp-block-image size-large\"><img loading=\"lazy\" decoding=\"async\" width=\"853\" height=\"568\" data-id=\"58585\" src=\"https:\/\/elmetropolitano.com.gt\/es\/wp-content\/uploads\/2022\/12\/319788340_678407930645510_6963505744628012304_n.jpg\" alt=\"\" class=\"wp-image-58585\" srcset=\"https:\/\/elmetropolitano.com.gt\/es\/wp-content\/uploads\/2022\/12\/319788340_678407930645510_6963505744628012304_n.jpg 853w, https:\/\/elmetropolitano.com.gt\/es\/wp-content\/uploads\/2022\/12\/319788340_678407930645510_6963505744628012304_n-300x200.jpg 300w, https:\/\/elmetropolitano.com.gt\/es\/wp-content\/uploads\/2022\/12\/319788340_678407930645510_6963505744628012304_n-768x511.jpg 768w, https:\/\/elmetropolitano.com.gt\/es\/wp-content\/uploads\/2022\/12\/319788340_678407930645510_6963505744628012304_n-600x400.jpg 600w\" sizes=\"auto, (max-width: 853px) 100vw, 853px\" \/><\/figure>\n<\/figure>\n","protected":false},"excerpt":{"rendered":"<p>El Partido CABAL proclam\u00f3 este domingo a su binomio presidencial encabezado por Edmond Mulet y M\u00e1ximo Augusto Santa Cruz Anchissi un desconocido en la vida pol\u00edtica del pa\u00eds En su discurso de aceptaci\u00f3n en las antiguas instalaciones del Estadio del Ej\u00e9rcito se propuso como meta que se reduzca el n\u00famero de diputados al Congreso de <a class=\"read-more\" href=\"https:\/\/elmetropolitano.com.gt\/es\/mulet-ya-es-candidato-presidencial-de-su-partido-cabal-hoy-fue-proclamado\/\">Leer m\u00e1s<\/a><\/p>\n","protected":false},"author":1,"featured_media":58583,"comment_status":"open","ping_status":"closed","sticky":false,"template":"","format":"standard","meta":{"footnotes":""},"categories":[97],"tags":[98],"class_list":["post-58582","post","type-post","status-publish","format-standard","has-post-thumbnail","hentry","category-politica","tag-politica"],"_links":{"self":[{"href":"https:\/\/elmetropolitano.com.gt\/es\/wp-json\/wp\/v2\/posts\/58582","targetHints":{"allow":["GET"]}}],"collection":[{"href":"https:\/\/elmetropolitano.com.gt\/es\/wp-json\/wp\/v2\/posts"}],"about":[{"href":"https:\/\/elmetropolitano.com.gt\/es\/wp-json\/wp\/v2\/types\/post"}],"author":[{"embeddable":true,"href":"https:\/\/elmetropolitano.com.gt\/es\/wp-json\/wp\/v2\/users\/1"}],"replies":[{"embeddable":true,"href":"https:\/\/elmetropolitano.com.gt\/es\/wp-json\/wp\/v2\/comments?post=58582"}],"version-history":[{"count":1,"href":"https:\/\/elmetropolitano.com.gt\/es\/wp-json\/wp\/v2\/posts\/58582\/revisions"}],"predecessor-version":[{"id":58586,"href":"https:\/\/elmetropolitano.com.gt\/es\/wp-json\/wp\/v2\/posts\/58582\/revisions\/58586"}],"wp:featuredmedia":[{"embeddable":true,"href":"https:\/\/elmetropolitano.com.gt\/es\/wp-json\/wp\/v2\/media\/58583"}],"wp:attachment":[{"href":"https:\/\/elmetropolitano.com.gt\/es\/wp-json\/wp\/v2\/media?parent=58582"}],"wp:term":[{"taxonomy":"category","embeddable":true,"href":"https:\/\/elmetropolitano.com.gt\/es\/wp-json\/wp\/v2\/categories?post=58582"},{"taxonomy":"post_tag","embeddable":true,"href":"https:\/\/elmetropolitano.com.gt\/es\/wp-json\/wp\/v2\/tags?post=58582"}],"curies":[{"name":"wp","href":"https:\/\/api.w.org\/{rel}","templated":true}]}}