{"id":58587,"date":"2022-12-11T21:42:52","date_gmt":"2022-12-12T03:42:52","guid":{"rendered":"https:\/\/elmetropolitano.com.gt\/es\/?p=58587"},"modified":"2022-12-11T21:42:53","modified_gmt":"2022-12-12T03:42:53","slug":"los-unionistas-los-ganadores-de-la-alianza-valor-unionista","status":"publish","type":"post","link":"https:\/\/elmetropolitano.com.gt\/es\/los-unionistas-los-ganadores-de-la-alianza-valor-unionista\/","title":{"rendered":"Los Unionistas los ganadores de la alianza Valor-Unionista"},"content":{"rendered":"\n<p>Hasta hoy la \u00fanica alianza pol\u00edtica que participar\u00e1 en las elecciones del pr\u00f3ximo a\u00f1o es la oficializada este domingo Valor-Unionistas con su binomio Zuri Mayt\u00e9 R\u00edos Sosa y el veterano funcionario municipal H\u00e9ctor Adolfo Cifuentes Mendoza.<\/p>\n\n\n\n<p>En <a><\/a>esta alianza el gran ganador es el Partido Unionista por que evita desaparecer del esquema pol\u00edtico porque si lo hac\u00eda de forma solitaria el camino era desaparecer<\/p><div class=\"elmet-contenido\" id=\"elmet-2214030299\"><div class=\"elmet-adlabel\">Anuncios<\/div><div style=\"margin-top: 20px;margin-right: 20px;margin-bottom: 20px;margin-left: 20px;\" id=\"elmet-682868633\"><a href=\"https:\/\/www.facebook.com\/arrincuanantigua\/\" aria-label=\"cintillo-arrin-cual\"><img loading=\"lazy\" decoding=\"async\" src=\"https:\/\/elmetropolitano.com.gt\/es\/wp-content\/uploads\/2021\/11\/cintillo-arrin-cual-1.jpg\" alt=\"\"  srcset=\"https:\/\/elmetropolitano.com.gt\/es\/wp-content\/uploads\/2021\/11\/cintillo-arrin-cual-1.jpg 750w, https:\/\/elmetropolitano.com.gt\/es\/wp-content\/uploads\/2021\/11\/cintillo-arrin-cual-1-300x36.jpg 300w, https:\/\/elmetropolitano.com.gt\/es\/wp-content\/uploads\/2021\/11\/cintillo-arrin-cual-1-600x72.jpg 600w\" sizes=\"(max-width: 750px) 100vw, 750px\" width=\"750\" height=\"90\"   \/><\/a><\/div><\/div>\n\n\n\n<p>Los Unionistas no solo logran la candidatura de la vicepresidencia, sino que su secretario general el diputado \u00c1lvaro Arz\u00fa Escobar encabeza el listado de diputados a nivel nacional, y su exministro de gobernaci\u00f3n en tiempos de Jimmy Morales Enrique Degenhart en el listado de diputados por la ciudad capital o distrito central en donde tambi\u00e9n aparece la ex ministra de relaciones exteriores Sandra Jovel apoyada por Valor.<\/p>\n\n\n\n<p>Zuri R\u00edos al agradecer a los delegados que la eligieron dijo que, \u201cAcepto el desaf\u00edo es el m\u00e1s alto honor\u00bb. Ahora el debate se centra en si los magistrados del Tribunal Supremo Electoral TSE la inscribir\u00e1n como candidata presidencial por el Impedimento constitucional que tiene por ser hija del ex jefe de estado Efra\u00edn R\u00edos Montt<\/p>\n\n\n\n<p><a href=\"https:\/\/www.facebook.com\/hashtag\/caminoeleccionesgt?__eep__=6&amp;__cft__[0]=AZVsUIB7zWiIxu0MGq9mOE87hi4Al7WuSouN-9DU1cXmFZEGl_n2PnKvwnT8XUBsD95kc47nOBhX1NopxhrkjYyI4nu91ZzcsRv--UvdVrX23YNvEgQomAQ22ln2Y8sx-h3Xg4hKsQH9n0F_YAav1cA6aea7taLlbrg2QR4MyOABhE3LGwTeMYR_3FY7uiQr8_k&amp;__tn__=*NK-R\">#CaminoEleccionesGT<\/a><a href=\"https:\/\/www.facebook.com\/hashtag\/metroredes?__eep__=6&amp;__cft__[0]=AZVsUIB7zWiIxu0MGq9mOE87hi4Al7WuSouN-9DU1cXmFZEGl_n2PnKvwnT8XUBsD95kc47nOBhX1NopxhrkjYyI4nu91ZzcsRv--UvdVrX23YNvEgQomAQ22ln2Y8sx-h3Xg4hKsQH9n0F_YAav1cA6aea7taLlbrg2QR4MyOABhE3LGwTeMYR_3FY7uiQr8_k&amp;__tn__=*NK-R\">#metroredes<\/a><\/p>\n\n\n\n<p><a href=\"https:\/\/www.facebook.com\/hashtag\/partidovalor?__eep__=6&amp;__cft__[0]=AZVsUIB7zWiIxu0MGq9mOE87hi4Al7WuSouN-9DU1cXmFZEGl_n2PnKvwnT8XUBsD95kc47nOBhX1NopxhrkjYyI4nu91ZzcsRv--UvdVrX23YNvEgQomAQ22ln2Y8sx-h3Xg4hKsQH9n0F_YAav1cA6aea7taLlbrg2QR4MyOABhE3LGwTeMYR_3FY7uiQr8_k&amp;__tn__=*NK-R\">#PartidoValor<\/a><a href=\"https:\/\/www.facebook.com\/hashtag\/partidounionista?__eep__=6&amp;__cft__[0]=AZVsUIB7zWiIxu0MGq9mOE87hi4Al7WuSouN-9DU1cXmFZEGl_n2PnKvwnT8XUBsD95kc47nOBhX1NopxhrkjYyI4nu91ZzcsRv--UvdVrX23YNvEgQomAQ22ln2Y8sx-h3Xg4hKsQH9n0F_YAav1cA6aea7taLlbrg2QR4MyOABhE3LGwTeMYR_3FY7uiQr8_k&amp;__tn__=*NK-R\">#PartidoUnionista<\/a><\/p>\n\n\n\n<p><a href=\"https:\/\/www.facebook.com\/hashtag\/alianzavalorunionista?__eep__=6&amp;__cft__[0]=AZVsUIB7zWiIxu0MGq9mOE87hi4Al7WuSouN-9DU1cXmFZEGl_n2PnKvwnT8XUBsD95kc47nOBhX1NopxhrkjYyI4nu91ZzcsRv--UvdVrX23YNvEgQomAQ22ln2Y8sx-h3Xg4hKsQH9n0F_YAav1cA6aea7taLlbrg2QR4MyOABhE3LGwTeMYR_3FY7uiQr8_k&amp;__tn__=*NK-R\">#AlianzaValorUnionista<\/a><\/p>\n\n\n\n<figure class=\"wp-block-gallery has-nested-images columns-default is-cropped wp-block-gallery-1 is-layout-flex wp-block-gallery-is-layout-flex\">\n<figure class=\"wp-block-image size-large\"><img loading=\"lazy\" decoding=\"async\" width=\"907\" height=\"680\" data-id=\"58589\" src=\"https:\/\/elmetropolitano.com.gt\/es\/wp-content\/uploads\/2022\/12\/319630946_678479287305041_802000103588611604_n.jpg\" alt=\"\" class=\"wp-image-58589\" srcset=\"https:\/\/elmetropolitano.com.gt\/es\/wp-content\/uploads\/2022\/12\/319630946_678479287305041_802000103588611604_n.jpg 907w, https:\/\/elmetropolitano.com.gt\/es\/wp-content\/uploads\/2022\/12\/319630946_678479287305041_802000103588611604_n-300x225.jpg 300w, https:\/\/elmetropolitano.com.gt\/es\/wp-content\/uploads\/2022\/12\/319630946_678479287305041_802000103588611604_n-768x576.jpg 768w, https:\/\/elmetropolitano.com.gt\/es\/wp-content\/uploads\/2022\/12\/319630946_678479287305041_802000103588611604_n-600x450.jpg 600w\" sizes=\"auto, (max-width: 907px) 100vw, 907px\" \/><\/figure>\n\n\n\n<figure class=\"wp-block-image size-large\"><img loading=\"lazy\" decoding=\"async\" width=\"1024\" height=\"1024\" data-id=\"58590\" src=\"https:\/\/elmetropolitano.com.gt\/es\/wp-content\/uploads\/2022\/12\/319633978_678479563971680_350440294194723742_n-1024x1024.jpg\" alt=\"\" class=\"wp-image-58590\" srcset=\"https:\/\/elmetropolitano.com.gt\/es\/wp-content\/uploads\/2022\/12\/319633978_678479563971680_350440294194723742_n-1024x1024.jpg 1024w, https:\/\/elmetropolitano.com.gt\/es\/wp-content\/uploads\/2022\/12\/319633978_678479563971680_350440294194723742_n-300x300.jpg 300w, https:\/\/elmetropolitano.com.gt\/es\/wp-content\/uploads\/2022\/12\/319633978_678479563971680_350440294194723742_n-150x150.jpg 150w, https:\/\/elmetropolitano.com.gt\/es\/wp-content\/uploads\/2022\/12\/319633978_678479563971680_350440294194723742_n-768x768.jpg 768w, https:\/\/elmetropolitano.com.gt\/es\/wp-content\/uploads\/2022\/12\/319633978_678479563971680_350440294194723742_n-600x600.jpg 600w, https:\/\/elmetropolitano.com.gt\/es\/wp-content\/uploads\/2022\/12\/319633978_678479563971680_350440294194723742_n-100x100.jpg 100w, https:\/\/elmetropolitano.com.gt\/es\/wp-content\/uploads\/2022\/12\/319633978_678479563971680_350440294194723742_n.jpg 1363w\" sizes=\"auto, (max-width: 1024px) 100vw, 1024px\" \/><\/figure>\n\n\n\n<figure class=\"wp-block-image size-large\"><img loading=\"lazy\" decoding=\"async\" width=\"1024\" height=\"682\" data-id=\"58591\" src=\"https:\/\/elmetropolitano.com.gt\/es\/wp-content\/uploads\/2022\/12\/319698363_678479513971685_3237835990146142563_n-1024x682.jpg\" alt=\"\" class=\"wp-image-58591\" srcset=\"https:\/\/elmetropolitano.com.gt\/es\/wp-content\/uploads\/2022\/12\/319698363_678479513971685_3237835990146142563_n-1024x682.jpg 1024w, https:\/\/elmetropolitano.com.gt\/es\/wp-content\/uploads\/2022\/12\/319698363_678479513971685_3237835990146142563_n-300x200.jpg 300w, https:\/\/elmetropolitano.com.gt\/es\/wp-content\/uploads\/2022\/12\/319698363_678479513971685_3237835990146142563_n-768x512.jpg 768w, https:\/\/elmetropolitano.com.gt\/es\/wp-content\/uploads\/2022\/12\/319698363_678479513971685_3237835990146142563_n-600x400.jpg 600w, https:\/\/elmetropolitano.com.gt\/es\/wp-content\/uploads\/2022\/12\/319698363_678479513971685_3237835990146142563_n.jpg 1280w\" sizes=\"auto, (max-width: 1024px) 100vw, 1024px\" \/><\/figure>\n<\/figure>\n","protected":false},"excerpt":{"rendered":"<p>Hasta hoy la \u00fanica alianza pol\u00edtica que participar\u00e1 en las elecciones del pr\u00f3ximo a\u00f1o es la oficializada este domingo Valor-Unionistas con su binomio Zuri Mayt\u00e9 R\u00edos Sosa y el veterano funcionario municipal H\u00e9ctor Adolfo Cifuentes Mendoza. En esta alianza el gran ganador es el Partido Unionista por que evita desaparecer del esquema pol\u00edtico porque si <a class=\"read-more\" href=\"https:\/\/elmetropolitano.com.gt\/es\/los-unionistas-los-ganadores-de-la-alianza-valor-unionista\/\">Leer m\u00e1s<\/a><\/p>\n","protected":false},"author":1,"featured_media":58588,"comment_status":"open","ping_status":"closed","sticky":false,"template":"","format":"standard","meta":{"footnotes":""},"categories":[97],"tags":[98],"class_list":["post-58587","post","type-post","status-publish","format-standard","has-post-thumbnail","hentry","category-politica","tag-politica"],"_links":{"self":[{"href":"https:\/\/elmetropolitano.com.gt\/es\/wp-json\/wp\/v2\/posts\/58587","targetHints":{"allow":["GET"]}}],"collection":[{"href":"https:\/\/elmetropolitano.com.gt\/es\/wp-json\/wp\/v2\/posts"}],"about":[{"href":"https:\/\/elmetropolitano.com.gt\/es\/wp-json\/wp\/v2\/types\/post"}],"author":[{"embeddable":true,"href":"https:\/\/elmetropolitano.com.gt\/es\/wp-json\/wp\/v2\/users\/1"}],"replies":[{"embeddable":true,"href":"https:\/\/elmetropolitano.com.gt\/es\/wp-json\/wp\/v2\/comments?post=58587"}],"version-history":[{"count":1,"href":"https:\/\/elmetropolitano.com.gt\/es\/wp-json\/wp\/v2\/posts\/58587\/revisions"}],"predecessor-version":[{"id":58592,"href":"https:\/\/elmetropolitano.com.gt\/es\/wp-json\/wp\/v2\/posts\/58587\/revisions\/58592"}],"wp:featuredmedia":[{"embeddable":true,"href":"https:\/\/elmetropolitano.com.gt\/es\/wp-json\/wp\/v2\/media\/58588"}],"wp:attachment":[{"href":"https:\/\/elmetropolitano.com.gt\/es\/wp-json\/wp\/v2\/media?parent=58587"}],"wp:term":[{"taxonomy":"category","embeddable":true,"href":"https:\/\/elmetropolitano.com.gt\/es\/wp-json\/wp\/v2\/categories?post=58587"},{"taxonomy":"post_tag","embeddable":true,"href":"https:\/\/elmetropolitano.com.gt\/es\/wp-json\/wp\/v2\/tags?post=58587"}],"curies":[{"name":"wp","href":"https:\/\/api.w.org\/{rel}","templated":true}]}}