{"id":58605,"date":"2022-12-11T21:52:20","date_gmt":"2022-12-12T03:52:20","guid":{"rendered":"https:\/\/elmetropolitano.com.gt\/es\/?p=58605"},"modified":"2022-12-11T21:52:58","modified_gmt":"2022-12-12T03:52:58","slug":"jovel-y-degenghart-en-unionista-valor-el-regimen-se-recicla","status":"publish","type":"post","link":"https:\/\/elmetropolitano.com.gt\/es\/jovel-y-degenghart-en-unionista-valor-el-regimen-se-recicla\/","title":{"rendered":"Jovel y Degenghart en Unionista-Valor: El r\u00e9gimen se recicla"},"content":{"rendered":"\n<p><a href=\"https:\/\/www.facebook.com\/hashtag\/asilodijo?__eep__=6&amp;__cft__[0]=AZUWIShers2oU1JFKCEUyDIHXAtazLB3IwCOYqrAMG7ugjsbF2Kt3lO7XS3EUlqYIulNXA2nnNd9QdJ7Ap1mjgZc8cx6YAkNelbB3cJej7oBaK1WL0YiRsNbSLsZcKF_Hc67JAQJzbfeMwQyqISiD6N4k3fK59c3gxcIKmrhEK1J0yYQCz6ZfO8OboW_y5eR7ns&amp;__tn__=*NK-R\">#AsiLoDijo<\/a><\/p>\n\n\n\n<p>\u201cJovel y Degenhart en Unionista-Valor: el r\u00e9gimen se recicla. Dos de las personas que m\u00e1s da\u00f1o le han hecho al pueblo de Guatemala ahora van a competir para diputaciones en la capital. Como que no hubieran sido de los m\u00e1s destructivos funcionarios p\u00fablicos de las \u00faltimas d\u00e9cadas\u201d<\/p><div class=\"elmet-contenido\" id=\"elmet-2297376048\"><div class=\"elmet-adlabel\">Anuncios<\/div><div style=\"margin-top: 20px;margin-right: 20px;margin-bottom: 20px;margin-left: 20px;\" id=\"elmet-2003448868\"><a href=\"https:\/\/www.facebook.com\/arrincuanantigua\/\" aria-label=\"cintillo-arrin-cual\"><img loading=\"lazy\" decoding=\"async\" src=\"https:\/\/elmetropolitano.com.gt\/es\/wp-content\/uploads\/2021\/11\/cintillo-arrin-cual-1.jpg\" alt=\"\"  srcset=\"https:\/\/elmetropolitano.com.gt\/es\/wp-content\/uploads\/2021\/11\/cintillo-arrin-cual-1.jpg 750w, https:\/\/elmetropolitano.com.gt\/es\/wp-content\/uploads\/2021\/11\/cintillo-arrin-cual-1-300x36.jpg 300w, https:\/\/elmetropolitano.com.gt\/es\/wp-content\/uploads\/2021\/11\/cintillo-arrin-cual-1-600x72.jpg 600w\" sizes=\"(max-width: 750px) 100vw, 750px\" width=\"750\" height=\"90\"   \/><\/a><\/div><\/div>\n\n\n\n<p>Samuel P\u00e9rez \u00c1lvarez<\/p>\n\n\n\n<p>Diputado Semilla<\/p>\n\n\n\n<p>#metroredes<\/p>\n\n\n\n<p><\/p>\n","protected":false},"excerpt":{"rendered":"<p>#AsiLoDijo \u201cJovel y Degenhart en Unionista-Valor: el r\u00e9gimen se recicla. Dos de las personas que m\u00e1s da\u00f1o le han hecho al pueblo de Guatemala ahora van a competir para diputaciones en la capital. Como que no hubieran sido de los m\u00e1s destructivos funcionarios p\u00fablicos de las \u00faltimas d\u00e9cadas\u201d Samuel P\u00e9rez \u00c1lvarez Diputado Semilla #metroredes<\/p>\n","protected":false},"author":1,"featured_media":58606,"comment_status":"open","ping_status":"closed","sticky":false,"template":"","format":"standard","meta":{"footnotes":""},"categories":[23],"tags":[25],"class_list":["post-58605","post","type-post","status-publish","format-standard","has-post-thumbnail","hentry","category-opinion","tag-opinion"],"_links":{"self":[{"href":"https:\/\/elmetropolitano.com.gt\/es\/wp-json\/wp\/v2\/posts\/58605","targetHints":{"allow":["GET"]}}],"collection":[{"href":"https:\/\/elmetropolitano.com.gt\/es\/wp-json\/wp\/v2\/posts"}],"about":[{"href":"https:\/\/elmetropolitano.com.gt\/es\/wp-json\/wp\/v2\/types\/post"}],"author":[{"embeddable":true,"href":"https:\/\/elmetropolitano.com.gt\/es\/wp-json\/wp\/v2\/users\/1"}],"replies":[{"embeddable":true,"href":"https:\/\/elmetropolitano.com.gt\/es\/wp-json\/wp\/v2\/comments?post=58605"}],"version-history":[{"count":1,"href":"https:\/\/elmetropolitano.com.gt\/es\/wp-json\/wp\/v2\/posts\/58605\/revisions"}],"predecessor-version":[{"id":58607,"href":"https:\/\/elmetropolitano.com.gt\/es\/wp-json\/wp\/v2\/posts\/58605\/revisions\/58607"}],"wp:featuredmedia":[{"embeddable":true,"href":"https:\/\/elmetropolitano.com.gt\/es\/wp-json\/wp\/v2\/media\/58606"}],"wp:attachment":[{"href":"https:\/\/elmetropolitano.com.gt\/es\/wp-json\/wp\/v2\/media?parent=58605"}],"wp:term":[{"taxonomy":"category","embeddable":true,"href":"https:\/\/elmetropolitano.com.gt\/es\/wp-json\/wp\/v2\/categories?post=58605"},{"taxonomy":"post_tag","embeddable":true,"href":"https:\/\/elmetropolitano.com.gt\/es\/wp-json\/wp\/v2\/tags?post=58605"}],"curies":[{"name":"wp","href":"https:\/\/api.w.org\/{rel}","templated":true}]}}