{"id":58610,"date":"2022-12-12T10:22:28","date_gmt":"2022-12-12T16:22:28","guid":{"rendered":"https:\/\/elmetropolitano.com.gt\/es\/?p=58610"},"modified":"2022-12-12T10:22:28","modified_gmt":"2022-12-12T16:22:28","slug":"vamos-intensifica-jornadas-de-afiliacion-bajo-la-coordinacion-de-mario-mendez-montenegro","status":"publish","type":"post","link":"https:\/\/elmetropolitano.com.gt\/es\/vamos-intensifica-jornadas-de-afiliacion-bajo-la-coordinacion-de-mario-mendez-montenegro\/","title":{"rendered":"Vamos intensifica jornadas de afiliaci\u00f3n bajo la coordinaci\u00f3n de Mario M\u00e9ndez Montenegro"},"content":{"rendered":"\n<p>Con una sonrisa en el rostro, compromiso de trabajo y deseo de tener una Ciudad Diferente; as\u00ed se ve\u00edan centenares de vecinos capitalinos, quienes, durante el fin de semana asistieron a las diversas jornadas de formaci\u00f3n pol\u00edtica y capacitaci\u00f3n organizadas por la regi\u00f3n metropolitana del partido VAMOS con la presencia de Mario M\u00e9ndez Montenegro y amparadas en el art\u00edculo 20, <a><\/a>inciso H, de la ley electoral y de partidos pol\u00edticos.<\/p>\n\n\n\n<p>La primera se desarroll\u00f3 en la colonia Sakerti de la zona 7 capitalina. All\u00ed, los ciudadanos conocieron la filosof\u00eda e ideolog\u00eda pol\u00edtica del partido m\u00e1s grande y mejor organizado de Guatemala. Al mismo tiempo que expresaron su clamor por un servicio de transporte p\u00fablico digno, ya que se ven obligados a pagar altas tarifas a veh\u00edculos particulares para trasladarse a sus lugares de trabajo o estudios.<\/p><div class=\"elmet-contenido\" id=\"elmet-1222632750\"><div class=\"elmet-adlabel\">Anuncios<\/div><div style=\"margin-top: 20px;margin-right: 20px;margin-bottom: 20px;margin-left: 20px;\" id=\"elmet-4245864651\"><a href=\"https:\/\/www.facebook.com\/arrincuanantigua\/\" aria-label=\"cintillo-arrin-cual\"><img loading=\"lazy\" decoding=\"async\" src=\"https:\/\/elmetropolitano.com.gt\/es\/wp-content\/uploads\/2021\/11\/cintillo-arrin-cual-1.jpg\" alt=\"\"  srcset=\"https:\/\/elmetropolitano.com.gt\/es\/wp-content\/uploads\/2021\/11\/cintillo-arrin-cual-1.jpg 750w, https:\/\/elmetropolitano.com.gt\/es\/wp-content\/uploads\/2021\/11\/cintillo-arrin-cual-1-300x36.jpg 300w, https:\/\/elmetropolitano.com.gt\/es\/wp-content\/uploads\/2021\/11\/cintillo-arrin-cual-1-600x72.jpg 600w\" sizes=\"(max-width: 750px) 100vw, 750px\" width=\"750\" height=\"90\"   \/><\/a><\/div><\/div>\n\n\n\n<p>Adem\u00e1s, dijeron sentirse cansados del exceso de basureros clandestinos y perros callejeros que ponen en riesgo a los ciudadanos y provocan enfermedades. Los vecinos se afiliaron al partido y dijeron estar dispuestos a colaborar con la construcci\u00f3n de un plan de gobierno municipal que satisfaga sus necesidades y problemas para vivir en una ciudad m\u00e1s humana.<\/p>\n\n\n\n<p>La segunda parada tuvo lugar en la zona 18, donde vecinos y vecinas de las comunidades Alameda 4, La Ceiba, Las Victorias y Los cerritos1, 2 y 3, acudieron al llamado de afiliaci\u00f3n de la METRO-VAMOS y despu\u00e9s de participar de la capacitaci\u00f3n tambi\u00e9n expusieron sus problem\u00e1ticas, entre ellas, la falta de alumbrado p\u00fablico, drenajes y encaminamientos dignos.<\/p>\n\n\n\n<p>La gran jornada finaliz\u00f3 en la colonia Renacimiento Municipal, tambi\u00e9n en la zona 18, donde pese al candente calor del sol, las y los<\/p>\n\n\n\n<p>capitalinos escucharon atentos el mensaje de formaci\u00f3n pol\u00edtica, con el cual decidieron afiliarse al partido.<\/p>\n\n\n\n<p>Seg\u00fan los l\u00edderes comunitarios, en esta colonia del norte de la Ciudad de Guatemala el principal problema es el servicio irregular de agua potable, que en m\u00faltiples ocasiones ha llevado a los vecinos a exigir su derecho ante la municipalidad capitalina.<\/p>\n\n\n\n<p>A todas las actividades de afiliaci\u00f3n acudi\u00f3 el coordinador de la METRO, Mario M\u00e9ndez Montenegro, quien profundiz\u00f3 en la necesidad de organizarse y afiliarse a este movimiento pol\u00edtico para corregir el rumbo de la Ciudad de Guatemala y atender los problemas que aquejan a la mayor\u00eda de vecinos de las zonas populares. Asimismo, resalt\u00f3 la importancia de los liderazgos locales para cambiar la idea del conformismo y trabajar juntos por el beneficio de los vecinos.<\/p>\n\n\n\n<p>\u201cYA ES HORA de exigir nuestros derechos y atender las necesidades sentidas de la poblaci\u00f3n capitalina olvidada\u201d, concluy\u00f3 M\u00e9ndez Montenegro.<\/p>\n\n\n\n<p><a href=\"https:\/\/www.facebook.com\/hashtag\/caminoeleccionesgt?__eep__=6&amp;__cft__[0]=AZWATrBTdZas5MUIh3Crfkf1XGJqw3jz9UfZh1U6ydlJIMGMp6VDE4uDKpOSW5DZKOqusKz9-qpz_M7GG5H-90p27g5Nn6ERdHfsNyWUH3dimCgNwc00rVVY11bXvy8-jTa6y58Q1mjjHYdd9Y7to4TCSvjCeOy84kei6Kwvp-wpoNgnA6YJsjpChIAi-SaI7Bc&amp;__tn__=*NK-R\">#CaminoEleccionesGT<\/a><a href=\"https:\/\/www.facebook.com\/hashtag\/afiliate?__eep__=6&amp;__cft__[0]=AZWATrBTdZas5MUIh3Crfkf1XGJqw3jz9UfZh1U6ydlJIMGMp6VDE4uDKpOSW5DZKOqusKz9-qpz_M7GG5H-90p27g5Nn6ERdHfsNyWUH3dimCgNwc00rVVY11bXvy8-jTa6y58Q1mjjHYdd9Y7to4TCSvjCeOy84kei6Kwvp-wpoNgnA6YJsjpChIAi-SaI7Bc&amp;__tn__=*NK-R\">#Afiliate<\/a><\/p>\n\n\n\n<p><a href=\"https:\/\/www.facebook.com\/hashtag\/partidovamos?__eep__=6&amp;__cft__[0]=AZWATrBTdZas5MUIh3Crfkf1XGJqw3jz9UfZh1U6ydlJIMGMp6VDE4uDKpOSW5DZKOqusKz9-qpz_M7GG5H-90p27g5Nn6ERdHfsNyWUH3dimCgNwc00rVVY11bXvy8-jTa6y58Q1mjjHYdd9Y7to4TCSvjCeOy84kei6Kwvp-wpoNgnA6YJsjpChIAi-SaI7Bc&amp;__tn__=*NK-R\">#PartidoVamos<\/a><a href=\"https:\/\/www.facebook.com\/hashtag\/metroredes?__eep__=6&amp;__cft__[0]=AZWATrBTdZas5MUIh3Crfkf1XGJqw3jz9UfZh1U6ydlJIMGMp6VDE4uDKpOSW5DZKOqusKz9-qpz_M7GG5H-90p27g5Nn6ERdHfsNyWUH3dimCgNwc00rVVY11bXvy8-jTa6y58Q1mjjHYdd9Y7to4TCSvjCeOy84kei6Kwvp-wpoNgnA6YJsjpChIAi-SaI7Bc&amp;__tn__=*NK-R\">#metroredes<\/a><\/p>\n\n\n\n<figure class=\"wp-block-gallery has-nested-images columns-default is-cropped wp-block-gallery-1 is-layout-flex wp-block-gallery-is-layout-flex\">\n<figure class=\"wp-block-image size-large\"><img loading=\"lazy\" decoding=\"async\" width=\"1024\" height=\"683\" data-id=\"58614\" src=\"https:\/\/elmetropolitano.com.gt\/es\/wp-content\/uploads\/2022\/12\/318511800_586076423518445_3826361681508547758_n-1024x683.jpg\" alt=\"\" class=\"wp-image-58614\" srcset=\"https:\/\/elmetropolitano.com.gt\/es\/wp-content\/uploads\/2022\/12\/318511800_586076423518445_3826361681508547758_n-1024x683.jpg 1024w, https:\/\/elmetropolitano.com.gt\/es\/wp-content\/uploads\/2022\/12\/318511800_586076423518445_3826361681508547758_n-300x200.jpg 300w, https:\/\/elmetropolitano.com.gt\/es\/wp-content\/uploads\/2022\/12\/318511800_586076423518445_3826361681508547758_n-768x512.jpg 768w, https:\/\/elmetropolitano.com.gt\/es\/wp-content\/uploads\/2022\/12\/318511800_586076423518445_3826361681508547758_n-600x400.jpg 600w, https:\/\/elmetropolitano.com.gt\/es\/wp-content\/uploads\/2022\/12\/318511800_586076423518445_3826361681508547758_n.jpg 1368w\" sizes=\"auto, (max-width: 1024px) 100vw, 1024px\" \/><\/figure>\n\n\n\n<figure class=\"wp-block-image size-large\"><img loading=\"lazy\" decoding=\"async\" width=\"1024\" height=\"683\" data-id=\"58612\" src=\"https:\/\/elmetropolitano.com.gt\/es\/wp-content\/uploads\/2022\/12\/319111710_586076460185108_8953135121648207446_n-1024x683.jpg\" alt=\"\" class=\"wp-image-58612\" srcset=\"https:\/\/elmetropolitano.com.gt\/es\/wp-content\/uploads\/2022\/12\/319111710_586076460185108_8953135121648207446_n-1024x683.jpg 1024w, https:\/\/elmetropolitano.com.gt\/es\/wp-content\/uploads\/2022\/12\/319111710_586076460185108_8953135121648207446_n-300x200.jpg 300w, https:\/\/elmetropolitano.com.gt\/es\/wp-content\/uploads\/2022\/12\/319111710_586076460185108_8953135121648207446_n-768x512.jpg 768w, https:\/\/elmetropolitano.com.gt\/es\/wp-content\/uploads\/2022\/12\/319111710_586076460185108_8953135121648207446_n-600x400.jpg 600w, https:\/\/elmetropolitano.com.gt\/es\/wp-content\/uploads\/2022\/12\/319111710_586076460185108_8953135121648207446_n.jpg 1368w\" sizes=\"auto, (max-width: 1024px) 100vw, 1024px\" \/><\/figure>\n\n\n\n<figure class=\"wp-block-image size-large\"><img loading=\"lazy\" decoding=\"async\" width=\"1024\" height=\"683\" data-id=\"58615\" src=\"https:\/\/elmetropolitano.com.gt\/es\/wp-content\/uploads\/2022\/12\/319154796_586076543518433_2471010406339824288_n-1024x683.jpg\" alt=\"\" class=\"wp-image-58615\" srcset=\"https:\/\/elmetropolitano.com.gt\/es\/wp-content\/uploads\/2022\/12\/319154796_586076543518433_2471010406339824288_n-1024x683.jpg 1024w, https:\/\/elmetropolitano.com.gt\/es\/wp-content\/uploads\/2022\/12\/319154796_586076543518433_2471010406339824288_n-300x200.jpg 300w, https:\/\/elmetropolitano.com.gt\/es\/wp-content\/uploads\/2022\/12\/319154796_586076543518433_2471010406339824288_n-768x512.jpg 768w, https:\/\/elmetropolitano.com.gt\/es\/wp-content\/uploads\/2022\/12\/319154796_586076543518433_2471010406339824288_n-600x400.jpg 600w, https:\/\/elmetropolitano.com.gt\/es\/wp-content\/uploads\/2022\/12\/319154796_586076543518433_2471010406339824288_n.jpg 1368w\" sizes=\"auto, (max-width: 1024px) 100vw, 1024px\" \/><\/figure>\n\n\n\n<figure class=\"wp-block-image size-large\"><img loading=\"lazy\" decoding=\"async\" width=\"1024\" height=\"683\" data-id=\"58616\" src=\"https:\/\/elmetropolitano.com.gt\/es\/wp-content\/uploads\/2022\/12\/319219280_586076486851772_7125285119829754352_n-1024x683.jpg\" alt=\"\" class=\"wp-image-58616\" srcset=\"https:\/\/elmetropolitano.com.gt\/es\/wp-content\/uploads\/2022\/12\/319219280_586076486851772_7125285119829754352_n-1024x683.jpg 1024w, https:\/\/elmetropolitano.com.gt\/es\/wp-content\/uploads\/2022\/12\/319219280_586076486851772_7125285119829754352_n-300x200.jpg 300w, https:\/\/elmetropolitano.com.gt\/es\/wp-content\/uploads\/2022\/12\/319219280_586076486851772_7125285119829754352_n-768x512.jpg 768w, https:\/\/elmetropolitano.com.gt\/es\/wp-content\/uploads\/2022\/12\/319219280_586076486851772_7125285119829754352_n-600x400.jpg 600w, https:\/\/elmetropolitano.com.gt\/es\/wp-content\/uploads\/2022\/12\/319219280_586076486851772_7125285119829754352_n.jpg 1368w\" sizes=\"auto, (max-width: 1024px) 100vw, 1024px\" \/><\/figure>\n\n\n\n<figure class=\"wp-block-image size-large\"><img loading=\"lazy\" decoding=\"async\" width=\"960\" height=\"640\" data-id=\"58613\" src=\"https:\/\/elmetropolitano.com.gt\/es\/wp-content\/uploads\/2022\/12\/319708013_586076176851803_7803882962791748181_n.jpg\" alt=\"\" class=\"wp-image-58613\" srcset=\"https:\/\/elmetropolitano.com.gt\/es\/wp-content\/uploads\/2022\/12\/319708013_586076176851803_7803882962791748181_n.jpg 960w, https:\/\/elmetropolitano.com.gt\/es\/wp-content\/uploads\/2022\/12\/319708013_586076176851803_7803882962791748181_n-300x200.jpg 300w, https:\/\/elmetropolitano.com.gt\/es\/wp-content\/uploads\/2022\/12\/319708013_586076176851803_7803882962791748181_n-768x512.jpg 768w, https:\/\/elmetropolitano.com.gt\/es\/wp-content\/uploads\/2022\/12\/319708013_586076176851803_7803882962791748181_n-600x400.jpg 600w\" sizes=\"auto, (max-width: 960px) 100vw, 960px\" \/><\/figure>\n\n\n\n<figure class=\"wp-block-image size-large\"><img loading=\"lazy\" decoding=\"async\" width=\"960\" height=\"640\" data-id=\"58617\" src=\"https:\/\/elmetropolitano.com.gt\/es\/wp-content\/uploads\/2022\/12\/319725191_586076210185133_920637425516328437_n.jpg\" alt=\"\" class=\"wp-image-58617\" srcset=\"https:\/\/elmetropolitano.com.gt\/es\/wp-content\/uploads\/2022\/12\/319725191_586076210185133_920637425516328437_n.jpg 960w, https:\/\/elmetropolitano.com.gt\/es\/wp-content\/uploads\/2022\/12\/319725191_586076210185133_920637425516328437_n-300x200.jpg 300w, https:\/\/elmetropolitano.com.gt\/es\/wp-content\/uploads\/2022\/12\/319725191_586076210185133_920637425516328437_n-768x512.jpg 768w, https:\/\/elmetropolitano.com.gt\/es\/wp-content\/uploads\/2022\/12\/319725191_586076210185133_920637425516328437_n-600x400.jpg 600w\" sizes=\"auto, (max-width: 960px) 100vw, 960px\" \/><\/figure>\n\n\n\n<figure class=\"wp-block-image size-large\"><img loading=\"lazy\" decoding=\"async\" width=\"960\" height=\"640\" data-id=\"58618\" src=\"https:\/\/elmetropolitano.com.gt\/es\/wp-content\/uploads\/2022\/12\/319807835_586076160185138_1362961493991202904_n.jpg\" alt=\"\" class=\"wp-image-58618\" srcset=\"https:\/\/elmetropolitano.com.gt\/es\/wp-content\/uploads\/2022\/12\/319807835_586076160185138_1362961493991202904_n.jpg 960w, https:\/\/elmetropolitano.com.gt\/es\/wp-content\/uploads\/2022\/12\/319807835_586076160185138_1362961493991202904_n-300x200.jpg 300w, https:\/\/elmetropolitano.com.gt\/es\/wp-content\/uploads\/2022\/12\/319807835_586076160185138_1362961493991202904_n-768x512.jpg 768w, https:\/\/elmetropolitano.com.gt\/es\/wp-content\/uploads\/2022\/12\/319807835_586076160185138_1362961493991202904_n-600x400.jpg 600w\" sizes=\"auto, (max-width: 960px) 100vw, 960px\" \/><\/figure>\n<\/figure>\n","protected":false},"excerpt":{"rendered":"<p>Con una sonrisa en el rostro, compromiso de trabajo y deseo de tener una Ciudad Diferente; as\u00ed se ve\u00edan centenares de vecinos capitalinos, quienes, durante el fin de semana asistieron a las diversas jornadas de formaci\u00f3n pol\u00edtica y capacitaci\u00f3n organizadas por la regi\u00f3n metropolitana del partido VAMOS con la presencia de Mario M\u00e9ndez Montenegro y <a class=\"read-more\" href=\"https:\/\/elmetropolitano.com.gt\/es\/vamos-intensifica-jornadas-de-afiliacion-bajo-la-coordinacion-de-mario-mendez-montenegro\/\">Leer m\u00e1s<\/a><\/p>\n","protected":false},"author":1,"featured_media":58611,"comment_status":"open","ping_status":"closed","sticky":false,"template":"","format":"standard","meta":{"footnotes":""},"categories":[97],"tags":[98],"class_list":["post-58610","post","type-post","status-publish","format-standard","has-post-thumbnail","hentry","category-politica","tag-politica"],"_links":{"self":[{"href":"https:\/\/elmetropolitano.com.gt\/es\/wp-json\/wp\/v2\/posts\/58610","targetHints":{"allow":["GET"]}}],"collection":[{"href":"https:\/\/elmetropolitano.com.gt\/es\/wp-json\/wp\/v2\/posts"}],"about":[{"href":"https:\/\/elmetropolitano.com.gt\/es\/wp-json\/wp\/v2\/types\/post"}],"author":[{"embeddable":true,"href":"https:\/\/elmetropolitano.com.gt\/es\/wp-json\/wp\/v2\/users\/1"}],"replies":[{"embeddable":true,"href":"https:\/\/elmetropolitano.com.gt\/es\/wp-json\/wp\/v2\/comments?post=58610"}],"version-history":[{"count":1,"href":"https:\/\/elmetropolitano.com.gt\/es\/wp-json\/wp\/v2\/posts\/58610\/revisions"}],"predecessor-version":[{"id":58619,"href":"https:\/\/elmetropolitano.com.gt\/es\/wp-json\/wp\/v2\/posts\/58610\/revisions\/58619"}],"wp:featuredmedia":[{"embeddable":true,"href":"https:\/\/elmetropolitano.com.gt\/es\/wp-json\/wp\/v2\/media\/58611"}],"wp:attachment":[{"href":"https:\/\/elmetropolitano.com.gt\/es\/wp-json\/wp\/v2\/media?parent=58610"}],"wp:term":[{"taxonomy":"category","embeddable":true,"href":"https:\/\/elmetropolitano.com.gt\/es\/wp-json\/wp\/v2\/categories?post=58610"},{"taxonomy":"post_tag","embeddable":true,"href":"https:\/\/elmetropolitano.com.gt\/es\/wp-json\/wp\/v2\/tags?post=58610"}],"curies":[{"name":"wp","href":"https:\/\/api.w.org\/{rel}","templated":true}]}}