{"id":58624,"date":"2022-12-12T14:51:34","date_gmt":"2022-12-12T20:51:34","guid":{"rendered":"https:\/\/elmetropolitano.com.gt\/es\/?p=58624"},"modified":"2022-12-12T14:51:35","modified_gmt":"2022-12-12T20:51:35","slug":"pacientes-del-san-juan-de-dios-reciben-visita-de-santa-claus-y-sus-renos","status":"publish","type":"post","link":"https:\/\/elmetropolitano.com.gt\/es\/pacientes-del-san-juan-de-dios-reciben-visita-de-santa-claus-y-sus-renos\/","title":{"rendered":"Pacientes del San Juan de Dios reciben visita de Santa Claus y \u201csus renos\u201d"},"content":{"rendered":"\n<p>Los pacientes del Hospital General San Juan de Dios recibieron la visita de Santa Claus y sus renos. En esta ocasi\u00f3n se trat\u00f3 de voluntarios de la Escuela Canina Moderna y del Club Dorado Golden Retriever.<\/p>\n\n\n\n<p>Seg\u00fan informaron autoridades del San Juan de Dios, decenas de ni\u00f1os que se encuentran en las \u00e1reas de medicina, traumatolog\u00eda y cirug\u00eda fueron los afortunados. Los menores convivieron con este <a><\/a>personaje navide\u00f1o, as\u00ed como con los perros adiestrados de la raza golden retriever, disfrazados de renos.<\/p><div class=\"elmet-contenido\" id=\"elmet-4275569757\"><div class=\"elmet-adlabel\">Anuncios<\/div><div style=\"margin-top: 20px;margin-right: 20px;margin-bottom: 20px;margin-left: 20px;\" id=\"elmet-3904924357\"><a href=\"https:\/\/www.facebook.com\/arrincuanantigua\/\" aria-label=\"cintillo-arrin-cual\"><img loading=\"lazy\" decoding=\"async\" src=\"https:\/\/elmetropolitano.com.gt\/es\/wp-content\/uploads\/2021\/11\/cintillo-arrin-cual-1.jpg\" alt=\"\"  srcset=\"https:\/\/elmetropolitano.com.gt\/es\/wp-content\/uploads\/2021\/11\/cintillo-arrin-cual-1.jpg 750w, https:\/\/elmetropolitano.com.gt\/es\/wp-content\/uploads\/2021\/11\/cintillo-arrin-cual-1-300x36.jpg 300w, https:\/\/elmetropolitano.com.gt\/es\/wp-content\/uploads\/2021\/11\/cintillo-arrin-cual-1-600x72.jpg 600w\" sizes=\"(max-width: 750px) 100vw, 750px\" width=\"750\" height=\"90\"   \/><\/a><\/div><\/div>\n\n\n\n<p>Autoridades del centro asistencial agradecieron por la actividad y expresaron que estas convivencias son de suma importancia para hacer m\u00e1s llevadera la estad\u00eda y que los pacientes tengan una pronta recuperaci\u00f3n.<\/p>\n\n\n\n<p>Asimismo, indicaron que cada a\u00f1o se organizan diferentes actividades con motivo de la \u00e9poca navide\u00f1a, con el apoyo de diferentes entidades p\u00fablicas y privadas.<\/p>\n\n\n\n<p>Recorrido por el centro<\/p>\n\n\n\n<p>Personal del centro hospitalario acompa\u00f1\u00f3 durante su recorrido a los voluntarios por las diferentes salas.<\/p>\n\n\n\n<p>Adem\u00e1s, los ni\u00f1os tuvieron oportunidad de conversar con Santa Claus y compartir con las mascotas diferentes din\u00e1micas.<\/p>\n\n\n\n<p>Al respecto, los voluntarios de la Escuela Canina Moderna y El Dorado Club Golden Retriever expresaron que su principal objetivo es llevar alegr\u00eda y felicidad a los internos en esta \u00e9poca navide\u00f1a.<\/p>\n\n\n\n<p>Texto Claudia V\u00e1squez<\/p>\n\n\n\n<p><a href=\"https:\/\/www.facebook.com\/hashtag\/metroredes?__eep__=6&amp;__cft__[0]=AZVGkfSQMm1cau2kyCS-E0mXS4T06FZhJRHy5Yy-E15iHt7FJnTcsacCJggADpNrxg6h3VMLKAJI2tT4_GBcUiYzmyyYMfp_W_WJ-iH14y9xVsl5qv-WcvFaO46R6vKrTkjLugMyMfWgcZM_0vlSHsAvooC2ga-HBLtd9-Uv_DnNlMHovRAufA9uuMxFJyJJfnE&amp;__tn__=*NK-R\">#metroredes<\/a><a href=\"https:\/\/www.facebook.com\/hashtag\/agn?__eep__=6&amp;__cft__[0]=AZVGkfSQMm1cau2kyCS-E0mXS4T06FZhJRHy5Yy-E15iHt7FJnTcsacCJggADpNrxg6h3VMLKAJI2tT4_GBcUiYzmyyYMfp_W_WJ-iH14y9xVsl5qv-WcvFaO46R6vKrTkjLugMyMfWgcZM_0vlSHsAvooC2ga-HBLtd9-Uv_DnNlMHovRAufA9uuMxFJyJJfnE&amp;__tn__=*NK-R\">#agn<\/a><\/p>\n\n\n\n<figure class=\"wp-block-gallery has-nested-images columns-default is-cropped wp-block-gallery-1 is-layout-flex wp-block-gallery-is-layout-flex\">\n<figure class=\"wp-block-image size-large\"><img loading=\"lazy\" decoding=\"async\" width=\"306\" height=\"680\" data-id=\"58628\" src=\"https:\/\/elmetropolitano.com.gt\/es\/wp-content\/uploads\/2022\/12\/319661666_586673436792077_1532798169819246454_n.jpg\" alt=\"\" class=\"wp-image-58628\" srcset=\"https:\/\/elmetropolitano.com.gt\/es\/wp-content\/uploads\/2022\/12\/319661666_586673436792077_1532798169819246454_n.jpg 306w, https:\/\/elmetropolitano.com.gt\/es\/wp-content\/uploads\/2022\/12\/319661666_586673436792077_1532798169819246454_n-135x300.jpg 135w\" sizes=\"auto, (max-width: 306px) 100vw, 306px\" \/><\/figure>\n\n\n\n<figure class=\"wp-block-image size-large\"><img loading=\"lazy\" decoding=\"async\" width=\"360\" height=\"162\" data-id=\"58626\" src=\"https:\/\/elmetropolitano.com.gt\/es\/wp-content\/uploads\/2022\/12\/319820102_586673390125415_8761738047977569387_n.jpg\" alt=\"\" class=\"wp-image-58626\" srcset=\"https:\/\/elmetropolitano.com.gt\/es\/wp-content\/uploads\/2022\/12\/319820102_586673390125415_8761738047977569387_n.jpg 360w, https:\/\/elmetropolitano.com.gt\/es\/wp-content\/uploads\/2022\/12\/319820102_586673390125415_8761738047977569387_n-300x135.jpg 300w\" sizes=\"auto, (max-width: 360px) 100vw, 360px\" \/><\/figure>\n\n\n\n<figure class=\"wp-block-image size-large\"><img loading=\"lazy\" decoding=\"async\" width=\"270\" height=\"360\" data-id=\"58627\" src=\"https:\/\/elmetropolitano.com.gt\/es\/wp-content\/uploads\/2022\/12\/319906657_586673426792078_7159677089387559818_n.jpg\" alt=\"\" class=\"wp-image-58627\" srcset=\"https:\/\/elmetropolitano.com.gt\/es\/wp-content\/uploads\/2022\/12\/319906657_586673426792078_7159677089387559818_n.jpg 270w, https:\/\/elmetropolitano.com.gt\/es\/wp-content\/uploads\/2022\/12\/319906657_586673426792078_7159677089387559818_n-225x300.jpg 225w\" sizes=\"auto, (max-width: 270px) 100vw, 270px\" \/><\/figure>\n<\/figure>\n","protected":false},"excerpt":{"rendered":"<p>Los pacientes del Hospital General San Juan de Dios recibieron la visita de Santa Claus y sus renos. En esta ocasi\u00f3n se trat\u00f3 de voluntarios de la Escuela Canina Moderna y del Club Dorado Golden Retriever. Seg\u00fan informaron autoridades del San Juan de Dios, decenas de ni\u00f1os que se encuentran en las \u00e1reas de medicina, <a class=\"read-more\" href=\"https:\/\/elmetropolitano.com.gt\/es\/pacientes-del-san-juan-de-dios-reciben-visita-de-santa-claus-y-sus-renos\/\">Leer m\u00e1s<\/a><\/p>\n","protected":false},"author":1,"featured_media":58625,"comment_status":"open","ping_status":"closed","sticky":false,"template":"","format":"standard","meta":{"footnotes":""},"categories":[2],"tags":[12],"class_list":["post-58624","post","type-post","status-publish","format-standard","has-post-thumbnail","hentry","category-nacionales","tag-nacionales"],"_links":{"self":[{"href":"https:\/\/elmetropolitano.com.gt\/es\/wp-json\/wp\/v2\/posts\/58624","targetHints":{"allow":["GET"]}}],"collection":[{"href":"https:\/\/elmetropolitano.com.gt\/es\/wp-json\/wp\/v2\/posts"}],"about":[{"href":"https:\/\/elmetropolitano.com.gt\/es\/wp-json\/wp\/v2\/types\/post"}],"author":[{"embeddable":true,"href":"https:\/\/elmetropolitano.com.gt\/es\/wp-json\/wp\/v2\/users\/1"}],"replies":[{"embeddable":true,"href":"https:\/\/elmetropolitano.com.gt\/es\/wp-json\/wp\/v2\/comments?post=58624"}],"version-history":[{"count":1,"href":"https:\/\/elmetropolitano.com.gt\/es\/wp-json\/wp\/v2\/posts\/58624\/revisions"}],"predecessor-version":[{"id":58629,"href":"https:\/\/elmetropolitano.com.gt\/es\/wp-json\/wp\/v2\/posts\/58624\/revisions\/58629"}],"wp:featuredmedia":[{"embeddable":true,"href":"https:\/\/elmetropolitano.com.gt\/es\/wp-json\/wp\/v2\/media\/58625"}],"wp:attachment":[{"href":"https:\/\/elmetropolitano.com.gt\/es\/wp-json\/wp\/v2\/media?parent=58624"}],"wp:term":[{"taxonomy":"category","embeddable":true,"href":"https:\/\/elmetropolitano.com.gt\/es\/wp-json\/wp\/v2\/categories?post=58624"},{"taxonomy":"post_tag","embeddable":true,"href":"https:\/\/elmetropolitano.com.gt\/es\/wp-json\/wp\/v2\/tags?post=58624"}],"curies":[{"name":"wp","href":"https:\/\/api.w.org\/{rel}","templated":true}]}}