{"id":58630,"date":"2022-12-12T14:55:17","date_gmt":"2022-12-12T20:55:17","guid":{"rendered":"https:\/\/elmetropolitano.com.gt\/es\/?p=58630"},"modified":"2022-12-12T14:55:55","modified_gmt":"2022-12-12T20:55:55","slug":"roberto-arzu-garcia-granados-si-podra-competir-en-las-elecciones","status":"publish","type":"post","link":"https:\/\/elmetropolitano.com.gt\/es\/roberto-arzu-garcia-granados-si-podra-competir-en-las-elecciones\/","title":{"rendered":"Roberto Arz\u00fa Garc\u00eda-Granados s\u00ed podr\u00e1 competir en las elecciones"},"content":{"rendered":"\n<p>Un d\u00eda despu\u00e9s de haber sido proclamado como candidato presidencial del partido PODEMOS, Roberto Arz\u00fa si podr\u00e1 participar, luego de la apelaci\u00f3n planteada ante el TSE para que se le permita participar en la pr\u00f3xima contienda electoral.<\/p>\n\n\n\n<p>Lo <a><\/a>anterior fue dado a conocer en las redes sociales del abogado Acisclo Valladares Molina quien se\u00f1ala que Arz\u00fa, presidenciable del partido PODEMOS, competir\u00e1 por la presidencia en las elecciones generales del 2023.<\/p><div class=\"elmet-contenido\" id=\"elmet-3482738878\"><div class=\"elmet-adlabel\">Anuncios<\/div><div style=\"margin-top: 20px;margin-right: 20px;margin-bottom: 20px;margin-left: 20px;\" id=\"elmet-1659410499\"><a href=\"https:\/\/www.facebook.com\/arrincuanantigua\/\" aria-label=\"cintillo-arrin-cual\"><img loading=\"lazy\" decoding=\"async\" src=\"https:\/\/elmetropolitano.com.gt\/es\/wp-content\/uploads\/2021\/11\/cintillo-arrin-cual-1.jpg\" alt=\"\"  srcset=\"https:\/\/elmetropolitano.com.gt\/es\/wp-content\/uploads\/2021\/11\/cintillo-arrin-cual-1.jpg 750w, https:\/\/elmetropolitano.com.gt\/es\/wp-content\/uploads\/2021\/11\/cintillo-arrin-cual-1-300x36.jpg 300w, https:\/\/elmetropolitano.com.gt\/es\/wp-content\/uploads\/2021\/11\/cintillo-arrin-cual-1-600x72.jpg 600w\" sizes=\"(max-width: 750px) 100vw, 750px\" width=\"750\" height=\"90\"   \/><\/a><\/div><\/div>\n\n\n\n<p>De esa cuenta, Valladares indic\u00f3 que la apelaci\u00f3n interpuesta en favor del aspirante a gobernante ante el Tribunal Supremo Electoral (TSE) fue declarada con lugar por lo cual podr\u00e1 participar en los pr\u00f3ximos comicios.<\/p>\n\n\n\n<p>\u201cMe es grato informar, dada su trascendencia p\u00fablica, que la apelaci\u00f3n interpuesta bajo m\u00ed auxilio profesional por Roberto Arz\u00fa Garc\u00eda-Granados -mi cliente- ante el TSE ha sido declarada con lugar: Podr\u00e1 participar y favorece la resoluci\u00f3n no solamente a \u00e9l, sino a todos\u201d dijo Valladares Molina.<\/p>\n\n\n\n<p>La apelaci\u00f3n<\/p>\n\n\n\n<p>El pasado 2 de noviembre, Arz\u00fa Garc\u00eda-Granados present\u00f3 una apelaci\u00f3n ante el Registro de Ciudadanos (RC) del TSE, despu\u00e9s de que esta dependencia decidiera no inscribirlo como candidato a un puesto de elecci\u00f3n popular para los comicios de 2023.<\/p>\n\n\n\n<p>De acuerdo con la impugnaci\u00f3n que fue presentada, se solicitaba que se revocara la resoluci\u00f3n que se\u00f1alaba que no ser\u00eda inscrito, a la cual mostr\u00f3 su rechazo, por haberse dictado por una autoridad que no era competente para emitirla, declarando nulo todo lo actuado y ahora el TSE le da luz verde a la participaci\u00f3n del se\u00f1os Arz\u00fa Garc\u00eda-Granados.<\/p>\n\n\n\n<p><a href=\"https:\/\/www.facebook.com\/hashtag\/caminoeleccionesgt?__eep__=6&amp;__cft__[0]=AZV-LWmeQD5Q7A2PaeCe-p1e8CjBUS0x06_n8lPPLuazzl3SlDPQEk4a230o6KotIwSO1g6M9sz7YUk6wsvvcbATbViyQX0PURzaAkMgiXfpNNfvXHl2pdCIpenS1ruxbvH5lvmGFbtjPZofc5ZjGEgST0kSg-ThnNfO_kXaozVy5fdUP1kGD1aB6jjDvlMEFtg&amp;__tn__=*NK-R\">#CaminoEleccionesGT<\/a><a href=\"https:\/\/www.facebook.com\/hashtag\/afiliate?__eep__=6&amp;__cft__[0]=AZV-LWmeQD5Q7A2PaeCe-p1e8CjBUS0x06_n8lPPLuazzl3SlDPQEk4a230o6KotIwSO1g6M9sz7YUk6wsvvcbATbViyQX0PURzaAkMgiXfpNNfvXHl2pdCIpenS1ruxbvH5lvmGFbtjPZofc5ZjGEgST0kSg-ThnNfO_kXaozVy5fdUP1kGD1aB6jjDvlMEFtg&amp;__tn__=*NK-R\">#Afiliate<\/a><\/p>\n\n\n\n<p><a href=\"https:\/\/www.facebook.com\/hashtag\/partidopodemos?__eep__=6&amp;__cft__[0]=AZV-LWmeQD5Q7A2PaeCe-p1e8CjBUS0x06_n8lPPLuazzl3SlDPQEk4a230o6KotIwSO1g6M9sz7YUk6wsvvcbATbViyQX0PURzaAkMgiXfpNNfvXHl2pdCIpenS1ruxbvH5lvmGFbtjPZofc5ZjGEgST0kSg-ThnNfO_kXaozVy5fdUP1kGD1aB6jjDvlMEFtg&amp;__tn__=*NK-R\">#PartidoPodemos<\/a> #metroredes<\/p>\n\n\n\n<figure class=\"wp-block-gallery has-nested-images columns-default is-cropped wp-block-gallery-1 is-layout-flex wp-block-gallery-is-layout-flex\">\n<figure class=\"wp-block-image size-large\"><img loading=\"lazy\" decoding=\"async\" width=\"662\" height=\"1024\" data-id=\"58634\" src=\"https:\/\/elmetropolitano.com.gt\/es\/wp-content\/uploads\/2022\/12\/318659127_586736140119140_6985812197373559341_n-662x1024.jpg\" alt=\"\" class=\"wp-image-58634\" srcset=\"https:\/\/elmetropolitano.com.gt\/es\/wp-content\/uploads\/2022\/12\/318659127_586736140119140_6985812197373559341_n-662x1024.jpg 662w, https:\/\/elmetropolitano.com.gt\/es\/wp-content\/uploads\/2022\/12\/318659127_586736140119140_6985812197373559341_n-194x300.jpg 194w, https:\/\/elmetropolitano.com.gt\/es\/wp-content\/uploads\/2022\/12\/318659127_586736140119140_6985812197373559341_n-768x1188.jpg 768w, https:\/\/elmetropolitano.com.gt\/es\/wp-content\/uploads\/2022\/12\/318659127_586736140119140_6985812197373559341_n-85x130.jpg 85w, https:\/\/elmetropolitano.com.gt\/es\/wp-content\/uploads\/2022\/12\/318659127_586736140119140_6985812197373559341_n-600x928.jpg 600w, https:\/\/elmetropolitano.com.gt\/es\/wp-content\/uploads\/2022\/12\/318659127_586736140119140_6985812197373559341_n.jpg 983w\" sizes=\"auto, (max-width: 662px) 100vw, 662px\" \/><\/figure>\n\n\n\n<figure class=\"wp-block-image size-large\"><img loading=\"lazy\" decoding=\"async\" width=\"663\" height=\"1024\" data-id=\"58633\" src=\"https:\/\/elmetropolitano.com.gt\/es\/wp-content\/uploads\/2022\/12\/318873828_679391023780805_4553415857019448459_n-663x1024.jpg\" alt=\"\" class=\"wp-image-58633\" srcset=\"https:\/\/elmetropolitano.com.gt\/es\/wp-content\/uploads\/2022\/12\/318873828_679391023780805_4553415857019448459_n-663x1024.jpg 663w, https:\/\/elmetropolitano.com.gt\/es\/wp-content\/uploads\/2022\/12\/318873828_679391023780805_4553415857019448459_n-194x300.jpg 194w, https:\/\/elmetropolitano.com.gt\/es\/wp-content\/uploads\/2022\/12\/318873828_679391023780805_4553415857019448459_n-768x1186.jpg 768w, https:\/\/elmetropolitano.com.gt\/es\/wp-content\/uploads\/2022\/12\/318873828_679391023780805_4553415857019448459_n-85x130.jpg 85w, https:\/\/elmetropolitano.com.gt\/es\/wp-content\/uploads\/2022\/12\/318873828_679391023780805_4553415857019448459_n-600x926.jpg 600w, https:\/\/elmetropolitano.com.gt\/es\/wp-content\/uploads\/2022\/12\/318873828_679391023780805_4553415857019448459_n.jpg 978w\" sizes=\"auto, (max-width: 663px) 100vw, 663px\" \/><\/figure>\n\n\n\n<figure class=\"wp-block-image size-large\"><img loading=\"lazy\" decoding=\"async\" width=\"667\" height=\"1024\" data-id=\"58636\" src=\"https:\/\/elmetropolitano.com.gt\/es\/wp-content\/uploads\/2022\/12\/319002049_586736180119136_5139273418745166073_n-667x1024.jpg\" alt=\"\" class=\"wp-image-58636\" srcset=\"https:\/\/elmetropolitano.com.gt\/es\/wp-content\/uploads\/2022\/12\/319002049_586736180119136_5139273418745166073_n-667x1024.jpg 667w, https:\/\/elmetropolitano.com.gt\/es\/wp-content\/uploads\/2022\/12\/319002049_586736180119136_5139273418745166073_n-195x300.jpg 195w, https:\/\/elmetropolitano.com.gt\/es\/wp-content\/uploads\/2022\/12\/319002049_586736180119136_5139273418745166073_n-768x1180.jpg 768w, https:\/\/elmetropolitano.com.gt\/es\/wp-content\/uploads\/2022\/12\/319002049_586736180119136_5139273418745166073_n-85x130.jpg 85w, https:\/\/elmetropolitano.com.gt\/es\/wp-content\/uploads\/2022\/12\/319002049_586736180119136_5139273418745166073_n-600x922.jpg 600w, https:\/\/elmetropolitano.com.gt\/es\/wp-content\/uploads\/2022\/12\/319002049_586736180119136_5139273418745166073_n.jpg 985w\" sizes=\"auto, (max-width: 667px) 100vw, 667px\" \/><\/figure>\n\n\n\n<figure class=\"wp-block-image size-large\"><img loading=\"lazy\" decoding=\"async\" width=\"662\" height=\"1024\" data-id=\"58637\" src=\"https:\/\/elmetropolitano.com.gt\/es\/wp-content\/uploads\/2022\/12\/319152222_2294357534091244_4795622508785545162_n-662x1024.jpg\" alt=\"\" class=\"wp-image-58637\" srcset=\"https:\/\/elmetropolitano.com.gt\/es\/wp-content\/uploads\/2022\/12\/319152222_2294357534091244_4795622508785545162_n-662x1024.jpg 662w, https:\/\/elmetropolitano.com.gt\/es\/wp-content\/uploads\/2022\/12\/319152222_2294357534091244_4795622508785545162_n-194x300.jpg 194w, https:\/\/elmetropolitano.com.gt\/es\/wp-content\/uploads\/2022\/12\/319152222_2294357534091244_4795622508785545162_n-768x1189.jpg 768w, https:\/\/elmetropolitano.com.gt\/es\/wp-content\/uploads\/2022\/12\/319152222_2294357534091244_4795622508785545162_n-85x130.jpg 85w, https:\/\/elmetropolitano.com.gt\/es\/wp-content\/uploads\/2022\/12\/319152222_2294357534091244_4795622508785545162_n-600x929.jpg 600w, https:\/\/elmetropolitano.com.gt\/es\/wp-content\/uploads\/2022\/12\/319152222_2294357534091244_4795622508785545162_n.jpg 982w\" sizes=\"auto, (max-width: 662px) 100vw, 662px\" \/><\/figure>\n\n\n\n<figure class=\"wp-block-image size-large\"><img loading=\"lazy\" decoding=\"async\" width=\"623\" height=\"960\" data-id=\"58635\" src=\"https:\/\/elmetropolitano.com.gt\/es\/wp-content\/uploads\/2022\/12\/319712557_586735696785851_2010690417883562572_n.jpg\" alt=\"\" class=\"wp-image-58635\" srcset=\"https:\/\/elmetropolitano.com.gt\/es\/wp-content\/uploads\/2022\/12\/319712557_586735696785851_2010690417883562572_n.jpg 623w, https:\/\/elmetropolitano.com.gt\/es\/wp-content\/uploads\/2022\/12\/319712557_586735696785851_2010690417883562572_n-195x300.jpg 195w, https:\/\/elmetropolitano.com.gt\/es\/wp-content\/uploads\/2022\/12\/319712557_586735696785851_2010690417883562572_n-85x130.jpg 85w, https:\/\/elmetropolitano.com.gt\/es\/wp-content\/uploads\/2022\/12\/319712557_586735696785851_2010690417883562572_n-600x925.jpg 600w\" sizes=\"auto, (max-width: 623px) 100vw, 623px\" \/><\/figure>\n\n\n\n<figure class=\"wp-block-image size-large\"><img loading=\"lazy\" decoding=\"async\" width=\"960\" height=\"640\" data-id=\"58638\" src=\"https:\/\/elmetropolitano.com.gt\/es\/wp-content\/uploads\/2022\/12\/319760463_497818355504720_2990294956282937095_n-1.jpg\" alt=\"\" class=\"wp-image-58638\" srcset=\"https:\/\/elmetropolitano.com.gt\/es\/wp-content\/uploads\/2022\/12\/319760463_497818355504720_2990294956282937095_n-1.jpg 960w, https:\/\/elmetropolitano.com.gt\/es\/wp-content\/uploads\/2022\/12\/319760463_497818355504720_2990294956282937095_n-1-300x200.jpg 300w, https:\/\/elmetropolitano.com.gt\/es\/wp-content\/uploads\/2022\/12\/319760463_497818355504720_2990294956282937095_n-1-768x512.jpg 768w, https:\/\/elmetropolitano.com.gt\/es\/wp-content\/uploads\/2022\/12\/319760463_497818355504720_2990294956282937095_n-1-600x400.jpg 600w\" sizes=\"auto, (max-width: 960px) 100vw, 960px\" \/><\/figure>\n<\/figure>\n","protected":false},"excerpt":{"rendered":"<p>Un d\u00eda despu\u00e9s de haber sido proclamado como candidato presidencial del partido PODEMOS, Roberto Arz\u00fa si podr\u00e1 participar, luego de la apelaci\u00f3n planteada ante el TSE para que se le permita participar en la pr\u00f3xima contienda electoral. Lo anterior fue dado a conocer en las redes sociales del abogado Acisclo Valladares Molina quien se\u00f1ala que <a class=\"read-more\" href=\"https:\/\/elmetropolitano.com.gt\/es\/roberto-arzu-garcia-granados-si-podra-competir-en-las-elecciones\/\">Leer m\u00e1s<\/a><\/p>\n","protected":false},"author":1,"featured_media":58631,"comment_status":"open","ping_status":"closed","sticky":false,"template":"","format":"standard","meta":{"footnotes":""},"categories":[97],"tags":[98],"class_list":["post-58630","post","type-post","status-publish","format-standard","has-post-thumbnail","hentry","category-politica","tag-politica"],"_links":{"self":[{"href":"https:\/\/elmetropolitano.com.gt\/es\/wp-json\/wp\/v2\/posts\/58630","targetHints":{"allow":["GET"]}}],"collection":[{"href":"https:\/\/elmetropolitano.com.gt\/es\/wp-json\/wp\/v2\/posts"}],"about":[{"href":"https:\/\/elmetropolitano.com.gt\/es\/wp-json\/wp\/v2\/types\/post"}],"author":[{"embeddable":true,"href":"https:\/\/elmetropolitano.com.gt\/es\/wp-json\/wp\/v2\/users\/1"}],"replies":[{"embeddable":true,"href":"https:\/\/elmetropolitano.com.gt\/es\/wp-json\/wp\/v2\/comments?post=58630"}],"version-history":[{"count":2,"href":"https:\/\/elmetropolitano.com.gt\/es\/wp-json\/wp\/v2\/posts\/58630\/revisions"}],"predecessor-version":[{"id":58641,"href":"https:\/\/elmetropolitano.com.gt\/es\/wp-json\/wp\/v2\/posts\/58630\/revisions\/58641"}],"wp:featuredmedia":[{"embeddable":true,"href":"https:\/\/elmetropolitano.com.gt\/es\/wp-json\/wp\/v2\/media\/58631"}],"wp:attachment":[{"href":"https:\/\/elmetropolitano.com.gt\/es\/wp-json\/wp\/v2\/media?parent=58630"}],"wp:term":[{"taxonomy":"category","embeddable":true,"href":"https:\/\/elmetropolitano.com.gt\/es\/wp-json\/wp\/v2\/categories?post=58630"},{"taxonomy":"post_tag","embeddable":true,"href":"https:\/\/elmetropolitano.com.gt\/es\/wp-json\/wp\/v2\/tags?post=58630"}],"curies":[{"name":"wp","href":"https:\/\/api.w.org\/{rel}","templated":true}]}}