{"id":58645,"date":"2022-12-13T09:12:18","date_gmt":"2022-12-13T15:12:18","guid":{"rendered":"https:\/\/elmetropolitano.com.gt\/es\/?p=58645"},"modified":"2022-12-13T09:12:20","modified_gmt":"2022-12-13T15:12:20","slug":"otorgan-la-medalla-presidencial-del-medio-ambiente-2022","status":"publish","type":"post","link":"https:\/\/elmetropolitano.com.gt\/es\/otorgan-la-medalla-presidencial-del-medio-ambiente-2022\/","title":{"rendered":"Otorgan la Medalla Presidencial del Medio Ambiente 2022"},"content":{"rendered":"\n<p>La Medalla Presidencial del Medio Ambiente 2022 fue entregada por el mandatario Alejandro Giammattei a Alfredo Ricardo Szarata y a Barefoot College International, por su labor para la preservaci\u00f3n de los recursos naturales.<\/p>\n\n\n\n<p><a><\/a>Junto al Ministerio de Ambiente y Recursos Naturales (MARN), el presidente Giammattei resalt\u00f3 el trabajo de los homenajeados por crear acciones para mejorar las condiciones ambientales en el pa\u00eds.<\/p><div class=\"elmet-contenido\" id=\"elmet-3650117554\"><div class=\"elmet-adlabel\">Anuncios<\/div><div style=\"margin-top: 20px;margin-right: 20px;margin-bottom: 20px;margin-left: 20px;\" id=\"elmet-563056459\"><a href=\"https:\/\/www.facebook.com\/arrincuanantigua\/\" aria-label=\"cintillo-arrin-cual\"><img loading=\"lazy\" decoding=\"async\" src=\"https:\/\/elmetropolitano.com.gt\/es\/wp-content\/uploads\/2021\/11\/cintillo-arrin-cual-1.jpg\" alt=\"\"  srcset=\"https:\/\/elmetropolitano.com.gt\/es\/wp-content\/uploads\/2021\/11\/cintillo-arrin-cual-1.jpg 750w, https:\/\/elmetropolitano.com.gt\/es\/wp-content\/uploads\/2021\/11\/cintillo-arrin-cual-1-300x36.jpg 300w, https:\/\/elmetropolitano.com.gt\/es\/wp-content\/uploads\/2021\/11\/cintillo-arrin-cual-1-600x72.jpg 600w\" sizes=\"(max-width: 750px) 100vw, 750px\" width=\"750\" height=\"90\"   \/><\/a><\/div><\/div>\n\n\n\n<p>Me alegro al entregar estas dos medallas. Reciban esta medalla como agradecimiento del Gobierno y del pueblo de Guatemala por la labor que realizan, expres\u00f3.<\/p>\n\n\n\n<p>Los homenajeados<\/p>\n\n\n\n<p>La primera medalla fue para Alfredo Ricardo Szarata Sagastume, por su aporte al desarrollo de proyectos de saneamiento y agua potable. En representaci\u00f3n del homenajeado, quien falleci\u00f3 el 16 de julio, su hijo Franz Szarata agradeci\u00f3 al Presidente por dicho reconocimiento.<\/p>\n\n\n\n<p>Por otra parte, la organizaci\u00f3n Barefoot College International fue reconocida por su apoyo a las mujeres guatemaltecas. Se resalt\u00f3 la iniciativa de ingenieras solares, la cual busca mejorar las condiciones de las comunidades fortaleciendo las capacidades de las mujeres y aprovechando la energ\u00eda solar.<\/p>\n\n\n\n<p>Reconocimiento ambiental<\/p>\n\n\n\n<p>La Medalla Presidencial del Medio Ambiente es entregada a personas e instituciones que velan por la conservaci\u00f3n de los recursos naturales. Lo anterior teniendo como base el Acuerdo Gubernativo No. 926-92, el cual resalta el esfuerzo por proteger y mejorar el ambiente en Guatemala.<\/p>\n\n\n\n<p>Anualmente, el MARN lo entrega a quienes han implementado acciones y estrategias para la protecci\u00f3n de la naturaleza. En ese sentido, el ministro de Ambiente, Gerson Barrios, detall\u00f3 que esta insignia va dedicada a quienes aportan y son modelo para la preservaci\u00f3n y conservaci\u00f3n de los bienes y servicios naturales.<\/p>\n\n\n\n<p>El Gobierno central contin\u00faa con su compromiso de velar por la protecci\u00f3n del medio ambiente y reconocer a quienes trabajan con este mismo fin.<\/p>\n\n\n\n<p>Texto: Yuliza Mu\u00f1oz<\/p>\n\n\n\n<p><a href=\"https:\/\/www.facebook.com\/hashtag\/metroredes?__eep__=6&amp;__cft__[0]=AZVg0hc0a2l9K3JDIwD0cW4XeETh91PJWbSVC6q--lrvVbZYhHan96kR516iADtSG_QdEfimJqvqeWVQUKctOBiMjuuiqbIdtBAJ3WNhIJ47_pb8uSG2i5EUdma2OhO0Erk-gHJgNRHBtUrtdHvnGF1fqwMMHT2MqSGRw2V3jHEAF_H2UMfIN8Wlq39vmoU5JJc&amp;__tn__=*NK-R\">#metroredes<\/a><a href=\"https:\/\/www.facebook.com\/hashtag\/medioambientegt?__eep__=6&amp;__cft__[0]=AZVg0hc0a2l9K3JDIwD0cW4XeETh91PJWbSVC6q--lrvVbZYhHan96kR516iADtSG_QdEfimJqvqeWVQUKctOBiMjuuiqbIdtBAJ3WNhIJ47_pb8uSG2i5EUdma2OhO0Erk-gHJgNRHBtUrtdHvnGF1fqwMMHT2MqSGRw2V3jHEAF_H2UMfIN8Wlq39vmoU5JJc&amp;__tn__=*NK-R\">#medioambientegt<\/a><\/p>\n\n\n\n<figure class=\"wp-block-gallery has-nested-images columns-default is-cropped wp-block-gallery-1 is-layout-flex wp-block-gallery-is-layout-flex\">\n<figure class=\"wp-block-image size-large\"><img loading=\"lazy\" decoding=\"async\" width=\"1024\" height=\"682\" data-id=\"58648\" src=\"https:\/\/elmetropolitano.com.gt\/es\/wp-content\/uploads\/2022\/12\/318508934_545515790766509_3064342012556903352_n-1024x682.jpg\" alt=\"\" class=\"wp-image-58648\" srcset=\"https:\/\/elmetropolitano.com.gt\/es\/wp-content\/uploads\/2022\/12\/318508934_545515790766509_3064342012556903352_n-1024x682.jpg 1024w, https:\/\/elmetropolitano.com.gt\/es\/wp-content\/uploads\/2022\/12\/318508934_545515790766509_3064342012556903352_n-300x200.jpg 300w, https:\/\/elmetropolitano.com.gt\/es\/wp-content\/uploads\/2022\/12\/318508934_545515790766509_3064342012556903352_n-768x512.jpg 768w, https:\/\/elmetropolitano.com.gt\/es\/wp-content\/uploads\/2022\/12\/318508934_545515790766509_3064342012556903352_n-600x400.jpg 600w, https:\/\/elmetropolitano.com.gt\/es\/wp-content\/uploads\/2022\/12\/318508934_545515790766509_3064342012556903352_n.jpg 1280w\" sizes=\"auto, (max-width: 1024px) 100vw, 1024px\" \/><\/figure>\n\n\n\n<figure class=\"wp-block-image size-large\"><img loading=\"lazy\" decoding=\"async\" width=\"1024\" height=\"682\" data-id=\"58647\" src=\"https:\/\/elmetropolitano.com.gt\/es\/wp-content\/uploads\/2022\/12\/319018947_5652068744840748_3614546656509131748_n-1024x682.jpg\" alt=\"\" class=\"wp-image-58647\" srcset=\"https:\/\/elmetropolitano.com.gt\/es\/wp-content\/uploads\/2022\/12\/319018947_5652068744840748_3614546656509131748_n-1024x682.jpg 1024w, https:\/\/elmetropolitano.com.gt\/es\/wp-content\/uploads\/2022\/12\/319018947_5652068744840748_3614546656509131748_n-300x200.jpg 300w, https:\/\/elmetropolitano.com.gt\/es\/wp-content\/uploads\/2022\/12\/319018947_5652068744840748_3614546656509131748_n-768x512.jpg 768w, https:\/\/elmetropolitano.com.gt\/es\/wp-content\/uploads\/2022\/12\/319018947_5652068744840748_3614546656509131748_n-600x400.jpg 600w, https:\/\/elmetropolitano.com.gt\/es\/wp-content\/uploads\/2022\/12\/319018947_5652068744840748_3614546656509131748_n.jpg 1280w\" sizes=\"auto, (max-width: 1024px) 100vw, 1024px\" \/><\/figure>\n<\/figure>\n","protected":false},"excerpt":{"rendered":"<p>La Medalla Presidencial del Medio Ambiente 2022 fue entregada por el mandatario Alejandro Giammattei a Alfredo Ricardo Szarata y a Barefoot College International, por su labor para la preservaci\u00f3n de los recursos naturales. Junto al Ministerio de Ambiente y Recursos Naturales (MARN), el presidente Giammattei resalt\u00f3 el trabajo de los homenajeados por crear acciones para <a class=\"read-more\" href=\"https:\/\/elmetropolitano.com.gt\/es\/otorgan-la-medalla-presidencial-del-medio-ambiente-2022\/\">Leer m\u00e1s<\/a><\/p>\n","protected":false},"author":1,"featured_media":58646,"comment_status":"open","ping_status":"closed","sticky":false,"template":"","format":"standard","meta":{"footnotes":""},"categories":[2],"tags":[12],"class_list":["post-58645","post","type-post","status-publish","format-standard","has-post-thumbnail","hentry","category-nacionales","tag-nacionales"],"_links":{"self":[{"href":"https:\/\/elmetropolitano.com.gt\/es\/wp-json\/wp\/v2\/posts\/58645","targetHints":{"allow":["GET"]}}],"collection":[{"href":"https:\/\/elmetropolitano.com.gt\/es\/wp-json\/wp\/v2\/posts"}],"about":[{"href":"https:\/\/elmetropolitano.com.gt\/es\/wp-json\/wp\/v2\/types\/post"}],"author":[{"embeddable":true,"href":"https:\/\/elmetropolitano.com.gt\/es\/wp-json\/wp\/v2\/users\/1"}],"replies":[{"embeddable":true,"href":"https:\/\/elmetropolitano.com.gt\/es\/wp-json\/wp\/v2\/comments?post=58645"}],"version-history":[{"count":1,"href":"https:\/\/elmetropolitano.com.gt\/es\/wp-json\/wp\/v2\/posts\/58645\/revisions"}],"predecessor-version":[{"id":58649,"href":"https:\/\/elmetropolitano.com.gt\/es\/wp-json\/wp\/v2\/posts\/58645\/revisions\/58649"}],"wp:featuredmedia":[{"embeddable":true,"href":"https:\/\/elmetropolitano.com.gt\/es\/wp-json\/wp\/v2\/media\/58646"}],"wp:attachment":[{"href":"https:\/\/elmetropolitano.com.gt\/es\/wp-json\/wp\/v2\/media?parent=58645"}],"wp:term":[{"taxonomy":"category","embeddable":true,"href":"https:\/\/elmetropolitano.com.gt\/es\/wp-json\/wp\/v2\/categories?post=58645"},{"taxonomy":"post_tag","embeddable":true,"href":"https:\/\/elmetropolitano.com.gt\/es\/wp-json\/wp\/v2\/tags?post=58645"}],"curies":[{"name":"wp","href":"https:\/\/api.w.org\/{rel}","templated":true}]}}