{"id":58658,"date":"2022-12-13T10:38:41","date_gmt":"2022-12-13T16:38:41","guid":{"rendered":"https:\/\/elmetropolitano.com.gt\/es\/?p=58658"},"modified":"2022-12-13T10:38:42","modified_gmt":"2022-12-13T16:38:42","slug":"fopavi-inicia-construccion-de-viviendas-en-santa-cruz-naranjo-santa-rosa","status":"publish","type":"post","link":"https:\/\/elmetropolitano.com.gt\/es\/fopavi-inicia-construccion-de-viviendas-en-santa-cruz-naranjo-santa-rosa\/","title":{"rendered":"Fopavi inicia construcci\u00f3n de viviendas en Santa Cruz Naranjo, Santa Rosa"},"content":{"rendered":"\n<p>En el barrio La Salida, en Santa Cruz Naranjo, se inici\u00f3 con la construcci\u00f3n de viviendas para 115 familias guatemaltecas vulnerables.<\/p>\n\n\n\n<p>Se inform\u00f3 que las viviendas ser\u00e1n construidas por el Fondo para la Vivienda (Fopavi), del Ministerio de Comunicaciones, Infraestructura y Vivienda (CIV).<\/p><div class=\"elmet-contenido\" id=\"elmet-4145044955\"><div class=\"elmet-adlabel\">Anuncios<\/div><div style=\"margin-top: 20px;margin-right: 20px;margin-bottom: 20px;margin-left: 20px;\" id=\"elmet-3198390443\"><a href=\"https:\/\/www.facebook.com\/arrincuanantigua\/\" aria-label=\"cintillo-arrin-cual\"><img loading=\"lazy\" decoding=\"async\" src=\"https:\/\/elmetropolitano.com.gt\/es\/wp-content\/uploads\/2021\/11\/cintillo-arrin-cual-1.jpg\" alt=\"\"  srcset=\"https:\/\/elmetropolitano.com.gt\/es\/wp-content\/uploads\/2021\/11\/cintillo-arrin-cual-1.jpg 750w, https:\/\/elmetropolitano.com.gt\/es\/wp-content\/uploads\/2021\/11\/cintillo-arrin-cual-1-300x36.jpg 300w, https:\/\/elmetropolitano.com.gt\/es\/wp-content\/uploads\/2021\/11\/cintillo-arrin-cual-1-600x72.jpg 600w\" sizes=\"(max-width: 750px) 100vw, 750px\" width=\"750\" height=\"90\"   \/><\/a><\/div><\/div>\n\n\n\n<p>En <a><\/a>ese sentido, se espera que la obra finalice en 15 d\u00edas, pues se trabajar\u00e1 las 24 horas del d\u00eda.<\/p>\n\n\n\n<p>Asimismo, se destac\u00f3 que la construcci\u00f3n de las viviendas es el resultado de la intermediaci\u00f3n de las autoridades locales ante el Gobierno central.<\/p>\n\n\n\n<p>Detalles de la obra<\/p>\n\n\n\n<p>Las viviendas se construyen con block y contar\u00e1n con dos dormitorios, una sala y un ba\u00f1o.<\/p>\n\n\n\n<p>Se espera que la primera fase se entregue en los \u00faltimos d\u00edas de diciembre.<\/p>\n\n\n\n<p>Sobre el Fopavi<\/p>\n\n\n\n<p>El Fopavi es una instituci\u00f3n financiera que se cre\u00f3 para otorgar subsidios directos y facilitar el acceso al cr\u00e9dito para las familias en situaci\u00f3n de pobreza y pobreza extrema.<\/p>\n\n\n\n<p>Su misi\u00f3n es contribuir y garantizar a las familias guatemaltecas en condiciones de pobreza y extrema pobreza, el acceso a una unidad habitacional digna, adecuada y saludable, por medio de un subsidio.<\/p>\n\n\n\n<p>Su visi\u00f3n es ser la entidad de Gobierno que permita mejorar la calidad de vida de las familias guatemaltecas facilitando el acceso a una unidad habitacional en forma transparente y bajo un enfoque fundamentalmente social.<\/p>\n\n\n\n<p>Texto: Melissa Hern\u00e1ndez<\/p>\n\n\n\n<p><a href=\"https:\/\/www.facebook.com\/hashtag\/metroredes?__eep__=6&amp;__cft__[0]=AZVCsYpr2OHHIBeJgR0bFxKO-oau-uhEV2RpIXH2Vpyz5QEQwVK7QifDILNThHMjpzRsOzS6OasrSse29xciVTcCabA0mIPelsPo5Bfvxb3qSSGkjLQmAnG4HDXzEjaazlq2za6dURijM75QDxtSLG1JtBD4ufr-nI4tg1k1HnZ0cKi838-p-AyHd-qOt77WYk8&amp;__tn__=*NK-R\">#metroredes<\/a><a href=\"https:\/\/www.facebook.com\/hashtag\/fopavi?__eep__=6&amp;__cft__[0]=AZVCsYpr2OHHIBeJgR0bFxKO-oau-uhEV2RpIXH2Vpyz5QEQwVK7QifDILNThHMjpzRsOzS6OasrSse29xciVTcCabA0mIPelsPo5Bfvxb3qSSGkjLQmAnG4HDXzEjaazlq2za6dURijM75QDxtSLG1JtBD4ufr-nI4tg1k1HnZ0cKi838-p-AyHd-qOt77WYk8&amp;__tn__=*NK-R\">#FOPAVI<\/a><\/p>\n\n\n\n<figure class=\"wp-block-gallery has-nested-images columns-default is-cropped wp-block-gallery-1 is-layout-flex wp-block-gallery-is-layout-flex\">\n<figure class=\"wp-block-image size-large\"><img loading=\"lazy\" decoding=\"async\" width=\"1024\" height=\"683\" data-id=\"58660\" src=\"https:\/\/elmetropolitano.com.gt\/es\/wp-content\/uploads\/2022\/12\/318474262_1243525246197735_8618843382661394092_n-1024x683.jpg\" alt=\"\" class=\"wp-image-58660\" srcset=\"https:\/\/elmetropolitano.com.gt\/es\/wp-content\/uploads\/2022\/12\/318474262_1243525246197735_8618843382661394092_n-1024x683.jpg 1024w, https:\/\/elmetropolitano.com.gt\/es\/wp-content\/uploads\/2022\/12\/318474262_1243525246197735_8618843382661394092_n-300x200.jpg 300w, https:\/\/elmetropolitano.com.gt\/es\/wp-content\/uploads\/2022\/12\/318474262_1243525246197735_8618843382661394092_n-768x512.jpg 768w, https:\/\/elmetropolitano.com.gt\/es\/wp-content\/uploads\/2022\/12\/318474262_1243525246197735_8618843382661394092_n-600x400.jpg 600w, https:\/\/elmetropolitano.com.gt\/es\/wp-content\/uploads\/2022\/12\/318474262_1243525246197735_8618843382661394092_n.jpg 1080w\" sizes=\"auto, (max-width: 1024px) 100vw, 1024px\" \/><\/figure>\n\n\n\n<figure class=\"wp-block-image size-large\"><img loading=\"lazy\" decoding=\"async\" width=\"1024\" height=\"683\" data-id=\"58661\" src=\"https:\/\/elmetropolitano.com.gt\/es\/wp-content\/uploads\/2022\/12\/318521391_850338829647167_9017708515917796719_n-1024x683.jpg\" alt=\"\" class=\"wp-image-58661\" srcset=\"https:\/\/elmetropolitano.com.gt\/es\/wp-content\/uploads\/2022\/12\/318521391_850338829647167_9017708515917796719_n-1024x683.jpg 1024w, https:\/\/elmetropolitano.com.gt\/es\/wp-content\/uploads\/2022\/12\/318521391_850338829647167_9017708515917796719_n-300x200.jpg 300w, https:\/\/elmetropolitano.com.gt\/es\/wp-content\/uploads\/2022\/12\/318521391_850338829647167_9017708515917796719_n-768x512.jpg 768w, https:\/\/elmetropolitano.com.gt\/es\/wp-content\/uploads\/2022\/12\/318521391_850338829647167_9017708515917796719_n-600x400.jpg 600w, https:\/\/elmetropolitano.com.gt\/es\/wp-content\/uploads\/2022\/12\/318521391_850338829647167_9017708515917796719_n.jpg 1080w\" sizes=\"auto, (max-width: 1024px) 100vw, 1024px\" \/><\/figure>\n<\/figure>\n","protected":false},"excerpt":{"rendered":"<p>En el barrio La Salida, en Santa Cruz Naranjo, se inici\u00f3 con la construcci\u00f3n de viviendas para 115 familias guatemaltecas vulnerables. Se inform\u00f3 que las viviendas ser\u00e1n construidas por el Fondo para la Vivienda (Fopavi), del Ministerio de Comunicaciones, Infraestructura y Vivienda (CIV). En ese sentido, se espera que la obra finalice en 15 d\u00edas, <a class=\"read-more\" href=\"https:\/\/elmetropolitano.com.gt\/es\/fopavi-inicia-construccion-de-viviendas-en-santa-cruz-naranjo-santa-rosa\/\">Leer m\u00e1s<\/a><\/p>\n","protected":false},"author":1,"featured_media":58659,"comment_status":"open","ping_status":"closed","sticky":false,"template":"","format":"standard","meta":{"footnotes":""},"categories":[2],"tags":[12],"class_list":["post-58658","post","type-post","status-publish","format-standard","has-post-thumbnail","hentry","category-nacionales","tag-nacionales"],"_links":{"self":[{"href":"https:\/\/elmetropolitano.com.gt\/es\/wp-json\/wp\/v2\/posts\/58658","targetHints":{"allow":["GET"]}}],"collection":[{"href":"https:\/\/elmetropolitano.com.gt\/es\/wp-json\/wp\/v2\/posts"}],"about":[{"href":"https:\/\/elmetropolitano.com.gt\/es\/wp-json\/wp\/v2\/types\/post"}],"author":[{"embeddable":true,"href":"https:\/\/elmetropolitano.com.gt\/es\/wp-json\/wp\/v2\/users\/1"}],"replies":[{"embeddable":true,"href":"https:\/\/elmetropolitano.com.gt\/es\/wp-json\/wp\/v2\/comments?post=58658"}],"version-history":[{"count":1,"href":"https:\/\/elmetropolitano.com.gt\/es\/wp-json\/wp\/v2\/posts\/58658\/revisions"}],"predecessor-version":[{"id":58662,"href":"https:\/\/elmetropolitano.com.gt\/es\/wp-json\/wp\/v2\/posts\/58658\/revisions\/58662"}],"wp:featuredmedia":[{"embeddable":true,"href":"https:\/\/elmetropolitano.com.gt\/es\/wp-json\/wp\/v2\/media\/58659"}],"wp:attachment":[{"href":"https:\/\/elmetropolitano.com.gt\/es\/wp-json\/wp\/v2\/media?parent=58658"}],"wp:term":[{"taxonomy":"category","embeddable":true,"href":"https:\/\/elmetropolitano.com.gt\/es\/wp-json\/wp\/v2\/categories?post=58658"},{"taxonomy":"post_tag","embeddable":true,"href":"https:\/\/elmetropolitano.com.gt\/es\/wp-json\/wp\/v2\/tags?post=58658"}],"curies":[{"name":"wp","href":"https:\/\/api.w.org\/{rel}","templated":true}]}}