{"id":58682,"date":"2022-12-14T09:07:49","date_gmt":"2022-12-14T15:07:49","guid":{"rendered":"https:\/\/elmetropolitano.com.gt\/es\/?p=58682"},"modified":"2022-12-14T09:07:50","modified_gmt":"2022-12-14T15:07:50","slug":"bien-sigue-creciendo-en-chinautla","status":"publish","type":"post","link":"https:\/\/elmetropolitano.com.gt\/es\/bien-sigue-creciendo-en-chinautla\/","title":{"rendered":"BIEN sigue creciendo en Chinautla"},"content":{"rendered":"\n<p>El partido Bienestar Nacional Bien inaugura su tercera sede en Chinautla en esta ocaci\u00f3n en Las Lomas del \u00e1rea Rural Norte donde se hizo presente el coordinador municipal Cristian Ch\u00e1vez y la coordinadora de organizaci\u00f3n departamental Oddy Cuellar.<\/p>\n\n\n\n<p>A este evento llegaron m\u00e1s de doscientas personas y Cristian Ch\u00e1vez en su discurso dijo que ninguno de los presentes fue acarreado ni se les ofreci\u00f3 nada a cambio por llegar y que la gente quiere <a><\/a>algo nuevo por eso a bien cada d\u00eda se suman m\u00e1s personas y que sin lugar a duda es el proyecto con mayor crecimiento en los \u00faltimos tiempos en Chinautla.<\/p><div class=\"elmet-contenido\" id=\"elmet-1868767304\"><div class=\"elmet-adlabel\">Anuncios<\/div><div style=\"margin-top: 20px;margin-right: 20px;margin-bottom: 20px;margin-left: 20px;\" id=\"elmet-3270914092\"><a href=\"https:\/\/www.facebook.com\/arrincuanantigua\/\" aria-label=\"cintillo-arrin-cual\"><img loading=\"lazy\" decoding=\"async\" src=\"https:\/\/elmetropolitano.com.gt\/es\/wp-content\/uploads\/2021\/11\/cintillo-arrin-cual-1.jpg\" alt=\"\"  srcset=\"https:\/\/elmetropolitano.com.gt\/es\/wp-content\/uploads\/2021\/11\/cintillo-arrin-cual-1.jpg 750w, https:\/\/elmetropolitano.com.gt\/es\/wp-content\/uploads\/2021\/11\/cintillo-arrin-cual-1-300x36.jpg 300w, https:\/\/elmetropolitano.com.gt\/es\/wp-content\/uploads\/2021\/11\/cintillo-arrin-cual-1-600x72.jpg 600w\" sizes=\"(max-width: 750px) 100vw, 750px\" width=\"750\" height=\"90\"   \/><\/a><\/div><\/div>\n\n\n\n<p>Al final muchos vecinos se acercaron a Cristian Ch\u00e1vez para tomarse una fotograf\u00eda y manifestarle su apoyo.<\/p>\n\n\n\n<p><a href=\"https:\/\/www.facebook.com\/hashtag\/caminoeleccionesgt?__eep__=6&amp;__cft__[0]=AZXzArvuqBwWqn6Fy3feLs-ioopDx29lonUmQzXDxyLVOcFnigDusoIfAjxPORfSn8H7Jh2csTMQNMBL4ZOjLrEqOmEohLJuc8nxTZ4ddsTpK6g3OluFDvCpdAJ5MPkRLaaRqVtj4LblVADPOcrJ8n7Fjp2DKUGv8XneZ0QyZ0BAakTDaPuMBXGnU6gGre8t1Xc&amp;__tn__=*NK-R\">#CaminoEleccionesGT<\/a><a href=\"https:\/\/www.facebook.com\/hashtag\/afiliate?__eep__=6&amp;__cft__[0]=AZXzArvuqBwWqn6Fy3feLs-ioopDx29lonUmQzXDxyLVOcFnigDusoIfAjxPORfSn8H7Jh2csTMQNMBL4ZOjLrEqOmEohLJuc8nxTZ4ddsTpK6g3OluFDvCpdAJ5MPkRLaaRqVtj4LblVADPOcrJ8n7Fjp2DKUGv8XneZ0QyZ0BAakTDaPuMBXGnU6gGre8t1Xc&amp;__tn__=*NK-R\">#Afiliate<\/a><\/p>\n\n\n\n<p><a href=\"https:\/\/www.facebook.com\/hashtag\/metroredes?__eep__=6&amp;__cft__[0]=AZXzArvuqBwWqn6Fy3feLs-ioopDx29lonUmQzXDxyLVOcFnigDusoIfAjxPORfSn8H7Jh2csTMQNMBL4ZOjLrEqOmEohLJuc8nxTZ4ddsTpK6g3OluFDvCpdAJ5MPkRLaaRqVtj4LblVADPOcrJ8n7Fjp2DKUGv8XneZ0QyZ0BAakTDaPuMBXGnU6gGre8t1Xc&amp;__tn__=*NK-R\">#metroredes<\/a><a href=\"https:\/\/www.facebook.com\/hashtag\/partidobien?__eep__=6&amp;__cft__[0]=AZXzArvuqBwWqn6Fy3feLs-ioopDx29lonUmQzXDxyLVOcFnigDusoIfAjxPORfSn8H7Jh2csTMQNMBL4ZOjLrEqOmEohLJuc8nxTZ4ddsTpK6g3OluFDvCpdAJ5MPkRLaaRqVtj4LblVADPOcrJ8n7Fjp2DKUGv8XneZ0QyZ0BAakTDaPuMBXGnU6gGre8t1Xc&amp;__tn__=*NK-R\">#PartidoBien<\/a><\/p>\n\n\n\n<figure class=\"wp-block-gallery has-nested-images columns-default is-cropped wp-block-gallery-1 is-layout-flex wp-block-gallery-is-layout-flex\">\n<figure class=\"wp-block-image size-large\"><img loading=\"lazy\" decoding=\"async\" width=\"720\" height=\"959\" data-id=\"58686\" src=\"https:\/\/elmetropolitano.com.gt\/es\/wp-content\/uploads\/2022\/12\/320046365_509790057785291_7984950171211025278_n.jpg\" alt=\"\" class=\"wp-image-58686\" srcset=\"https:\/\/elmetropolitano.com.gt\/es\/wp-content\/uploads\/2022\/12\/320046365_509790057785291_7984950171211025278_n.jpg 720w, https:\/\/elmetropolitano.com.gt\/es\/wp-content\/uploads\/2022\/12\/320046365_509790057785291_7984950171211025278_n-225x300.jpg 225w, https:\/\/elmetropolitano.com.gt\/es\/wp-content\/uploads\/2022\/12\/320046365_509790057785291_7984950171211025278_n-600x799.jpg 600w\" sizes=\"auto, (max-width: 720px) 100vw, 720px\" \/><\/figure>\n\n\n\n<figure class=\"wp-block-image size-large\"><img loading=\"lazy\" decoding=\"async\" width=\"720\" height=\"540\" data-id=\"58685\" src=\"https:\/\/elmetropolitano.com.gt\/es\/wp-content\/uploads\/2022\/12\/320065992_1107535123244254_4638999733020758170_n.jpg\" alt=\"\" class=\"wp-image-58685\" srcset=\"https:\/\/elmetropolitano.com.gt\/es\/wp-content\/uploads\/2022\/12\/320065992_1107535123244254_4638999733020758170_n.jpg 720w, https:\/\/elmetropolitano.com.gt\/es\/wp-content\/uploads\/2022\/12\/320065992_1107535123244254_4638999733020758170_n-300x225.jpg 300w, https:\/\/elmetropolitano.com.gt\/es\/wp-content\/uploads\/2022\/12\/320065992_1107535123244254_4638999733020758170_n-600x450.jpg 600w\" sizes=\"auto, (max-width: 720px) 100vw, 720px\" \/><\/figure>\n\n\n\n<figure class=\"wp-block-image size-large\"><img loading=\"lazy\" decoding=\"async\" width=\"720\" height=\"143\" data-id=\"58684\" src=\"https:\/\/elmetropolitano.com.gt\/es\/wp-content\/uploads\/2022\/12\/320071692_2953674601606822_6354240066513583763_n.jpg\" alt=\"\" class=\"wp-image-58684\" srcset=\"https:\/\/elmetropolitano.com.gt\/es\/wp-content\/uploads\/2022\/12\/320071692_2953674601606822_6354240066513583763_n.jpg 720w, https:\/\/elmetropolitano.com.gt\/es\/wp-content\/uploads\/2022\/12\/320071692_2953674601606822_6354240066513583763_n-300x60.jpg 300w, https:\/\/elmetropolitano.com.gt\/es\/wp-content\/uploads\/2022\/12\/320071692_2953674601606822_6354240066513583763_n-600x119.jpg 600w\" sizes=\"auto, (max-width: 720px) 100vw, 720px\" \/><\/figure>\n<\/figure>\n","protected":false},"excerpt":{"rendered":"<p>El partido Bienestar Nacional Bien inaugura su tercera sede en Chinautla en esta ocaci\u00f3n en Las Lomas del \u00e1rea Rural Norte donde se hizo presente el coordinador municipal Cristian Ch\u00e1vez y la coordinadora de organizaci\u00f3n departamental Oddy Cuellar. A este evento llegaron m\u00e1s de doscientas personas y Cristian Ch\u00e1vez en su discurso dijo que ninguno <a class=\"read-more\" href=\"https:\/\/elmetropolitano.com.gt\/es\/bien-sigue-creciendo-en-chinautla\/\">Leer m\u00e1s<\/a><\/p>\n","protected":false},"author":1,"featured_media":58683,"comment_status":"open","ping_status":"closed","sticky":false,"template":"","format":"standard","meta":{"footnotes":""},"categories":[97],"tags":[98],"class_list":["post-58682","post","type-post","status-publish","format-standard","has-post-thumbnail","hentry","category-politica","tag-politica"],"_links":{"self":[{"href":"https:\/\/elmetropolitano.com.gt\/es\/wp-json\/wp\/v2\/posts\/58682","targetHints":{"allow":["GET"]}}],"collection":[{"href":"https:\/\/elmetropolitano.com.gt\/es\/wp-json\/wp\/v2\/posts"}],"about":[{"href":"https:\/\/elmetropolitano.com.gt\/es\/wp-json\/wp\/v2\/types\/post"}],"author":[{"embeddable":true,"href":"https:\/\/elmetropolitano.com.gt\/es\/wp-json\/wp\/v2\/users\/1"}],"replies":[{"embeddable":true,"href":"https:\/\/elmetropolitano.com.gt\/es\/wp-json\/wp\/v2\/comments?post=58682"}],"version-history":[{"count":1,"href":"https:\/\/elmetropolitano.com.gt\/es\/wp-json\/wp\/v2\/posts\/58682\/revisions"}],"predecessor-version":[{"id":58687,"href":"https:\/\/elmetropolitano.com.gt\/es\/wp-json\/wp\/v2\/posts\/58682\/revisions\/58687"}],"wp:featuredmedia":[{"embeddable":true,"href":"https:\/\/elmetropolitano.com.gt\/es\/wp-json\/wp\/v2\/media\/58683"}],"wp:attachment":[{"href":"https:\/\/elmetropolitano.com.gt\/es\/wp-json\/wp\/v2\/media?parent=58682"}],"wp:term":[{"taxonomy":"category","embeddable":true,"href":"https:\/\/elmetropolitano.com.gt\/es\/wp-json\/wp\/v2\/categories?post=58682"},{"taxonomy":"post_tag","embeddable":true,"href":"https:\/\/elmetropolitano.com.gt\/es\/wp-json\/wp\/v2\/tags?post=58682"}],"curies":[{"name":"wp","href":"https:\/\/api.w.org\/{rel}","templated":true}]}}