{"id":58783,"date":"2022-12-17T10:40:30","date_gmt":"2022-12-17T16:40:30","guid":{"rendered":"https:\/\/elmetropolitano.com.gt\/es\/?p=58783"},"modified":"2022-12-17T10:40:31","modified_gmt":"2022-12-17T16:40:31","slug":"interceptan-embarcacion-en-aguas-del-pacifico-e-incautan-posible-droga","status":"publish","type":"post","link":"https:\/\/elmetropolitano.com.gt\/es\/interceptan-embarcacion-en-aguas-del-pacifico-e-incautan-posible-droga\/","title":{"rendered":"Interceptan embarcaci\u00f3n en aguas del Pac\u00edfico e incautan posible droga"},"content":{"rendered":"\n<p>Unidades de la Marina de la Defensa Nacional, del Ej\u00e9rcito de Guatemala, interceptaron una embarcaci\u00f3n donde se localizaron paquetes de posible droga.<\/p>\n\n\n\n<p>El <a><\/a>anuncio lo efectu\u00f3 el presidente Alejandro Giammattei durante un acto especial en la Escuela Polit\u00e9cnica.<\/p><div class=\"elmet-contenido\" id=\"elmet-2281434544\"><div class=\"elmet-adlabel\">Anuncios<\/div><div style=\"margin-top: 20px;margin-right: 20px;margin-bottom: 20px;margin-left: 20px;\" id=\"elmet-4102997133\"><a href=\"https:\/\/www.facebook.com\/arrincuanantigua\/\" aria-label=\"cintillo-arrin-cual\"><img loading=\"lazy\" decoding=\"async\" src=\"https:\/\/elmetropolitano.com.gt\/es\/wp-content\/uploads\/2021\/11\/cintillo-arrin-cual-1.jpg\" alt=\"\"  srcset=\"https:\/\/elmetropolitano.com.gt\/es\/wp-content\/uploads\/2021\/11\/cintillo-arrin-cual-1.jpg 750w, https:\/\/elmetropolitano.com.gt\/es\/wp-content\/uploads\/2021\/11\/cintillo-arrin-cual-1-300x36.jpg 300w, https:\/\/elmetropolitano.com.gt\/es\/wp-content\/uploads\/2021\/11\/cintillo-arrin-cual-1-600x72.jpg 600w\" sizes=\"(max-width: 750px) 100vw, 750px\" width=\"750\" height=\"90\"   \/><\/a><\/div><\/div>\n\n\n\n<p>A decir de Rub\u00e9n Tellez, vocero de la entidad castrense, la embarcaci\u00f3n es trasladada hacia las instalaciones del Comando Naval del Pac\u00edfico, Puerto Quetzal, Escuintla.<\/p>\n\n\n\n<p>Tripulantes<\/p>\n\n\n\n<p>Tellez destac\u00f3 que los elementos castrenses que ejecutaron este operativo constataron que la embarcaci\u00f3n era tripulada por tres personas.<\/p>\n\n\n\n<p>Agreg\u00f3 que la misma es procedente del sur del continente, la cual a simple vista transporta m\u00e1s de tonelada y media de il\u00edcitos.<\/p>\n\n\n\n<p>Es un golpe que podr\u00eda darse al narcotr\u00e1fico, mencion\u00f3 al referirse sobre los paquetes de posible droga incautados.<\/p>\n\n\n\n<p>Por otra parte, a\u00f1adi\u00f3 que lo decomisado ser\u00e1 sometido a las pruebas respectivas de campo y contabilizaci\u00f3n, lo cual estar\u00e1 a cargo del Ministerio P\u00fablico (MP) o elementos antinarc\u00f3ticos de la PNC.<\/p>\n\n\n\n<p>#metroredes<\/p>\n\n\n\n<p><\/p>\n","protected":false},"excerpt":{"rendered":"<p>Unidades de la Marina de la Defensa Nacional, del Ej\u00e9rcito de Guatemala, interceptaron una embarcaci\u00f3n donde se localizaron paquetes de posible droga. El anuncio lo efectu\u00f3 el presidente Alejandro Giammattei durante un acto especial en la Escuela Polit\u00e9cnica. A decir de Rub\u00e9n Tellez, vocero de la entidad castrense, la embarcaci\u00f3n es trasladada hacia las instalaciones <a class=\"read-more\" href=\"https:\/\/elmetropolitano.com.gt\/es\/interceptan-embarcacion-en-aguas-del-pacifico-e-incautan-posible-droga\/\">Leer m\u00e1s<\/a><\/p>\n","protected":false},"author":1,"featured_media":58784,"comment_status":"open","ping_status":"closed","sticky":false,"template":"","format":"standard","meta":{"footnotes":""},"categories":[4],"tags":[13],"class_list":["post-58783","post","type-post","status-publish","format-standard","has-post-thumbnail","hentry","category-departamentales","tag-departamentales"],"_links":{"self":[{"href":"https:\/\/elmetropolitano.com.gt\/es\/wp-json\/wp\/v2\/posts\/58783","targetHints":{"allow":["GET"]}}],"collection":[{"href":"https:\/\/elmetropolitano.com.gt\/es\/wp-json\/wp\/v2\/posts"}],"about":[{"href":"https:\/\/elmetropolitano.com.gt\/es\/wp-json\/wp\/v2\/types\/post"}],"author":[{"embeddable":true,"href":"https:\/\/elmetropolitano.com.gt\/es\/wp-json\/wp\/v2\/users\/1"}],"replies":[{"embeddable":true,"href":"https:\/\/elmetropolitano.com.gt\/es\/wp-json\/wp\/v2\/comments?post=58783"}],"version-history":[{"count":1,"href":"https:\/\/elmetropolitano.com.gt\/es\/wp-json\/wp\/v2\/posts\/58783\/revisions"}],"predecessor-version":[{"id":58785,"href":"https:\/\/elmetropolitano.com.gt\/es\/wp-json\/wp\/v2\/posts\/58783\/revisions\/58785"}],"wp:featuredmedia":[{"embeddable":true,"href":"https:\/\/elmetropolitano.com.gt\/es\/wp-json\/wp\/v2\/media\/58784"}],"wp:attachment":[{"href":"https:\/\/elmetropolitano.com.gt\/es\/wp-json\/wp\/v2\/media?parent=58783"}],"wp:term":[{"taxonomy":"category","embeddable":true,"href":"https:\/\/elmetropolitano.com.gt\/es\/wp-json\/wp\/v2\/categories?post=58783"},{"taxonomy":"post_tag","embeddable":true,"href":"https:\/\/elmetropolitano.com.gt\/es\/wp-json\/wp\/v2\/tags?post=58783"}],"curies":[{"name":"wp","href":"https:\/\/api.w.org\/{rel}","templated":true}]}}