{"id":58786,"date":"2022-12-17T10:43:05","date_gmt":"2022-12-17T16:43:05","guid":{"rendered":"https:\/\/elmetropolitano.com.gt\/es\/?p=58786"},"modified":"2022-12-17T10:43:06","modified_gmt":"2022-12-17T16:43:06","slug":"poblacion-de-san-vicente-pacaya-escuintla-cuenta-con-comedor-social","status":"publish","type":"post","link":"https:\/\/elmetropolitano.com.gt\/es\/poblacion-de-san-vicente-pacaya-escuintla-cuenta-con-comedor-social\/","title":{"rendered":"Poblaci\u00f3n de San Vicente Pacaya, Escuintla cuenta con comedor social"},"content":{"rendered":"\n<p>El Gobierno de Guatemala a trav\u00e9s del Ministerio de Desarrollo (Mides) contin\u00faa apoyando a quienes viven en situaci\u00f3n de pobreza y pobreza<\/p>\n\n\n\n<p>extrema.<\/p><div class=\"elmet-contenido\" id=\"elmet-3108515047\"><div class=\"elmet-adlabel\">Anuncios<\/div><div style=\"margin-top: 20px;margin-right: 20px;margin-bottom: 20px;margin-left: 20px;\" id=\"elmet-1263062992\"><a href=\"https:\/\/www.facebook.com\/arrincuanantigua\/\" aria-label=\"cintillo-arrin-cual\"><img loading=\"lazy\" decoding=\"async\" src=\"https:\/\/elmetropolitano.com.gt\/es\/wp-content\/uploads\/2021\/11\/cintillo-arrin-cual-1.jpg\" alt=\"\"  srcset=\"https:\/\/elmetropolitano.com.gt\/es\/wp-content\/uploads\/2021\/11\/cintillo-arrin-cual-1.jpg 750w, https:\/\/elmetropolitano.com.gt\/es\/wp-content\/uploads\/2021\/11\/cintillo-arrin-cual-1-300x36.jpg 300w, https:\/\/elmetropolitano.com.gt\/es\/wp-content\/uploads\/2021\/11\/cintillo-arrin-cual-1-600x72.jpg 600w\" sizes=\"(max-width: 750px) 100vw, 750px\" width=\"750\" height=\"90\"   \/><\/a><\/div><\/div>\n\n\n\n<p>Este <a><\/a>viernes el ministro de desarrollo Melvin Cana junto al alcalde del Partido Vamos Axel Gonzalez inauguraron el comedor social n\u00famero 71 a nivel nacional, en el municipio San Vicente Pacaya, en Escuintla.<\/p>\n\n\n\n<p>Esta acci\u00f3n responde al compromiso que estableci\u00f3 el presidente Alejandro Giammattei, a fin de atender a m\u00e1s personas en condici\u00f3n de vulnerabilidad alimentaria.<\/p>\n\n\n\n<p>\u201cEstamos muy contentos de llegar a 71 comedores sociales a nivel nacional. Hoy podemos ver que se est\u00e1 atendiendo a personas de la tercera edad y personas con capacidades especiales\u201d, refiri\u00f3 el ministro Melvin Hector Cana<\/p>\n\n\n\n<p>Adem\u00e1s, record\u00f3 que al inicio de la administraci\u00f3n del presidente Giammattei, \u00fanicamente se contaba con siete comedores. No obstante, gracias a las acciones del gobierno central ahora suman 71 comedores en todo el pa\u00eds.<\/p>\n\n\n\n<p>Solo este a\u00f1o hemos llegando a m\u00e1s de 8.5 millones de platos servidos, los cuales est\u00e1n supervisados nutricionalmente, dijo Can\u00e1.<\/p>\n\n\n\n<p>El programa<\/p>\n\n\n\n<p>Comedor Social es un programa que consiste en la entrega de raciones alimenticias en tiempo de desayuno Y almuerzo de lunes a viernes.<\/p>\n\n\n\n<p>A trav\u00e9s de estas acciones se permite a las personas usuarias acceder a una alimentaci\u00f3n adecuada,<\/p>\n\n\n\n<p>inocua y nutritiva.<\/p>\n\n\n\n<p>El programa est\u00e1 dirigido a poblaci\u00f3n que vive en condiciones de vulnerabilidad o crisis frente a situaciones de inseguridad alimentaria y nutricional.<\/p>\n\n\n\n<p>Por este tema, el funcionario dijo que las personas del municipio estar\u00e1n siendo beneficiadas con 250 desayunos y 350 almuerzos.<\/p>\n\n\n\n<p>Es importante dar a conocer a la poblaci\u00f3n que los alimentos son totalmente gratuitos. Los comedores sociales son dirigidos a las personas m\u00e1s necesitadas, enfatizo.<\/p>\n\n\n\n<p>Finalmente, las autoridades del Mides reiteraron el compromiso para seguir aumentando el n\u00famero de comedores el pr\u00f3ximo a\u00f1o.<\/p>\n\n\n\n<p>Estructura del men\u00fa<\/p>\n\n\n\n<p>De esa cuenta, cada men\u00fa prioriza a ni\u00f1as y ni\u00f1os, mujeres embarazadas, lactantes, personas adultas mayores, personas con discapacidad, y poblaci\u00f3n ind\u00edgena.<\/p>\n\n\n\n<p>Adem\u00e1s, se indic\u00f3 que los men\u00fas que se otorgar\u00e1n cuentan con el aval de nutricionistas para garantizar la adecuada alimentaci\u00f3n de la poblaci\u00f3n.<\/p>\n\n\n\n<p>Seg\u00fan datos del Mides, de enero a la presenta fecha en los comedores sociales se han servido m\u00e1s de 8.5 millones raciones.<\/p>\n\n\n\n<p><a href=\"https:\/\/www.facebook.com\/hashtag\/metroredes?__eep__=6&amp;__cft__[0]=AZVbTNhNItl00Q1AxEkRpLU73NiAhMBM4Z9UY4_c8APzg5mQPpBRm6aZWhERJRQ2zCrlk9uLrRasKJSp64T-pZq-5f_3fZaGNwQUMU9921YQyhuYRFOi_B1pN-u0TojMYeszYqWew5XiLaQsSJdIN3DB2J8FZlwqeFsuWs6913sOQJxcu9eWqeNJS4VWNbDiMZY&amp;__tn__=*NK-R\">#metroredes<\/a><a href=\"https:\/\/www.facebook.com\/hashtag\/sanvicentepacaya?__eep__=6&amp;__cft__[0]=AZVbTNhNItl00Q1AxEkRpLU73NiAhMBM4Z9UY4_c8APzg5mQPpBRm6aZWhERJRQ2zCrlk9uLrRasKJSp64T-pZq-5f_3fZaGNwQUMU9921YQyhuYRFOi_B1pN-u0TojMYeszYqWew5XiLaQsSJdIN3DB2J8FZlwqeFsuWs6913sOQJxcu9eWqeNJS4VWNbDiMZY&amp;__tn__=*NK-R\">#SanVicentePacaya<\/a><\/p>\n\n\n\n<p><a href=\"https:\/\/www.facebook.com\/hashtag\/mides?__eep__=6&amp;__cft__[0]=AZVbTNhNItl00Q1AxEkRpLU73NiAhMBM4Z9UY4_c8APzg5mQPpBRm6aZWhERJRQ2zCrlk9uLrRasKJSp64T-pZq-5f_3fZaGNwQUMU9921YQyhuYRFOi_B1pN-u0TojMYeszYqWew5XiLaQsSJdIN3DB2J8FZlwqeFsuWs6913sOQJxcu9eWqeNJS4VWNbDiMZY&amp;__tn__=*NK-R\">#MIDES<\/a><\/p>\n\n\n\n<figure class=\"wp-block-gallery has-nested-images columns-default is-cropped wp-block-gallery-1 is-layout-flex wp-block-gallery-is-layout-flex\">\n<figure class=\"wp-block-image size-full\"><img loading=\"lazy\" decoding=\"async\" width=\"360\" height=\"240\" data-id=\"58788\" src=\"https:\/\/elmetropolitano.com.gt\/es\/wp-content\/uploads\/2022\/12\/320345523_3012226095739960_8067139864809043676_n.jpg\" alt=\"\" class=\"wp-image-58788\" srcset=\"https:\/\/elmetropolitano.com.gt\/es\/wp-content\/uploads\/2022\/12\/320345523_3012226095739960_8067139864809043676_n.jpg 360w, https:\/\/elmetropolitano.com.gt\/es\/wp-content\/uploads\/2022\/12\/320345523_3012226095739960_8067139864809043676_n-300x200.jpg 300w\" sizes=\"auto, (max-width: 360px) 100vw, 360px\" \/><\/figure>\n\n\n\n<figure class=\"wp-block-image size-full\"><img loading=\"lazy\" decoding=\"async\" width=\"446\" height=\"334\" data-id=\"58789\" src=\"https:\/\/elmetropolitano.com.gt\/es\/wp-content\/uploads\/2022\/12\/320350216_824770148596276_1593651331394398727_n.jpg\" alt=\"\" class=\"wp-image-58789\" srcset=\"https:\/\/elmetropolitano.com.gt\/es\/wp-content\/uploads\/2022\/12\/320350216_824770148596276_1593651331394398727_n.jpg 446w, https:\/\/elmetropolitano.com.gt\/es\/wp-content\/uploads\/2022\/12\/320350216_824770148596276_1593651331394398727_n-300x225.jpg 300w\" sizes=\"auto, (max-width: 446px) 100vw, 446px\" \/><\/figure>\n\n\n\n<figure class=\"wp-block-image size-full\"><img loading=\"lazy\" decoding=\"async\" width=\"680\" height=\"453\" data-id=\"58791\" src=\"https:\/\/elmetropolitano.com.gt\/es\/wp-content\/uploads\/2022\/12\/320557820_1330759957741595_7210921129762792032_n.jpg\" alt=\"\" class=\"wp-image-58791\" srcset=\"https:\/\/elmetropolitano.com.gt\/es\/wp-content\/uploads\/2022\/12\/320557820_1330759957741595_7210921129762792032_n.jpg 680w, https:\/\/elmetropolitano.com.gt\/es\/wp-content\/uploads\/2022\/12\/320557820_1330759957741595_7210921129762792032_n-300x200.jpg 300w, https:\/\/elmetropolitano.com.gt\/es\/wp-content\/uploads\/2022\/12\/320557820_1330759957741595_7210921129762792032_n-600x400.jpg 600w\" sizes=\"auto, (max-width: 680px) 100vw, 680px\" \/><\/figure>\n\n\n\n<figure class=\"wp-block-image size-full\"><img loading=\"lazy\" decoding=\"async\" width=\"446\" height=\"334\" data-id=\"58790\" src=\"https:\/\/elmetropolitano.com.gt\/es\/wp-content\/uploads\/2022\/12\/320574344_1206438366897441_4729602738515759814_n.jpg\" alt=\"\" class=\"wp-image-58790\" srcset=\"https:\/\/elmetropolitano.com.gt\/es\/wp-content\/uploads\/2022\/12\/320574344_1206438366897441_4729602738515759814_n.jpg 446w, https:\/\/elmetropolitano.com.gt\/es\/wp-content\/uploads\/2022\/12\/320574344_1206438366897441_4729602738515759814_n-300x225.jpg 300w\" sizes=\"auto, (max-width: 446px) 100vw, 446px\" \/><\/figure>\n<\/figure>\n","protected":false},"excerpt":{"rendered":"<p>El Gobierno de Guatemala a trav\u00e9s del Ministerio de Desarrollo (Mides) contin\u00faa apoyando a quienes viven en situaci\u00f3n de pobreza y pobreza extrema. Este viernes el ministro de desarrollo Melvin Cana junto al alcalde del Partido Vamos Axel Gonzalez inauguraron el comedor social n\u00famero 71 a nivel nacional, en el municipio San Vicente Pacaya, en <a class=\"read-more\" href=\"https:\/\/elmetropolitano.com.gt\/es\/poblacion-de-san-vicente-pacaya-escuintla-cuenta-con-comedor-social\/\">Leer m\u00e1s<\/a><\/p>\n","protected":false},"author":1,"featured_media":58787,"comment_status":"open","ping_status":"closed","sticky":false,"template":"","format":"standard","meta":{"footnotes":""},"categories":[3],"tags":[10],"class_list":["post-58786","post","type-post","status-publish","format-standard","has-post-thumbnail","hentry","category-locales","tag-locales"],"_links":{"self":[{"href":"https:\/\/elmetropolitano.com.gt\/es\/wp-json\/wp\/v2\/posts\/58786","targetHints":{"allow":["GET"]}}],"collection":[{"href":"https:\/\/elmetropolitano.com.gt\/es\/wp-json\/wp\/v2\/posts"}],"about":[{"href":"https:\/\/elmetropolitano.com.gt\/es\/wp-json\/wp\/v2\/types\/post"}],"author":[{"embeddable":true,"href":"https:\/\/elmetropolitano.com.gt\/es\/wp-json\/wp\/v2\/users\/1"}],"replies":[{"embeddable":true,"href":"https:\/\/elmetropolitano.com.gt\/es\/wp-json\/wp\/v2\/comments?post=58786"}],"version-history":[{"count":1,"href":"https:\/\/elmetropolitano.com.gt\/es\/wp-json\/wp\/v2\/posts\/58786\/revisions"}],"predecessor-version":[{"id":58792,"href":"https:\/\/elmetropolitano.com.gt\/es\/wp-json\/wp\/v2\/posts\/58786\/revisions\/58792"}],"wp:featuredmedia":[{"embeddable":true,"href":"https:\/\/elmetropolitano.com.gt\/es\/wp-json\/wp\/v2\/media\/58787"}],"wp:attachment":[{"href":"https:\/\/elmetropolitano.com.gt\/es\/wp-json\/wp\/v2\/media?parent=58786"}],"wp:term":[{"taxonomy":"category","embeddable":true,"href":"https:\/\/elmetropolitano.com.gt\/es\/wp-json\/wp\/v2\/categories?post=58786"},{"taxonomy":"post_tag","embeddable":true,"href":"https:\/\/elmetropolitano.com.gt\/es\/wp-json\/wp\/v2\/tags?post=58786"}],"curies":[{"name":"wp","href":"https:\/\/api.w.org\/{rel}","templated":true}]}}