{"id":58802,"date":"2022-12-17T18:52:32","date_gmt":"2022-12-18T00:52:32","guid":{"rendered":"https:\/\/elmetropolitano.com.gt\/es\/?p=58802"},"modified":"2022-12-17T18:52:34","modified_gmt":"2022-12-18T00:52:34","slug":"cual-es-la-importancia-de-la-higiene-en-personas-en-cama","status":"publish","type":"post","link":"https:\/\/elmetropolitano.com.gt\/es\/cual-es-la-importancia-de-la-higiene-en-personas-en-cama\/","title":{"rendered":"\u00bfCu\u00e1l es la importancia de la higiene en personas en cama?"},"content":{"rendered":"\n<p>Para una persona que se encuentra postrada en una cama, ya sea por una enfermedad cr\u00f3nica, una intervenci\u00f3n quir\u00fargica o por su avanzada edad, es muy importante que se mantengan los h\u00e1bitos de higiene, con el fin de evitar que se den complicaciones de salud.<\/p>\n\n\n\n<p>El <a><\/a>objetivo de la higiene es conservar la calidad de vida y prevenir enfermedades de las personas que no tienen una movilidad normal o que se encuentran encamados, por lo que es necesario mantenerlos bajo estrictos controles que permitan darles calidad de vida.<\/p><div class=\"elmet-contenido\" id=\"elmet-2424774996\"><div class=\"elmet-adlabel\">Anuncios<\/div><div style=\"margin-top: 20px;margin-right: 20px;margin-bottom: 20px;margin-left: 20px;\" id=\"elmet-391877986\"><a href=\"https:\/\/www.facebook.com\/arrincuanantigua\/\" aria-label=\"cintillo-arrin-cual\"><img loading=\"lazy\" decoding=\"async\" src=\"https:\/\/elmetropolitano.com.gt\/es\/wp-content\/uploads\/2021\/11\/cintillo-arrin-cual-1.jpg\" alt=\"\"  srcset=\"https:\/\/elmetropolitano.com.gt\/es\/wp-content\/uploads\/2021\/11\/cintillo-arrin-cual-1.jpg 750w, https:\/\/elmetropolitano.com.gt\/es\/wp-content\/uploads\/2021\/11\/cintillo-arrin-cual-1-300x36.jpg 300w, https:\/\/elmetropolitano.com.gt\/es\/wp-content\/uploads\/2021\/11\/cintillo-arrin-cual-1-600x72.jpg 600w\" sizes=\"(max-width: 750px) 100vw, 750px\" width=\"750\" height=\"90\"   \/><\/a><\/div><\/div>\n\n\n\n<p>Los familiares de las personas con movilidad reducida, ancianos, enfermos con reposo, inmovilizados o enyesados, tienen la misi\u00f3n de ayudar a conservar la piel y las mucosas en buen estado de sus familiares, para mejorar las funciones protectoras del cuerpo y por as\u00ed evitar padecimientos secundarios en la persona.<\/p>\n\n\n\n<p>La limpieza es una parte muy importante para la aplicaci\u00f3n de antis\u00e9pticos para que \u00e9stos act\u00faen de una manera adecuada y para eso es que ha sido desarrollado un producto que ofrece de una manera r\u00e1pida, completa y efectiva higienizar a una persona en cuesti\u00f3n de minutos y con solamente media taza de agua.<\/p>\n\n\n\n<p>Este es un producto que ha sido introducido en el mercado guatemalteco por Distribuidora Grisar, como parte de su programa de Responsabilidad Social Empresarial (RSE), que permite dar calidad de vida a las personas que han perdido la movilidad.<\/p>\n\n\n\n<p>C\u00e9sar Grisol\u00eda comenta: \u201cnuestra experiencia nos permite encontrar productos innovadores que mejoran la calidad de vida de los guatemaltecos y por eso decidimos introducir este novedoso pa\u00f1o, que en poco tiempo, da un tratamiento higi\u00e9nico a los pacientes que se encuentran inmovilizados en cama\u201d.<\/p>\n\n\n\n<p>Muy pocas veces los pacientes en cama disfrutan del contacto real con el agua, ya sea al estar internados o siendo cuidados en casa, porque las ba\u00f1eras se encuentran en lugares poco accesibles para la movilidad de la personas y al estar en cama se torna m\u00e1s dif\u00edcil ofrecer un ba\u00f1o tradicional, porque no se cuenta con las condiciones adecuadas.<\/p>\n\n\n\n<p>\u201cTenemos conocimiento de que existe una gran cantidad de personas que se encuentran inmovilizadas, por lo que decidimos traer una soluci\u00f3n para ellos y sus familiares, creemos que la calidad de vida es indispensable para la vida humana\u201d, agrega Grisol\u00eda al recalcar que es un producto accesible y de uso f\u00e1cil.<\/p>\n\n\n\n<p>\u00bfEn qu\u00e9 consiste y la forma de uso?<\/p>\n\n\n\n<p>Es un pa\u00f1o suave fabricado para dar higiene personal y es la manera m\u00e1s f\u00e1cil de solucionar un problema de inmovilidad, que evita la proliferaci\u00f3n de microorganismos en las personas que necesitan mantener normas de higiene personal.<\/p>\n\n\n\n<p>El pa\u00f1o es suave embebido en soluci\u00f3n jabonosa que limpia, suaviza y higieniza la piel usando tan solo media taza de agua.<\/p>\n\n\n\n<p>Lo primero que se hace es sacar uno de los pa\u00f1os, para sumergirlo en un poco de agua, se comprime para quitar el exceso del l\u00edquido y eso permite frotarlo en la piel del paciente, para posteriormente secar con una toalla sin enjuagar y finalmente vestir nuevamente al paciente.<\/p>\n\n\n\n<p>\u201cSentirse limpios es un derecho de todos las personas, est\u00e9n o no en cama. Y por fortuna, existen productos que ayudan a los cuidadores a hacer m\u00e1s sencilla esta labor\u201d, puntualiza Grisol\u00eda al comentar que el producto se encuentra en las cadenas de farmacias m\u00e1s importantes del pa\u00eds.<\/p>\n\n\n\n<p><a href=\"https:\/\/www.facebook.com\/hashtag\/distribuidoragrisar?__eep__=6&amp;__cft__[0]=AZWjnXMDGNZrUUK16IPEZ0k__RHGKt-C3hL6bKMIBDJjKGLiPOYMkIWrlolx4q3Mzd2ASd-W4rv1ufRZ3uiG3QYfsuK_O8P4wY3XAwQLgKn5fkrYQ60_rE3Sr_vpONqCJLiBxq2kH1bdZ3ruxU229ak_ch-fgJbHdyieA22keb61ctokzALE_MFJJVXu7ueeku0&amp;__tn__=*NK-R\">#DistribuidoraGrisar<\/a><a href=\"https:\/\/www.facebook.com\/hashtag\/higiene?__eep__=6&amp;__cft__[0]=AZWjnXMDGNZrUUK16IPEZ0k__RHGKt-C3hL6bKMIBDJjKGLiPOYMkIWrlolx4q3Mzd2ASd-W4rv1ufRZ3uiG3QYfsuK_O8P4wY3XAwQLgKn5fkrYQ60_rE3Sr_vpONqCJLiBxq2kH1bdZ3ruxU229ak_ch-fgJbHdyieA22keb61ctokzALE_MFJJVXu7ueeku0&amp;__tn__=*NK-R\">#higiene<\/a><a href=\"https:\/\/www.facebook.com\/hashtag\/metroredes?__eep__=6&amp;__cft__[0]=AZWjnXMDGNZrUUK16IPEZ0k__RHGKt-C3hL6bKMIBDJjKGLiPOYMkIWrlolx4q3Mzd2ASd-W4rv1ufRZ3uiG3QYfsuK_O8P4wY3XAwQLgKn5fkrYQ60_rE3Sr_vpONqCJLiBxq2kH1bdZ3ruxU229ak_ch-fgJbHdyieA22keb61ctokzALE_MFJJVXu7ueeku0&amp;__tn__=*NK-R\">#metroredes<\/a><\/p>\n\n\n\n<p><\/p>\n","protected":false},"excerpt":{"rendered":"<p>Para una persona que se encuentra postrada en una cama, ya sea por una enfermedad cr\u00f3nica, una intervenci\u00f3n quir\u00fargica o por su avanzada edad, es muy importante que se mantengan los h\u00e1bitos de higiene, con el fin de evitar que se den complicaciones de salud. El objetivo de la higiene es conservar la calidad de <a class=\"read-more\" href=\"https:\/\/elmetropolitano.com.gt\/es\/cual-es-la-importancia-de-la-higiene-en-personas-en-cama\/\">Leer m\u00e1s<\/a><\/p>\n","protected":false},"author":1,"featured_media":58803,"comment_status":"open","ping_status":"closed","sticky":false,"template":"","format":"standard","meta":{"footnotes":""},"categories":[31],"tags":[32],"class_list":["post-58802","post","type-post","status-publish","format-standard","has-post-thumbnail","hentry","category-metroimpulso","tag-metroimpulso"],"_links":{"self":[{"href":"https:\/\/elmetropolitano.com.gt\/es\/wp-json\/wp\/v2\/posts\/58802","targetHints":{"allow":["GET"]}}],"collection":[{"href":"https:\/\/elmetropolitano.com.gt\/es\/wp-json\/wp\/v2\/posts"}],"about":[{"href":"https:\/\/elmetropolitano.com.gt\/es\/wp-json\/wp\/v2\/types\/post"}],"author":[{"embeddable":true,"href":"https:\/\/elmetropolitano.com.gt\/es\/wp-json\/wp\/v2\/users\/1"}],"replies":[{"embeddable":true,"href":"https:\/\/elmetropolitano.com.gt\/es\/wp-json\/wp\/v2\/comments?post=58802"}],"version-history":[{"count":1,"href":"https:\/\/elmetropolitano.com.gt\/es\/wp-json\/wp\/v2\/posts\/58802\/revisions"}],"predecessor-version":[{"id":58804,"href":"https:\/\/elmetropolitano.com.gt\/es\/wp-json\/wp\/v2\/posts\/58802\/revisions\/58804"}],"wp:featuredmedia":[{"embeddable":true,"href":"https:\/\/elmetropolitano.com.gt\/es\/wp-json\/wp\/v2\/media\/58803"}],"wp:attachment":[{"href":"https:\/\/elmetropolitano.com.gt\/es\/wp-json\/wp\/v2\/media?parent=58802"}],"wp:term":[{"taxonomy":"category","embeddable":true,"href":"https:\/\/elmetropolitano.com.gt\/es\/wp-json\/wp\/v2\/categories?post=58802"},{"taxonomy":"post_tag","embeddable":true,"href":"https:\/\/elmetropolitano.com.gt\/es\/wp-json\/wp\/v2\/tags?post=58802"}],"curies":[{"name":"wp","href":"https:\/\/api.w.org\/{rel}","templated":true}]}}