{"id":58892,"date":"2022-12-19T21:10:20","date_gmt":"2022-12-20T03:10:20","guid":{"rendered":"https:\/\/elmetropolitano.com.gt\/es\/?p=58892"},"modified":"2022-12-19T21:10:20","modified_gmt":"2022-12-20T03:10:20","slug":"ahora-ya-se-imprimen-los-pasaportes-en-xela","status":"publish","type":"post","link":"https:\/\/elmetropolitano.com.gt\/es\/ahora-ya-se-imprimen-los-pasaportes-en-xela\/","title":{"rendered":"Ahora ya se imprimen los pasaportes en Xela"},"content":{"rendered":"\n<p>El presidente Alejandro Giammattei encabez\u00f3 este lunes el acto especial de inauguraci\u00f3n del centro de enrolamiento e impresi\u00f3n de pasaportes en Quetzaltenango.<\/p>\n\n\n\n<p>El <a><\/a>jefe de Estado hizo \u00e9nfasis que el fortalecimiento de los procesos de emisi\u00f3n de este documento forma parte de las prioridades del Gobierno de Guatemala.<\/p><div class=\"elmet-contenido\" id=\"elmet-2040646919\"><div class=\"elmet-adlabel\">Anuncios<\/div><div style=\"margin-top: 20px;margin-right: 20px;margin-bottom: 20px;margin-left: 20px;\" id=\"elmet-3659292704\"><a href=\"https:\/\/www.facebook.com\/arrincuanantigua\/\" aria-label=\"cintillo-arrin-cual\"><img loading=\"lazy\" decoding=\"async\" src=\"https:\/\/elmetropolitano.com.gt\/es\/wp-content\/uploads\/2021\/11\/cintillo-arrin-cual-1.jpg\" alt=\"\"  srcset=\"https:\/\/elmetropolitano.com.gt\/es\/wp-content\/uploads\/2021\/11\/cintillo-arrin-cual-1.jpg 750w, https:\/\/elmetropolitano.com.gt\/es\/wp-content\/uploads\/2021\/11\/cintillo-arrin-cual-1-300x36.jpg 300w, https:\/\/elmetropolitano.com.gt\/es\/wp-content\/uploads\/2021\/11\/cintillo-arrin-cual-1-600x72.jpg 600w\" sizes=\"(max-width: 750px) 100vw, 750px\" width=\"750\" height=\"90\"   \/><\/a><\/div><\/div>\n\n\n\n<p>Ante ello, con el proceso de descentralizaci\u00f3n para la emisi\u00f3n de pasaportes se apoya a los guatemaltecos que residen en el interior del pa\u00eds para que no tengan que viajar a la capital a solicitar este documento.<\/p>\n\n\n\n<p>La gente ya no va a tener que esperar a que venga el pasaporte de la capital, sino que aqu\u00ed en menos de una hora lo va a tener. y eso nos permite atender a la gente de San Marcos, Huehuetenango, Quetzaltenango, Totonicap\u00e1n, Solol\u00e1 e, incluso, de Retalhuleu, ya que les quedar\u00e1 m\u00e1s f\u00e1cil sacar su pasaporte que ir a la capital, enfatiz\u00f3 el jefe del Organismo Ejecutivo.<\/p>\n\n\n\n<p>Adem\u00e1s, el presidente Giammattei agradeci\u00f3 los esfuerzos que tambi\u00e9n se hacen por fortalecer los servicios en los consulados guatemaltecos para atender a los connacionales.<\/p>\n\n\n\n<p>Gracias al Instituto Guatemalteco de Migraci\u00f3n hoy tenemos centros en muchos de los consulados de los Estados Unidos donde se sacan pasaportes en una hora, resalt\u00f3 el presidente.<\/p>\n\n\n\n<p>Adem\u00e1s, inform\u00f3 que se trabaja de manera coordinada con las autoridades para llevar este servicio a los connacionales que residen en Europa.<\/p>\n\n\n\n<p>Sobre todo, se espera que estos centros de atenci\u00f3n no solo sean de enrolamiento de datos, sino que tambi\u00e9n permitan la impresi\u00f3n inmediata de los pasaportes.<\/p>\n\n\n\n<p>Extienden el servicio<\/p>\n\n\n\n<p>Flor Urrea, subdirectora de documentos internacionales, indic\u00f3 que en la actualidad en el pa\u00eds se cuenta con seis centros para el tr\u00e1mite de pasaportes.<\/p>\n\n\n\n<p>De estos, en Pet\u00e9n, Zacapa y Chiquimula se brinda el servicio de enrolamiento.<\/p>\n\n\n\n<p>En tanto, para enrolamiento e impresi\u00f3n, Quetzaltenango se convierte en el primer departamento para apoyar a los guatemaltecos que requieren de este documento internacional. Dicho punto de atenci\u00f3n est\u00e1 ubicado en el Centro Comercial Supercom Delco, zona 3 de Quetzaltenango.<\/p>\n\n\n\n<p>Otros dos centros de impresi\u00f3n est\u00e1n en las zonas 4 y 9 de la capital, inform\u00f3 Urrea.<\/p>\n\n\n\n<p>Adem\u00e1s, mencion\u00f3 que anteriormente los guatemaltecos que tramitaban su pasaporte deb\u00edan esperar de tres a cinco d\u00edas despu\u00e9s para recibir su documento.<\/p>\n\n\n\n<p>Este es el primer centro del interior de la Rep\u00fablica en el que se entregar\u00e1 de manera inmediata, expres\u00f3 Urrea.<\/p>\n\n\n\n<p>Tambi\u00e9n recalc\u00f3 la importancia del trabajo conjunto para continuar con la labor de descentralizar estos servicios y apoyar en la econom\u00eda de los guatemaltecos.<\/p>\n\n\n\n<p>Resultados generales<\/p>\n\n\n\n<p>En lo que va del a\u00f1o se han entregado 707 mil 764 pasaportes en el pa\u00eds y en consulados.<\/p>\n\n\n\n<p>Asimismo, solamente en Quetzaltenango se han entregado 33 mil 771 pasaportes.<\/p>\n\n\n\n<p>Mientras que a trav\u00e9s de las jornadas m\u00f3viles en los municipios del pa\u00eds se tiene registro de 2 mil 278 pasaportes.<\/p>\n\n\n\n<p>Por \u00faltimo, las autoridades gubernamentales reiteran su compromiso de seguir trabajando en beneficio de los guatemaltecos.<\/p>\n\n\n\n<p>Texto: Veylin Herrera<\/p>\n\n\n\n<p><a href=\"https:\/\/www.facebook.com\/hashtag\/metroredes?__eep__=6&amp;__cft__[0]=AZV3BcDtVWgu_-hE6Bg2n-7VE33ge5k__BdC4nPxxcI7D1rnNaaVEZEesf1eVKXP36bzBUZkD4IRXoMU1RNE9oYA4UB0irMVmd05FCSsRS7DXyfwd2BP-4s-G8Pj6UDensiPLmrBVkEkoyBRtE8vWqTw4GV04jocq5r11kIkQ8PVBy_Kkhx1bg5TuKlgnGv91vM&amp;__tn__=*NK-R\">#metroredes<\/a><a href=\"https:\/\/www.facebook.com\/hashtag\/metroxela?__eep__=6&amp;__cft__[0]=AZV3BcDtVWgu_-hE6Bg2n-7VE33ge5k__BdC4nPxxcI7D1rnNaaVEZEesf1eVKXP36bzBUZkD4IRXoMU1RNE9oYA4UB0irMVmd05FCSsRS7DXyfwd2BP-4s-G8Pj6UDensiPLmrBVkEkoyBRtE8vWqTw4GV04jocq5r11kIkQ8PVBy_Kkhx1bg5TuKlgnGv91vM&amp;__tn__=*NK-R\">#metroxela<\/a><\/p>\n\n\n\n<figure class=\"wp-block-gallery has-nested-images columns-default is-cropped wp-block-gallery-1 is-layout-flex wp-block-gallery-is-layout-flex\">\n<figure class=\"wp-block-image size-large\"><img loading=\"lazy\" decoding=\"async\" width=\"1024\" height=\"682\" data-id=\"58894\" src=\"https:\/\/elmetropolitano.com.gt\/es\/wp-content\/uploads\/2022\/12\/320504769_521819673236618_506227810514542227_n-1024x682.jpg\" alt=\"\" class=\"wp-image-58894\" srcset=\"https:\/\/elmetropolitano.com.gt\/es\/wp-content\/uploads\/2022\/12\/320504769_521819673236618_506227810514542227_n-1024x682.jpg 1024w, https:\/\/elmetropolitano.com.gt\/es\/wp-content\/uploads\/2022\/12\/320504769_521819673236618_506227810514542227_n-300x200.jpg 300w, https:\/\/elmetropolitano.com.gt\/es\/wp-content\/uploads\/2022\/12\/320504769_521819673236618_506227810514542227_n-768x512.jpg 768w, https:\/\/elmetropolitano.com.gt\/es\/wp-content\/uploads\/2022\/12\/320504769_521819673236618_506227810514542227_n-600x400.jpg 600w, https:\/\/elmetropolitano.com.gt\/es\/wp-content\/uploads\/2022\/12\/320504769_521819673236618_506227810514542227_n.jpg 1250w\" sizes=\"auto, (max-width: 1024px) 100vw, 1024px\" \/><\/figure>\n\n\n\n<figure class=\"wp-block-image size-large\"><img loading=\"lazy\" decoding=\"async\" width=\"1024\" height=\"682\" data-id=\"58897\" src=\"https:\/\/elmetropolitano.com.gt\/es\/wp-content\/uploads\/2022\/12\/320628805_1317927692313600_9009340756320732574_n-1024x682.jpg\" alt=\"\" class=\"wp-image-58897\" srcset=\"https:\/\/elmetropolitano.com.gt\/es\/wp-content\/uploads\/2022\/12\/320628805_1317927692313600_9009340756320732574_n-1024x682.jpg 1024w, https:\/\/elmetropolitano.com.gt\/es\/wp-content\/uploads\/2022\/12\/320628805_1317927692313600_9009340756320732574_n-300x200.jpg 300w, https:\/\/elmetropolitano.com.gt\/es\/wp-content\/uploads\/2022\/12\/320628805_1317927692313600_9009340756320732574_n-768x512.jpg 768w, https:\/\/elmetropolitano.com.gt\/es\/wp-content\/uploads\/2022\/12\/320628805_1317927692313600_9009340756320732574_n-600x400.jpg 600w, https:\/\/elmetropolitano.com.gt\/es\/wp-content\/uploads\/2022\/12\/320628805_1317927692313600_9009340756320732574_n.jpg 1250w\" sizes=\"auto, (max-width: 1024px) 100vw, 1024px\" \/><\/figure>\n\n\n\n<figure class=\"wp-block-image size-large\"><img loading=\"lazy\" decoding=\"async\" width=\"446\" height=\"296\" data-id=\"58896\" src=\"https:\/\/elmetropolitano.com.gt\/es\/wp-content\/uploads\/2022\/12\/320746496_1279071679315125_795842402907802143_n.jpg\" alt=\"\" class=\"wp-image-58896\" srcset=\"https:\/\/elmetropolitano.com.gt\/es\/wp-content\/uploads\/2022\/12\/320746496_1279071679315125_795842402907802143_n.jpg 446w, https:\/\/elmetropolitano.com.gt\/es\/wp-content\/uploads\/2022\/12\/320746496_1279071679315125_795842402907802143_n-300x199.jpg 300w\" sizes=\"auto, (max-width: 446px) 100vw, 446px\" \/><\/figure>\n\n\n\n<figure class=\"wp-block-image size-large\"><img loading=\"lazy\" decoding=\"async\" width=\"446\" height=\"296\" data-id=\"58895\" src=\"https:\/\/elmetropolitano.com.gt\/es\/wp-content\/uploads\/2022\/12\/320853206_1194136894843085_5916181688310706384_n.jpg\" alt=\"\" class=\"wp-image-58895\" srcset=\"https:\/\/elmetropolitano.com.gt\/es\/wp-content\/uploads\/2022\/12\/320853206_1194136894843085_5916181688310706384_n.jpg 446w, https:\/\/elmetropolitano.com.gt\/es\/wp-content\/uploads\/2022\/12\/320853206_1194136894843085_5916181688310706384_n-300x199.jpg 300w\" sizes=\"auto, (max-width: 446px) 100vw, 446px\" \/><\/figure>\n\n\n\n<figure class=\"wp-block-image size-large\"><img loading=\"lazy\" decoding=\"async\" width=\"446\" height=\"296\" data-id=\"58898\" src=\"https:\/\/elmetropolitano.com.gt\/es\/wp-content\/uploads\/2022\/12\/320914579_1104447256831333_4805699007711763218_n.jpg\" alt=\"\" class=\"wp-image-58898\" srcset=\"https:\/\/elmetropolitano.com.gt\/es\/wp-content\/uploads\/2022\/12\/320914579_1104447256831333_4805699007711763218_n.jpg 446w, https:\/\/elmetropolitano.com.gt\/es\/wp-content\/uploads\/2022\/12\/320914579_1104447256831333_4805699007711763218_n-300x199.jpg 300w\" sizes=\"auto, (max-width: 446px) 100vw, 446px\" \/><\/figure>\n\n\n\n<figure class=\"wp-block-image size-large\"><img loading=\"lazy\" decoding=\"async\" width=\"446\" height=\"344\" data-id=\"58899\" src=\"https:\/\/elmetropolitano.com.gt\/es\/wp-content\/uploads\/2022\/12\/321131380_459074069705062_7487391798068612324_n.jpg\" alt=\"\" class=\"wp-image-58899\" srcset=\"https:\/\/elmetropolitano.com.gt\/es\/wp-content\/uploads\/2022\/12\/321131380_459074069705062_7487391798068612324_n.jpg 446w, https:\/\/elmetropolitano.com.gt\/es\/wp-content\/uploads\/2022\/12\/321131380_459074069705062_7487391798068612324_n-300x231.jpg 300w\" sizes=\"auto, (max-width: 446px) 100vw, 446px\" \/><\/figure>\n<\/figure>\n","protected":false},"excerpt":{"rendered":"<p>El presidente Alejandro Giammattei encabez\u00f3 este lunes el acto especial de inauguraci\u00f3n del centro de enrolamiento e impresi\u00f3n de pasaportes en Quetzaltenango. El jefe de Estado hizo \u00e9nfasis que el fortalecimiento de los procesos de emisi\u00f3n de este documento forma parte de las prioridades del Gobierno de Guatemala. Ante ello, con el proceso de descentralizaci\u00f3n <a class=\"read-more\" href=\"https:\/\/elmetropolitano.com.gt\/es\/ahora-ya-se-imprimen-los-pasaportes-en-xela\/\">Leer m\u00e1s<\/a><\/p>\n","protected":false},"author":1,"featured_media":58893,"comment_status":"open","ping_status":"closed","sticky":false,"template":"","format":"standard","meta":{"footnotes":""},"categories":[4],"tags":[13],"class_list":["post-58892","post","type-post","status-publish","format-standard","has-post-thumbnail","hentry","category-departamentales","tag-departamentales"],"_links":{"self":[{"href":"https:\/\/elmetropolitano.com.gt\/es\/wp-json\/wp\/v2\/posts\/58892","targetHints":{"allow":["GET"]}}],"collection":[{"href":"https:\/\/elmetropolitano.com.gt\/es\/wp-json\/wp\/v2\/posts"}],"about":[{"href":"https:\/\/elmetropolitano.com.gt\/es\/wp-json\/wp\/v2\/types\/post"}],"author":[{"embeddable":true,"href":"https:\/\/elmetropolitano.com.gt\/es\/wp-json\/wp\/v2\/users\/1"}],"replies":[{"embeddable":true,"href":"https:\/\/elmetropolitano.com.gt\/es\/wp-json\/wp\/v2\/comments?post=58892"}],"version-history":[{"count":1,"href":"https:\/\/elmetropolitano.com.gt\/es\/wp-json\/wp\/v2\/posts\/58892\/revisions"}],"predecessor-version":[{"id":58900,"href":"https:\/\/elmetropolitano.com.gt\/es\/wp-json\/wp\/v2\/posts\/58892\/revisions\/58900"}],"wp:featuredmedia":[{"embeddable":true,"href":"https:\/\/elmetropolitano.com.gt\/es\/wp-json\/wp\/v2\/media\/58893"}],"wp:attachment":[{"href":"https:\/\/elmetropolitano.com.gt\/es\/wp-json\/wp\/v2\/media?parent=58892"}],"wp:term":[{"taxonomy":"category","embeddable":true,"href":"https:\/\/elmetropolitano.com.gt\/es\/wp-json\/wp\/v2\/categories?post=58892"},{"taxonomy":"post_tag","embeddable":true,"href":"https:\/\/elmetropolitano.com.gt\/es\/wp-json\/wp\/v2\/tags?post=58892"}],"curies":[{"name":"wp","href":"https:\/\/api.w.org\/{rel}","templated":true}]}}