{"id":59013,"date":"2022-12-23T12:42:08","date_gmt":"2022-12-23T18:42:08","guid":{"rendered":"https:\/\/elmetropolitano.com.gt\/es\/?p=59013"},"modified":"2022-12-23T12:42:09","modified_gmt":"2022-12-23T18:42:09","slug":"mesa-de-dialogo-logra-que-familias-obtengan-reconexion-de-energia-electrica","status":"publish","type":"post","link":"https:\/\/elmetropolitano.com.gt\/es\/mesa-de-dialogo-logra-que-familias-obtengan-reconexion-de-energia-electrica\/","title":{"rendered":"Mesa de di\u00e1logo logra que familias obtengan reconexi\u00f3n de energ\u00eda el\u00e9ctrica"},"content":{"rendered":"\n<p>Autoridades de Zacapa lideraron una mesa de di\u00e1logo con diferentes instituciones y comunidades de 23 aldeas de Gual\u00e1n y Zacapa, en donde se logr\u00f3 llevar a cabo la reconexi\u00f3n del servicio de energ\u00eda el\u00e9ctrica.<\/p>\n\n\n\n<p><a><\/a>Durante este encuentro se conocieron los motivos por los cuales las comunidades no contaban con este servicio, para la b\u00fasqueda de una soluci\u00f3n inmediata.<\/p><div class=\"elmet-contenido\" id=\"elmet-2555830034\"><div class=\"elmet-adlabel\">Anuncios<\/div><div style=\"margin-top: 20px;margin-right: 20px;margin-bottom: 20px;margin-left: 20px;\" id=\"elmet-1082083094\"><a href=\"https:\/\/www.facebook.com\/arrincuanantigua\/\" aria-label=\"cintillo-arrin-cual\"><img loading=\"lazy\" decoding=\"async\" src=\"https:\/\/elmetropolitano.com.gt\/es\/wp-content\/uploads\/2021\/11\/cintillo-arrin-cual-1.jpg\" alt=\"\"  srcset=\"https:\/\/elmetropolitano.com.gt\/es\/wp-content\/uploads\/2021\/11\/cintillo-arrin-cual-1.jpg 750w, https:\/\/elmetropolitano.com.gt\/es\/wp-content\/uploads\/2021\/11\/cintillo-arrin-cual-1-300x36.jpg 300w, https:\/\/elmetropolitano.com.gt\/es\/wp-content\/uploads\/2021\/11\/cintillo-arrin-cual-1-600x72.jpg 600w\" sizes=\"(max-width: 750px) 100vw, 750px\" width=\"750\" height=\"90\"   \/><\/a><\/div><\/div>\n\n\n\n<p>Di\u00e1logo<\/p>\n\n\n\n<p>La mesa de di\u00e1logo estuvo encabezada por autoridades de la Gobernaci\u00f3n Departamental de Zacapa y alcaldes de los municipios afectados, y se cont\u00f3 con la participaci\u00f3n de l\u00edderes comunitarios, Polic\u00eda Nacional Civil (PNC), Procuradur\u00eda de los Derechos Humanos y personeros de Energuate.<\/p>\n\n\n\n<p>Los comunitarios se manifestaron sobre los cortes de energ\u00eda realizados e indicaron que ellos han efectuado el pago mensual. Por estos cortes perdieron productos utilizados en sus comercios, por lo que pidieron pronta soluci\u00f3n.<\/p>\n\n\n\n<p>En tanto, autoridades de Energuate indicaron que en la aldea Guasintepeque, de Gual\u00e1n, no efectuaron el pago del servicio durante varios meses, por lo que se procedi\u00f3 a suspender el servicio.<\/p>\n\n\n\n<p>Posteriormente, en dicha comunidad se registr\u00f3 una conexi\u00f3n de manera ilegal, por lo que se procedi\u00f3 nuevamente a tomar medidas.<\/p>\n\n\n\n<p>Soluci\u00f3n<\/p>\n\n\n\n<p>Luego de darse a conocer sobre los hechos, ambas partes llegaron a acuerdos sobre convenios de pago con las familias que hicieron la conexi\u00f3n ilegal, as\u00ed como el restablecimiento del servicio.<\/p>\n\n\n\n<p>Las comunidades afectadas son:<\/p>\n\n\n\n<p>Shin Shin<\/p>\n\n\n\n<p>Piedras Azules<\/p>\n\n\n\n<p>El Cacao<\/p>\n\n\n\n<p>Lampocoy<\/p>\n\n\n\n<p>El Guineal<\/p>\n\n\n\n<p>Alvalleritos<\/p>\n\n\n\n<p>El Corozo<\/p>\n\n\n\n<p>Cari Alvalleros<\/p>\n\n\n\n<p>Bejucal<\/p>\n\n\n\n<p>Piedra de Cal<\/p>\n\n\n\n<p>La Vega<\/p>\n\n\n\n<p>Camalote<\/p>\n\n\n\n<p>Monte Oscuro<\/p>\n\n\n\n<p>Cueva del Tigre<\/p>\n\n\n\n<p>Las Ca\u00f1as<\/p>\n\n\n\n<p>Zapata<\/p>\n\n\n\n<p>Quebrada de La Vega<\/p>\n\n\n\n<p>Zapotal<\/p>\n\n\n\n<p>Tazu<\/p>\n\n\n\n<p>Chag\u00fcite<\/p>\n\n\n\n<p>Cuchilla Tendida<\/p>\n\n\n\n<p>Texto y fotos : Pamela Godoy<\/p>\n\n\n\n<p><a href=\"https:\/\/www.facebook.com\/hashtag\/metroredes?__eep__=6&amp;__cft__[0]=AZVTr5uaESNsAQINmvji4Wg6o8BFwgApFDlsCskbXBZwMCMMBUvo-BH7zTPPTLzAN1fDSrYj1rHMryuZAtMpj9V2tUhf9rVCuRwOnzMzekMbJdmSBuzAAG61uKZJA_LQcxT0Qf5cefTVwbcYMkDxEs8Godv0fm0mYjsxy-IUSI8Yk_KTshXN_qHHAHt9WNY3Qz4&amp;__tn__=*NK-R\">#metroredes<\/a><a href=\"https:\/\/www.facebook.com\/hashtag\/energuate?__eep__=6&amp;__cft__[0]=AZVTr5uaESNsAQINmvji4Wg6o8BFwgApFDlsCskbXBZwMCMMBUvo-BH7zTPPTLzAN1fDSrYj1rHMryuZAtMpj9V2tUhf9rVCuRwOnzMzekMbJdmSBuzAAG61uKZJA_LQcxT0Qf5cefTVwbcYMkDxEs8Godv0fm0mYjsxy-IUSI8Yk_KTshXN_qHHAHt9WNY3Qz4&amp;__tn__=*NK-R\">#Energuate<\/a><\/p>\n\n\n\n<figure class=\"wp-block-gallery has-nested-images columns-default is-cropped wp-block-gallery-1 is-layout-flex wp-block-gallery-is-layout-flex\">\n<figure class=\"wp-block-image size-large\"><img loading=\"lazy\" decoding=\"async\" width=\"1024\" height=\"576\" data-id=\"59015\" src=\"https:\/\/elmetropolitano.com.gt\/es\/wp-content\/uploads\/2022\/12\/320922521_897230201288583_6723101701573337691_n-1024x576.jpg\" alt=\"\" class=\"wp-image-59015\" srcset=\"https:\/\/elmetropolitano.com.gt\/es\/wp-content\/uploads\/2022\/12\/320922521_897230201288583_6723101701573337691_n-1024x576.jpg 1024w, https:\/\/elmetropolitano.com.gt\/es\/wp-content\/uploads\/2022\/12\/320922521_897230201288583_6723101701573337691_n-300x169.jpg 300w, https:\/\/elmetropolitano.com.gt\/es\/wp-content\/uploads\/2022\/12\/320922521_897230201288583_6723101701573337691_n-768x432.jpg 768w, https:\/\/elmetropolitano.com.gt\/es\/wp-content\/uploads\/2022\/12\/320922521_897230201288583_6723101701573337691_n-1536x864.jpg 1536w, https:\/\/elmetropolitano.com.gt\/es\/wp-content\/uploads\/2022\/12\/320922521_897230201288583_6723101701573337691_n-600x338.jpg 600w, https:\/\/elmetropolitano.com.gt\/es\/wp-content\/uploads\/2022\/12\/320922521_897230201288583_6723101701573337691_n.jpg 1600w\" sizes=\"auto, (max-width: 1024px) 100vw, 1024px\" \/><\/figure>\n\n\n\n<figure class=\"wp-block-image size-large\"><img loading=\"lazy\" decoding=\"async\" width=\"1024\" height=\"576\" data-id=\"59016\" src=\"https:\/\/elmetropolitano.com.gt\/es\/wp-content\/uploads\/2022\/12\/320926192_552773329746300_3776198472172858747_n-1024x576.jpg\" alt=\"\" class=\"wp-image-59016\" srcset=\"https:\/\/elmetropolitano.com.gt\/es\/wp-content\/uploads\/2022\/12\/320926192_552773329746300_3776198472172858747_n-1024x576.jpg 1024w, https:\/\/elmetropolitano.com.gt\/es\/wp-content\/uploads\/2022\/12\/320926192_552773329746300_3776198472172858747_n-300x169.jpg 300w, https:\/\/elmetropolitano.com.gt\/es\/wp-content\/uploads\/2022\/12\/320926192_552773329746300_3776198472172858747_n-768x432.jpg 768w, https:\/\/elmetropolitano.com.gt\/es\/wp-content\/uploads\/2022\/12\/320926192_552773329746300_3776198472172858747_n-1536x864.jpg 1536w, https:\/\/elmetropolitano.com.gt\/es\/wp-content\/uploads\/2022\/12\/320926192_552773329746300_3776198472172858747_n-600x338.jpg 600w, https:\/\/elmetropolitano.com.gt\/es\/wp-content\/uploads\/2022\/12\/320926192_552773329746300_3776198472172858747_n.jpg 1600w\" sizes=\"auto, (max-width: 1024px) 100vw, 1024px\" \/><\/figure>\n<\/figure>\n","protected":false},"excerpt":{"rendered":"<p>Autoridades de Zacapa lideraron una mesa de di\u00e1logo con diferentes instituciones y comunidades de 23 aldeas de Gual\u00e1n y Zacapa, en donde se logr\u00f3 llevar a cabo la reconexi\u00f3n del servicio de energ\u00eda el\u00e9ctrica. Durante este encuentro se conocieron los motivos por los cuales las comunidades no contaban con este servicio, para la b\u00fasqueda de <a class=\"read-more\" href=\"https:\/\/elmetropolitano.com.gt\/es\/mesa-de-dialogo-logra-que-familias-obtengan-reconexion-de-energia-electrica\/\">Leer m\u00e1s<\/a><\/p>\n","protected":false},"author":1,"featured_media":59014,"comment_status":"open","ping_status":"closed","sticky":false,"template":"","format":"standard","meta":{"footnotes":""},"categories":[4],"tags":[13],"class_list":["post-59013","post","type-post","status-publish","format-standard","has-post-thumbnail","hentry","category-departamentales","tag-departamentales"],"_links":{"self":[{"href":"https:\/\/elmetropolitano.com.gt\/es\/wp-json\/wp\/v2\/posts\/59013","targetHints":{"allow":["GET"]}}],"collection":[{"href":"https:\/\/elmetropolitano.com.gt\/es\/wp-json\/wp\/v2\/posts"}],"about":[{"href":"https:\/\/elmetropolitano.com.gt\/es\/wp-json\/wp\/v2\/types\/post"}],"author":[{"embeddable":true,"href":"https:\/\/elmetropolitano.com.gt\/es\/wp-json\/wp\/v2\/users\/1"}],"replies":[{"embeddable":true,"href":"https:\/\/elmetropolitano.com.gt\/es\/wp-json\/wp\/v2\/comments?post=59013"}],"version-history":[{"count":1,"href":"https:\/\/elmetropolitano.com.gt\/es\/wp-json\/wp\/v2\/posts\/59013\/revisions"}],"predecessor-version":[{"id":59017,"href":"https:\/\/elmetropolitano.com.gt\/es\/wp-json\/wp\/v2\/posts\/59013\/revisions\/59017"}],"wp:featuredmedia":[{"embeddable":true,"href":"https:\/\/elmetropolitano.com.gt\/es\/wp-json\/wp\/v2\/media\/59014"}],"wp:attachment":[{"href":"https:\/\/elmetropolitano.com.gt\/es\/wp-json\/wp\/v2\/media?parent=59013"}],"wp:term":[{"taxonomy":"category","embeddable":true,"href":"https:\/\/elmetropolitano.com.gt\/es\/wp-json\/wp\/v2\/categories?post=59013"},{"taxonomy":"post_tag","embeddable":true,"href":"https:\/\/elmetropolitano.com.gt\/es\/wp-json\/wp\/v2\/tags?post=59013"}],"curies":[{"name":"wp","href":"https:\/\/api.w.org\/{rel}","templated":true}]}}