{"id":59018,"date":"2022-12-23T12:46:21","date_gmt":"2022-12-23T18:46:21","guid":{"rendered":"https:\/\/elmetropolitano.com.gt\/es\/?p=59018"},"modified":"2022-12-23T12:46:22","modified_gmt":"2022-12-23T18:46:22","slug":"asi-quedo-el-aumento-al-salario-minimo-para-todas-las-actividades-economicas","status":"publish","type":"post","link":"https:\/\/elmetropolitano.com.gt\/es\/asi-quedo-el-aumento-al-salario-minimo-para-todas-las-actividades-economicas\/","title":{"rendered":"As\u00ed qued\u00f3 el aumento al salario m\u00ednimo para todas las actividades econ\u00f3micas"},"content":{"rendered":"\n<p>El Gobierno de Guatemala, a trav\u00e9s del Ministerio de Trabajo y Previsi\u00f3n Social (Mintrab), explic\u00f3 los detalles de la fijaci\u00f3n peri\u00f3dica del salario m\u00ednimo para 2023, como parte del derecho de los guatemaltecos amparado en la Constituci\u00f3n Pol\u00edtica de la Rep\u00fablica de Guatemala.<\/p>\n\n\n\n<p>El ministro de Trabajo, Rafael Rodr\u00edguez, en un mensaje a la naci\u00f3n record\u00f3 que la Organizaci\u00f3n Internacional del Trabajo (OIT) <a><\/a>en su recomendaci\u00f3n 135 ha se\u00f1alado que la fijaci\u00f3n de salarios m\u00ednimos debe constituir un elemento de toda pol\u00edtica establecida para eliminar la pobreza y asegurar la satisfacci\u00f3n de las necesidades.<\/p><div class=\"elmet-contenido\" id=\"elmet-3202605990\"><div class=\"elmet-adlabel\">Anuncios<\/div><div style=\"margin-top: 20px;margin-right: 20px;margin-bottom: 20px;margin-left: 20px;\" id=\"elmet-3970817555\"><a href=\"https:\/\/www.facebook.com\/arrincuanantigua\/\" aria-label=\"cintillo-arrin-cual\"><img loading=\"lazy\" decoding=\"async\" src=\"https:\/\/elmetropolitano.com.gt\/es\/wp-content\/uploads\/2021\/11\/cintillo-arrin-cual-1.jpg\" alt=\"\"  srcset=\"https:\/\/elmetropolitano.com.gt\/es\/wp-content\/uploads\/2021\/11\/cintillo-arrin-cual-1.jpg 750w, https:\/\/elmetropolitano.com.gt\/es\/wp-content\/uploads\/2021\/11\/cintillo-arrin-cual-1-300x36.jpg 300w, https:\/\/elmetropolitano.com.gt\/es\/wp-content\/uploads\/2021\/11\/cintillo-arrin-cual-1-600x72.jpg 600w\" sizes=\"(max-width: 750px) 100vw, 750px\" width=\"750\" height=\"90\"   \/><\/a><\/div><\/div>\n\n\n\n<p>En ese sentido, el funcionario dijo que el presidente Alejandro Giammattei pidi\u00f3 orientar la discusi\u00f3n de ajustes al salario m\u00ednimo en Guatemala bajo criterios t\u00e9cnicos que respondan a los est\u00e1ndares internacionales.<\/p>\n\n\n\n<p>El aumento<\/p>\n\n\n\n<p>Ante los factores externos que afectaron la econom\u00eda del pa\u00eds, Rodr\u00edguez dijo que el presidente Giammattei tom\u00f3 las medidas nacionales necesarias que hoy permiten un aumento en el salario m\u00ednimo para todas las actividades econ\u00f3micas.<\/p>\n\n\n\n<p>Se trata del 7 % para la circunscripci\u00f3n econ\u00f3mica uno (Guatemala) y 4 % para la circunscripci\u00f3n econ\u00f3mica dos (resto del pa\u00eds).<\/p>\n\n\n\n<p>Seg\u00fan se inform\u00f3, los datos analizados por las comisiones paritarias y la comisi\u00f3n nacional del salario evidencian que son porcentajes que puede pagar el sector empleador.<\/p>\n\n\n\n<p>Ello permitir\u00e1 a los trabajadores cubrir sus necesidades m\u00ednimas y, sobre todo, que puede incentivar m\u00e1s inversi\u00f3n en el interior del pa\u00eds, para generar m\u00e1s empleos formales y dignos en el marco de la estrategia de descentralizaci\u00f3n para el desarrollo nacional, agreg\u00f3 Rodr\u00edguez.<\/p>\n\n\n\n<p>Con el incremento del 7%, los salarios m\u00ednimos que deber\u00e1n regir a partir del 1 de enero de 2023 en el departamento de Guatemala, que corresponde a la circunscripci\u00f3n econ\u00f3mica uno, quedan de la siguiente manera:<\/p>\n\n\n\n<p>-05 quetzales diarios para actividades agr\u00edcolas<\/p>\n\n\n\n<p>-10 quetzales diarios para las actividades no agr\u00edcolas<\/p>\n\n\n\n<p>-13 quetzales diarios para la actividad exportaci\u00f3n y de maquila<\/p>\n\n\n\n<p>Para el resto de los departamentos<\/p>\n\n\n\n<p>Son los que conforman la circunscripci\u00f3n econ\u00f3mica dos, con el 4 % de incremento, queda de la siguiente manera:<\/p>\n\n\n\n<p>-22 quetzales diarios para actividades agr\u00edcolas<\/p>\n\n\n\n<p>-18 quetzales diarios para las actividades no agr\u00edcolas<\/p>\n\n\n\n<p>-47 quetzales diarios para la actividad exportadora y de maquila<\/p>\n\n\n\n<p>Las autoridades detallan que, a todas las actividades, en ambas circunscripciones econ\u00f3micas deber\u00e1 sumarse el pago mensual de la bonificaci\u00f3n incentivo de 250 quetzales.<\/p>\n\n\n\n<p>Ning\u00fan salario ser\u00e1 disminuido, al contrario, las circunscripciones econ\u00f3micas lo que buscan es que los incrementos en el salario m\u00ednimo se vayan dando de acuerdo con las condiciones de cada una de ellas, para que los ajustes sean razonables y que se cumplan, dijo Rodr\u00edguez.<\/p>\n\n\n\n<p>El Mintrab inform\u00f3 que los datos presentados por instituciones, as\u00ed como los informes del Banco de Guatemala y el Instituto Guatemalteco de Seguridad Social (IGSS), pueden ser consultados en la p\u00e1gina web del Ministerio de Trabajo <a href=\"https:\/\/l.facebook.com\/l.php?u=http%3A%2F%2Fwww.mintrabajo.gob.gt%2F%3Ffbclid%3DIwAR0ULQ0Y7jK3Q4ClBH131rV1RKrvn_mp2m0dKOiRNjfiR14PbNkqyRW6ijI&amp;h=AT2f_7tXWpjYPeongBJgfAdTmBaGlYSAAQUF1o82rGcc5PIx8pgpVn9x-Bo3wp-CvSeKGksMJC7VAfXOkc0Aw2za_X9ggV1yCUxcrUrkUgeijhLvuTtokVF_9FXaK9FGYBmc&amp;__tn__=-UK-R&amp;c[0]=AT0kLJob23oj_0iCYk6uF-tyYDFo-KkyQWFaaNZzGDjz2vSJYJDUEPjEEPE7fad3qRSXr_k_V9Hzcdaj6rwgoXYVghgHQUCR6n33rLkRFnDVkCcImeVdKc-aVDX2b8TMYf2R5Cb3FSKdu0r_jlXQQCYmk_9QLUjNT9HSEuhtpP1KeTKHwsMoIvwfVAxIDEyHx1lyLRy0-5l0\" rel=\"noreferrer noopener\" target=\"_blank\">www.mintrabajo.gob.gt<\/a><\/p>\n\n\n\n<p>Por otra parte, dijo que a trav\u00e9s de la Inspecci\u00f3n General de Trabajo se realizar\u00e1n inspecciones de oficio y se dar\u00e1 respuesta a las denuncias de los trabajadores. La finalidad es verificar el cumplimiento de este derecho que beneficia al trabajador, a su familia y a Guatemala.<\/p>\n\n\n\n<p>Comisi\u00f3n Nacional del Salario<\/p>\n\n\n\n<p>En el mensaje, las autoridades indicaron que durante el a\u00f1o las comisiones paritarias de salarios m\u00ednimos se reunieron por circunscripci\u00f3n y actividad econ\u00f3mica, como qued\u00f3 establecido en 2021, mediante el Acuerdo Gubernativo 285-2021.<\/p>\n\n\n\n<p>En dichas reuniones se recopil\u00f3 y analiz\u00f3 informaci\u00f3n espec\u00edfica, tambi\u00e9n se sostuvieron quince sesiones que fueron transmitidas en las redes sociales para fomentar la transparencia en el mecanismo de fijaci\u00f3n del salario m\u00ednimo.<\/p>\n\n\n\n<p>Asimismo, en estas sesiones se enfatiz\u00f3 la importancia de definir par\u00e1metros y factores relativos que permitan tomar decisiones con base en criterios t\u00e9cnicos. Esto de manera que se fortalezca el sistema de fijaci\u00f3n de salarios m\u00ednimos para que se convierta verdaderamente en un instrumento objetivo para el desarrollo econ\u00f3mico y social, dijo.<\/p>\n\n\n\n<p>Las autoridades del Ministerio de Trabajo destacan que, como ente rector en materia laboral a nivel nacional, se han preocupado para que el an\u00e1lisis de ajustes al salario m\u00ednimo sea integral y eficaz.<\/p>\n\n\n\n<p>Por lo anterior, Rodr\u00edguez dijo que durante las sesiones se discuti\u00f3 sobre indicadores de mercado laboral como crecimiento econ\u00f3mico, comportamiento general de los precios de los bienes y servicios, costo de la canasta b\u00e1sica y canasta ampliada, informaci\u00f3n sobre remesas familiares, poblaci\u00f3n ocupada por actividad econ\u00f3mica, afiliados al Seguro Social y registros del informe del empleador, entre otros.<\/p>\n\n\n\n<p>Texto Julio Morales<\/p>\n\n\n\n<p><a href=\"https:\/\/www.facebook.com\/hashtag\/metroredes?__eep__=6&amp;__cft__[0]=AZXa8WheloSltALg7cVOjzfl-uTjAEqQeLYgy-fe1q9okSGCLdxrTq6mxee4GREDy5U9WMVHnTAiKTR4L6WnXdWY6Z8YcZfJvaBIaBd695rF-br7-IUXu_ZTHm4c5aV476KFgmk6y4kZe5T11lOE1r7wtNnvwe9wNZSlRaOUUazV1GLJQiXYz0yrczvRUJtdo_c&amp;__tn__=*NK-R\">#metroredes<\/a><a href=\"https:\/\/www.facebook.com\/hashtag\/salariominimo2023?__eep__=6&amp;__cft__[0]=AZXa8WheloSltALg7cVOjzfl-uTjAEqQeLYgy-fe1q9okSGCLdxrTq6mxee4GREDy5U9WMVHnTAiKTR4L6WnXdWY6Z8YcZfJvaBIaBd695rF-br7-IUXu_ZTHm4c5aV476KFgmk6y4kZe5T11lOE1r7wtNnvwe9wNZSlRaOUUazV1GLJQiXYz0yrczvRUJtdo_c&amp;__tn__=*NK-R\">#salariominimo2023<\/a><\/p>\n\n\n\n<figure class=\"wp-block-gallery has-nested-images columns-default is-cropped wp-block-gallery-1 is-layout-flex wp-block-gallery-is-layout-flex\">\n<figure class=\"wp-block-image size-large\"><img loading=\"lazy\" decoding=\"async\" width=\"1024\" height=\"1024\" data-id=\"59020\" src=\"https:\/\/elmetropolitano.com.gt\/es\/wp-content\/uploads\/2022\/12\/321053718_671599231311743_3608011897854778916_n-1024x1024.jpg\" alt=\"\" class=\"wp-image-59020\" srcset=\"https:\/\/elmetropolitano.com.gt\/es\/wp-content\/uploads\/2022\/12\/321053718_671599231311743_3608011897854778916_n-1024x1024.jpg 1024w, https:\/\/elmetropolitano.com.gt\/es\/wp-content\/uploads\/2022\/12\/321053718_671599231311743_3608011897854778916_n-300x300.jpg 300w, https:\/\/elmetropolitano.com.gt\/es\/wp-content\/uploads\/2022\/12\/321053718_671599231311743_3608011897854778916_n-150x150.jpg 150w, https:\/\/elmetropolitano.com.gt\/es\/wp-content\/uploads\/2022\/12\/321053718_671599231311743_3608011897854778916_n-768x768.jpg 768w, https:\/\/elmetropolitano.com.gt\/es\/wp-content\/uploads\/2022\/12\/321053718_671599231311743_3608011897854778916_n-600x600.jpg 600w, https:\/\/elmetropolitano.com.gt\/es\/wp-content\/uploads\/2022\/12\/321053718_671599231311743_3608011897854778916_n-100x100.jpg 100w, https:\/\/elmetropolitano.com.gt\/es\/wp-content\/uploads\/2022\/12\/321053718_671599231311743_3608011897854778916_n.jpg 1080w\" sizes=\"auto, (max-width: 1024px) 100vw, 1024px\" \/><\/figure>\n\n\n\n<figure class=\"wp-block-image size-large\"><img loading=\"lazy\" decoding=\"async\" width=\"1024\" height=\"1024\" data-id=\"59021\" src=\"https:\/\/elmetropolitano.com.gt\/es\/wp-content\/uploads\/2022\/12\/321387268_2376946215802451_4107609202605165264_n-1024x1024.jpg\" alt=\"\" class=\"wp-image-59021\" srcset=\"https:\/\/elmetropolitano.com.gt\/es\/wp-content\/uploads\/2022\/12\/321387268_2376946215802451_4107609202605165264_n-1024x1024.jpg 1024w, https:\/\/elmetropolitano.com.gt\/es\/wp-content\/uploads\/2022\/12\/321387268_2376946215802451_4107609202605165264_n-300x300.jpg 300w, https:\/\/elmetropolitano.com.gt\/es\/wp-content\/uploads\/2022\/12\/321387268_2376946215802451_4107609202605165264_n-150x150.jpg 150w, https:\/\/elmetropolitano.com.gt\/es\/wp-content\/uploads\/2022\/12\/321387268_2376946215802451_4107609202605165264_n-768x768.jpg 768w, https:\/\/elmetropolitano.com.gt\/es\/wp-content\/uploads\/2022\/12\/321387268_2376946215802451_4107609202605165264_n-600x600.jpg 600w, https:\/\/elmetropolitano.com.gt\/es\/wp-content\/uploads\/2022\/12\/321387268_2376946215802451_4107609202605165264_n-100x100.jpg 100w, https:\/\/elmetropolitano.com.gt\/es\/wp-content\/uploads\/2022\/12\/321387268_2376946215802451_4107609202605165264_n.jpg 1080w\" sizes=\"auto, (max-width: 1024px) 100vw, 1024px\" \/><\/figure>\n<\/figure>\n","protected":false},"excerpt":{"rendered":"<p>El Gobierno de Guatemala, a trav\u00e9s del Ministerio de Trabajo y Previsi\u00f3n Social (Mintrab), explic\u00f3 los detalles de la fijaci\u00f3n peri\u00f3dica del salario m\u00ednimo para 2023, como parte del derecho de los guatemaltecos amparado en la Constituci\u00f3n Pol\u00edtica de la Rep\u00fablica de Guatemala. El ministro de Trabajo, Rafael Rodr\u00edguez, en un mensaje a la naci\u00f3n <a class=\"read-more\" href=\"https:\/\/elmetropolitano.com.gt\/es\/asi-quedo-el-aumento-al-salario-minimo-para-todas-las-actividades-economicas\/\">Leer m\u00e1s<\/a><\/p>\n","protected":false},"author":1,"featured_media":59019,"comment_status":"open","ping_status":"closed","sticky":false,"template":"","format":"standard","meta":{"footnotes":""},"categories":[21],"tags":[20],"class_list":["post-59018","post","type-post","status-publish","format-standard","has-post-thumbnail","hentry","category-economia","tag-economia"],"_links":{"self":[{"href":"https:\/\/elmetropolitano.com.gt\/es\/wp-json\/wp\/v2\/posts\/59018","targetHints":{"allow":["GET"]}}],"collection":[{"href":"https:\/\/elmetropolitano.com.gt\/es\/wp-json\/wp\/v2\/posts"}],"about":[{"href":"https:\/\/elmetropolitano.com.gt\/es\/wp-json\/wp\/v2\/types\/post"}],"author":[{"embeddable":true,"href":"https:\/\/elmetropolitano.com.gt\/es\/wp-json\/wp\/v2\/users\/1"}],"replies":[{"embeddable":true,"href":"https:\/\/elmetropolitano.com.gt\/es\/wp-json\/wp\/v2\/comments?post=59018"}],"version-history":[{"count":1,"href":"https:\/\/elmetropolitano.com.gt\/es\/wp-json\/wp\/v2\/posts\/59018\/revisions"}],"predecessor-version":[{"id":59022,"href":"https:\/\/elmetropolitano.com.gt\/es\/wp-json\/wp\/v2\/posts\/59018\/revisions\/59022"}],"wp:featuredmedia":[{"embeddable":true,"href":"https:\/\/elmetropolitano.com.gt\/es\/wp-json\/wp\/v2\/media\/59019"}],"wp:attachment":[{"href":"https:\/\/elmetropolitano.com.gt\/es\/wp-json\/wp\/v2\/media?parent=59018"}],"wp:term":[{"taxonomy":"category","embeddable":true,"href":"https:\/\/elmetropolitano.com.gt\/es\/wp-json\/wp\/v2\/categories?post=59018"},{"taxonomy":"post_tag","embeddable":true,"href":"https:\/\/elmetropolitano.com.gt\/es\/wp-json\/wp\/v2\/tags?post=59018"}],"curies":[{"name":"wp","href":"https:\/\/api.w.org\/{rel}","templated":true}]}}