{"id":59041,"date":"2022-12-24T10:13:22","date_gmt":"2022-12-24T16:13:22","guid":{"rendered":"https:\/\/elmetropolitano.com.gt\/es\/?p=59041"},"modified":"2022-12-24T10:13:23","modified_gmt":"2022-12-24T16:13:23","slug":"recomiendan-mantenerse-abrigado-ante-el-ingreso-de-un-frente-frio-en-las-proximas-horas","status":"publish","type":"post","link":"https:\/\/elmetropolitano.com.gt\/es\/recomiendan-mantenerse-abrigado-ante-el-ingreso-de-un-frente-frio-en-las-proximas-horas\/","title":{"rendered":"Recomiendan mantenerse abrigado ante el ingreso de un frente fr\u00edo en las pr\u00f3ximas horas"},"content":{"rendered":"\n<p>El Instituto Nacional de Sismolog\u00eda, Vulcanolog\u00eda, Meteorolog\u00eda e Hidrolog\u00eda (Insivumeh) comparti\u00f3 las condiciones atmosf\u00e9ricas para las pr\u00f3ximas horas.<\/p>\n\n\n\n<p>La entidad prev\u00e9 el acercamiento de un frente fr\u00edo en la pen\u00ednsula de Yucat\u00e1n, por lo que podr\u00edan presentarse nublados con lluvias o lloviznas sobre las regiones del norte, Franja Transversal del Norte y Caribe en horas de la tarde y noche. <a><\/a>Asimismo, en departamentos como Quetzaltenango se reporta la presencia de niebla y neblina en Alta Verapaz.<\/p><div class=\"elmet-contenido\" id=\"elmet-3640828739\"><div class=\"elmet-adlabel\">Anuncios<\/div><div style=\"margin-top: 20px;margin-right: 20px;margin-bottom: 20px;margin-left: 20px;\" id=\"elmet-4035663823\"><a href=\"https:\/\/www.facebook.com\/arrincuanantigua\/\" aria-label=\"cintillo-arrin-cual\"><img loading=\"lazy\" decoding=\"async\" src=\"https:\/\/elmetropolitano.com.gt\/es\/wp-content\/uploads\/2021\/11\/cintillo-arrin-cual-1.jpg\" alt=\"\"  srcset=\"https:\/\/elmetropolitano.com.gt\/es\/wp-content\/uploads\/2021\/11\/cintillo-arrin-cual-1.jpg 750w, https:\/\/elmetropolitano.com.gt\/es\/wp-content\/uploads\/2021\/11\/cintillo-arrin-cual-1-300x36.jpg 300w, https:\/\/elmetropolitano.com.gt\/es\/wp-content\/uploads\/2021\/11\/cintillo-arrin-cual-1-600x72.jpg 600w\" sizes=\"(max-width: 750px) 100vw, 750px\" width=\"750\" height=\"90\"   \/><\/a><\/div><\/div>\n\n\n\n<p>Por otra parte, el Insivumeh informa que el viento norte mantendr\u00e1 velocidades de entre 30 y 35 kil\u00f3metros por hora y podr\u00edan aumentar en lugares monta\u00f1osos.<\/p>\n\n\n\n<p>Recomendaciones ante<\/p>\n\n\n\n<p>la temporada de fr\u00edo<\/p>\n\n\n\n<p>El Insivumeh, junto con la Coordinadora Nacional para la Reducci\u00f3n de Desastres (Conred), han emitido recomendaciones con el fin de prevenir incidentes y otras emergencias de salud que afecten a los guatemaltecos.<\/p>\n\n\n\n<p>De esa cuenta, se hace \u00e9nfasis en la prevenci\u00f3n ante posibles desastres ocasionados por los fuertes vientos y algunas lluvias en las pr\u00f3ximas horas. Adem\u00e1s, sobre tomar precauciones ante la posible ca\u00edda de \u00e1rboles, vallas publicitarias, entre otros.<\/p>\n\n\n\n<p>Adem\u00e1s, ante el repunte de casos de COVID-19, las autoridades recomiendan:<\/p>\n\n\n\n<p>atender las instrucciones de autoevacuaci\u00f3n con el n\u00facleo familiar y evitar contacto con otras personas<\/p>\n\n\n\n<p>tener a la mano equipo de protecci\u00f3n personal m\u00ednimo por la emergencia sanitaria de COVID-19 (mascarilla, guantes y lentes)<\/p>\n\n\n\n<p>preparar la mochila de las 72 horas (incluir documentos de identificaci\u00f3n)<\/p>\n\n\n\n<p>colaborar con las autoridades al realizar los procedimientos de respuesta ante la emergencia<\/p>\n\n\n\n<p>reportar si alg\u00fan miembro de la familia presenta s\u00edntomas de COVID-19<\/p>\n\n\n\n<p>mantenerse abrigado, especialmente proteger a ni\u00f1os y adultos mayores de 60 a\u00f1os tomar abundante agua<\/p>\n\n\n\n<p>Texto: Yuliza Mu\u00f1oz<\/p>\n\n\n\n<p><a href=\"https:\/\/www.facebook.com\/hashtag\/metroredes?__eep__=6&amp;__cft__[0]=AZVm6RYLII3DVU20qv_g-mnRaPwvJmocnWvVOOievwzLSSI_d4CxOh7t-l-MinuxFsIminawxm5jYH971UjTTDuNSHG76vZbfqLYM05RnDhmN9MXd3wGbH4Iz_Q_9GHWqbBXHjJR2yhA0eZZU8kYOra1Ix9ePqMuGtdvjiA-AnpYYwg6MGjD3JRjhkKqbhnD-7U&amp;__tn__=*NK-R\">#metroredes<\/a><a href=\"https:\/\/www.facebook.com\/hashtag\/insivumet?__eep__=6&amp;__cft__[0]=AZVm6RYLII3DVU20qv_g-mnRaPwvJmocnWvVOOievwzLSSI_d4CxOh7t-l-MinuxFsIminawxm5jYH971UjTTDuNSHG76vZbfqLYM05RnDhmN9MXd3wGbH4Iz_Q_9GHWqbBXHjJR2yhA0eZZU8kYOra1Ix9ePqMuGtdvjiA-AnpYYwg6MGjD3JRjhkKqbhnD-7U&amp;__tn__=*NK-R\">#insivumet<\/a><a href=\"https:\/\/www.facebook.com\/hashtag\/conred?__eep__=6&amp;__cft__[0]=AZVm6RYLII3DVU20qv_g-mnRaPwvJmocnWvVOOievwzLSSI_d4CxOh7t-l-MinuxFsIminawxm5jYH971UjTTDuNSHG76vZbfqLYM05RnDhmN9MXd3wGbH4Iz_Q_9GHWqbBXHjJR2yhA0eZZU8kYOra1Ix9ePqMuGtdvjiA-AnpYYwg6MGjD3JRjhkKqbhnD-7U&amp;__tn__=*NK-R\">#Conred<\/a><\/p>\n\n\n\n<p><\/p>\n","protected":false},"excerpt":{"rendered":"<p>El Instituto Nacional de Sismolog\u00eda, Vulcanolog\u00eda, Meteorolog\u00eda e Hidrolog\u00eda (Insivumeh) comparti\u00f3 las condiciones atmosf\u00e9ricas para las pr\u00f3ximas horas. La entidad prev\u00e9 el acercamiento de un frente fr\u00edo en la pen\u00ednsula de Yucat\u00e1n, por lo que podr\u00edan presentarse nublados con lluvias o lloviznas sobre las regiones del norte, Franja Transversal del Norte y Caribe en horas <a class=\"read-more\" href=\"https:\/\/elmetropolitano.com.gt\/es\/recomiendan-mantenerse-abrigado-ante-el-ingreso-de-un-frente-frio-en-las-proximas-horas\/\">Leer m\u00e1s<\/a><\/p>\n","protected":false},"author":1,"featured_media":59042,"comment_status":"open","ping_status":"closed","sticky":false,"template":"","format":"standard","meta":{"footnotes":""},"categories":[2],"tags":[12],"class_list":["post-59041","post","type-post","status-publish","format-standard","has-post-thumbnail","hentry","category-nacionales","tag-nacionales"],"_links":{"self":[{"href":"https:\/\/elmetropolitano.com.gt\/es\/wp-json\/wp\/v2\/posts\/59041","targetHints":{"allow":["GET"]}}],"collection":[{"href":"https:\/\/elmetropolitano.com.gt\/es\/wp-json\/wp\/v2\/posts"}],"about":[{"href":"https:\/\/elmetropolitano.com.gt\/es\/wp-json\/wp\/v2\/types\/post"}],"author":[{"embeddable":true,"href":"https:\/\/elmetropolitano.com.gt\/es\/wp-json\/wp\/v2\/users\/1"}],"replies":[{"embeddable":true,"href":"https:\/\/elmetropolitano.com.gt\/es\/wp-json\/wp\/v2\/comments?post=59041"}],"version-history":[{"count":1,"href":"https:\/\/elmetropolitano.com.gt\/es\/wp-json\/wp\/v2\/posts\/59041\/revisions"}],"predecessor-version":[{"id":59043,"href":"https:\/\/elmetropolitano.com.gt\/es\/wp-json\/wp\/v2\/posts\/59041\/revisions\/59043"}],"wp:featuredmedia":[{"embeddable":true,"href":"https:\/\/elmetropolitano.com.gt\/es\/wp-json\/wp\/v2\/media\/59042"}],"wp:attachment":[{"href":"https:\/\/elmetropolitano.com.gt\/es\/wp-json\/wp\/v2\/media?parent=59041"}],"wp:term":[{"taxonomy":"category","embeddable":true,"href":"https:\/\/elmetropolitano.com.gt\/es\/wp-json\/wp\/v2\/categories?post=59041"},{"taxonomy":"post_tag","embeddable":true,"href":"https:\/\/elmetropolitano.com.gt\/es\/wp-json\/wp\/v2\/tags?post=59041"}],"curies":[{"name":"wp","href":"https:\/\/api.w.org\/{rel}","templated":true}]}}