{"id":59198,"date":"2022-12-28T18:56:16","date_gmt":"2022-12-29T00:56:16","guid":{"rendered":"https:\/\/elmetropolitano.com.gt\/es\/?p=59198"},"modified":"2022-12-28T18:56:17","modified_gmt":"2022-12-29T00:56:17","slug":"la-calleja-de-las-flores-te-espera-en-xetulul","status":"publish","type":"post","link":"https:\/\/elmetropolitano.com.gt\/es\/la-calleja-de-las-flores-te-espera-en-xetulul\/","title":{"rendered":"La Calleja de las Flores te espera en Xetulul"},"content":{"rendered":"\n<p>El d\u00eda de hoy se ha aperturado, luego de su remodelaci\u00f3n, el sector representativo de Espa\u00f1a dentro del parque Xetulul. En esta nueva \u00e1rea, el Instituto de Recreaci\u00f3n de los Trabajadores de la Empresa Privada de Guatemala (IRTRA) ofrecer\u00e1 nuevas opciones a sus visitantes, pues el antiguo callej\u00f3n ha sido renombrado como La Calleja de las Flores, donde se ha instalado la Churrer\u00eda de las Callejas y se ha dise\u00f1ado un moderno bar de <a><\/a>tapas.<\/p>\n\n\n\n<p>La Churrer\u00eda de las Callejas ofrecer\u00e1 dentro de su men\u00fa los deliciosos y reconocidos churros que siempre ha ofrecido en la Plaza Chapina, adem\u00e1s de chocolate, caf\u00e9, t\u00e9 y crepas. En el bar de tapas se ofrecer\u00e1 el tradicional vasito de vino espa\u00f1ol, llamado chato, as\u00ed como tapas y tablas de quesos y jamones, croquetas y tortilla espa\u00f1ola. Adem\u00e1s, pensando en la comodidad de sus visitantes, los dos establecimientos cuentan con aire acondicionado.<\/p><div class=\"elmet-contenido\" id=\"elmet-233467025\"><div class=\"elmet-adlabel\">Anuncios<\/div><div style=\"margin-top: 20px;margin-right: 20px;margin-bottom: 20px;margin-left: 20px;\" id=\"elmet-169972368\"><a href=\"https:\/\/www.facebook.com\/arrincuanantigua\/\" aria-label=\"cintillo-arrin-cual\"><img loading=\"lazy\" decoding=\"async\" src=\"https:\/\/elmetropolitano.com.gt\/es\/wp-content\/uploads\/2021\/11\/cintillo-arrin-cual-1.jpg\" alt=\"\"  srcset=\"https:\/\/elmetropolitano.com.gt\/es\/wp-content\/uploads\/2021\/11\/cintillo-arrin-cual-1.jpg 750w, https:\/\/elmetropolitano.com.gt\/es\/wp-content\/uploads\/2021\/11\/cintillo-arrin-cual-1-300x36.jpg 300w, https:\/\/elmetropolitano.com.gt\/es\/wp-content\/uploads\/2021\/11\/cintillo-arrin-cual-1-600x72.jpg 600w\" sizes=\"(max-width: 750px) 100vw, 750px\" width=\"750\" height=\"90\"   \/><\/a><\/div><\/div>\n\n\n\n<p>El gran parque de diversiones Xetulul ofrece magia y diversi\u00f3n para toda la familia con sus impresionantes atracciones y emocionantes juegos electromec\u00e1nicos, as\u00ed como espectaculares espect\u00e1culos ambulantes y el fant\u00e1stico Show de Magia del Gran Teatro de Francia. Adem\u00e1s cuenta con una amplia diversidad de restaurantes.<\/p>\n\n\n\n<p>El dise\u00f1o de Xetulul est\u00e1 basado en un escenario arquitect\u00f3nico que muestra el origen y la historia de Guatemala, as\u00ed como de distintos pa\u00edses europeos que han influenciado la cultura guatemalteca; integrando as\u00ed nueve plazas; Plaza Chapina, Pueblo Guatemalteco, Plaza Maya, Plaza Espa\u00f1a, Plaza Italia, Plaza Francia, Plaza Alemania-Suiza, Plaza Pueblo Caribe\u00f1o y Plaza Pueblo Fantas\u00eda.<\/p>\n\n\n\n<p>\u201cEl IRTRA se ha caracterizado por el esfuerzo continuo que realiza para mantener en \u00f3ptimo nivel de mantenimiento y funcionamiento de su infraestructura, raz\u00f3n por la que ha realizado distintas remodelaciones a lo largo del tiempo,con el objetivo de ofrecer instalaciones de primer nivel a todos sus visitantes.\u201d Se\u00f1al\u00f3 Ricardo Castillo Sinibaldi, Presidente de la Junta Directiva del Instituto de Recreaci\u00f3n de los Trabajadores de la Empresa Privada de Guatemala &#8211; IRTRA.<\/p>\n\n\n\n<p>El \u00e1rea de construcci\u00f3n del bar de tapas y La Churrer\u00eda de las Callejas ocupa en su totalidad 230.36 m2 los cuales est\u00e1n distribuidos en 2 niveles, estando ubicada en el primer nivel La Churrer\u00eda de las Callejas y el bar de tapas en el segundo nivel. La Calle de las Flores tiene 220.05 m2.<\/p>\n\n\n\n<p>El Instituto de Recreaci\u00f3n de los Trabajadores de la Empresa Privada de Guatemala -IRTRA- desde hace 60 a\u00f1os ha sido el creador de un mundo de felicidad incomparable en el que todos los guatemaltecos pueden disfrutar momentos en familia, \u00fanicos y llenos de FELICIDAR, mostrando as\u00ed que Guatemala se puede transformar en la tierra pr\u00f3spera que todos los guatemaltecos merecemos; La Tierra del S\u00ed se Puede.<\/p>\n\n\n\n<p><a href=\"https:\/\/www.facebook.com\/hashtag\/metroredes?__eep__=6&amp;__cft__[0]=AZX9UwqqN1_EgzBACXXq62RDSuQ-rZL68NIZkU4FlYQ88BCxDJzBHDnYbqr9TMQUmX0WlvsnyqgOo0p3cAOKkpg05kWpA-qN1ZjjoLk2MKy-qaAI1oWpTf95uBf0baVFyQBAzR3LqKhho21ytFWypL-jQRkhrDwtMYwu5DLjK8fHI-yx_wMbue7_7quMTd9LuyU&amp;__tn__=*NK-R\">#metroredes<\/a><a href=\"https:\/\/www.facebook.com\/hashtag\/xetulul?__eep__=6&amp;__cft__[0]=AZX9UwqqN1_EgzBACXXq62RDSuQ-rZL68NIZkU4FlYQ88BCxDJzBHDnYbqr9TMQUmX0WlvsnyqgOo0p3cAOKkpg05kWpA-qN1ZjjoLk2MKy-qaAI1oWpTf95uBf0baVFyQBAzR3LqKhho21ytFWypL-jQRkhrDwtMYwu5DLjK8fHI-yx_wMbue7_7quMTd9LuyU&amp;__tn__=*NK-R\">#Xetulul<\/a><a href=\"https:\/\/www.facebook.com\/hashtag\/irtra?__eep__=6&amp;__cft__[0]=AZX9UwqqN1_EgzBACXXq62RDSuQ-rZL68NIZkU4FlYQ88BCxDJzBHDnYbqr9TMQUmX0WlvsnyqgOo0p3cAOKkpg05kWpA-qN1ZjjoLk2MKy-qaAI1oWpTf95uBf0baVFyQBAzR3LqKhho21ytFWypL-jQRkhrDwtMYwu5DLjK8fHI-yx_wMbue7_7quMTd9LuyU&amp;__tn__=*NK-R\">#Irtra<\/a><\/p>\n\n\n\n<figure class=\"wp-block-gallery has-nested-images columns-default is-cropped wp-block-gallery-1 is-layout-flex wp-block-gallery-is-layout-flex\">\n<figure class=\"wp-block-image size-large\"><img loading=\"lazy\" decoding=\"async\" width=\"768\" height=\"1024\" data-id=\"59201\" src=\"https:\/\/elmetropolitano.com.gt\/es\/wp-content\/uploads\/2022\/12\/321767787_1273726576543435_2675919252674115250_n.jpg\" alt=\"\" class=\"wp-image-59201\" srcset=\"https:\/\/elmetropolitano.com.gt\/es\/wp-content\/uploads\/2022\/12\/321767787_1273726576543435_2675919252674115250_n.jpg 768w, https:\/\/elmetropolitano.com.gt\/es\/wp-content\/uploads\/2022\/12\/321767787_1273726576543435_2675919252674115250_n-225x300.jpg 225w, https:\/\/elmetropolitano.com.gt\/es\/wp-content\/uploads\/2022\/12\/321767787_1273726576543435_2675919252674115250_n-600x800.jpg 600w\" sizes=\"auto, (max-width: 768px) 100vw, 768px\" \/><\/figure>\n\n\n\n<figure class=\"wp-block-image size-large\"><img loading=\"lazy\" decoding=\"async\" width=\"768\" height=\"1024\" data-id=\"59200\" src=\"https:\/\/elmetropolitano.com.gt\/es\/wp-content\/uploads\/2022\/12\/322386841_480463104236590_2433423264167963768_n.jpg\" alt=\"\" class=\"wp-image-59200\" srcset=\"https:\/\/elmetropolitano.com.gt\/es\/wp-content\/uploads\/2022\/12\/322386841_480463104236590_2433423264167963768_n.jpg 768w, https:\/\/elmetropolitano.com.gt\/es\/wp-content\/uploads\/2022\/12\/322386841_480463104236590_2433423264167963768_n-225x300.jpg 225w, https:\/\/elmetropolitano.com.gt\/es\/wp-content\/uploads\/2022\/12\/322386841_480463104236590_2433423264167963768_n-600x800.jpg 600w\" sizes=\"auto, (max-width: 768px) 100vw, 768px\" \/><\/figure>\n<\/figure>\n","protected":false},"excerpt":{"rendered":"<p>El d\u00eda de hoy se ha aperturado, luego de su remodelaci\u00f3n, el sector representativo de Espa\u00f1a dentro del parque Xetulul. En esta nueva \u00e1rea, el Instituto de Recreaci\u00f3n de los Trabajadores de la Empresa Privada de Guatemala (IRTRA) ofrecer\u00e1 nuevas opciones a sus visitantes, pues el antiguo callej\u00f3n ha sido renombrado como La Calleja de <a class=\"read-more\" href=\"https:\/\/elmetropolitano.com.gt\/es\/la-calleja-de-las-flores-te-espera-en-xetulul\/\">Leer m\u00e1s<\/a><\/p>\n","protected":false},"author":1,"featured_media":59199,"comment_status":"open","ping_status":"closed","sticky":false,"template":"","format":"standard","meta":{"footnotes":""},"categories":[31],"tags":[32],"class_list":["post-59198","post","type-post","status-publish","format-standard","has-post-thumbnail","hentry","category-metroimpulso","tag-metroimpulso"],"_links":{"self":[{"href":"https:\/\/elmetropolitano.com.gt\/es\/wp-json\/wp\/v2\/posts\/59198","targetHints":{"allow":["GET"]}}],"collection":[{"href":"https:\/\/elmetropolitano.com.gt\/es\/wp-json\/wp\/v2\/posts"}],"about":[{"href":"https:\/\/elmetropolitano.com.gt\/es\/wp-json\/wp\/v2\/types\/post"}],"author":[{"embeddable":true,"href":"https:\/\/elmetropolitano.com.gt\/es\/wp-json\/wp\/v2\/users\/1"}],"replies":[{"embeddable":true,"href":"https:\/\/elmetropolitano.com.gt\/es\/wp-json\/wp\/v2\/comments?post=59198"}],"version-history":[{"count":1,"href":"https:\/\/elmetropolitano.com.gt\/es\/wp-json\/wp\/v2\/posts\/59198\/revisions"}],"predecessor-version":[{"id":59202,"href":"https:\/\/elmetropolitano.com.gt\/es\/wp-json\/wp\/v2\/posts\/59198\/revisions\/59202"}],"wp:featuredmedia":[{"embeddable":true,"href":"https:\/\/elmetropolitano.com.gt\/es\/wp-json\/wp\/v2\/media\/59199"}],"wp:attachment":[{"href":"https:\/\/elmetropolitano.com.gt\/es\/wp-json\/wp\/v2\/media?parent=59198"}],"wp:term":[{"taxonomy":"category","embeddable":true,"href":"https:\/\/elmetropolitano.com.gt\/es\/wp-json\/wp\/v2\/categories?post=59198"},{"taxonomy":"post_tag","embeddable":true,"href":"https:\/\/elmetropolitano.com.gt\/es\/wp-json\/wp\/v2\/tags?post=59198"}],"curies":[{"name":"wp","href":"https:\/\/api.w.org\/{rel}","templated":true}]}}