{"id":59279,"date":"2023-01-01T10:59:39","date_gmt":"2023-01-01T16:59:39","guid":{"rendered":"https:\/\/elmetropolitano.com.gt\/es\/?p=59279"},"modified":"2023-01-01T10:59:40","modified_gmt":"2023-01-01T16:59:40","slug":"presidente-resalta-proyectos-para-el-desarrollo-economico-y-social-de-guatemala-en-2023","status":"publish","type":"post","link":"https:\/\/elmetropolitano.com.gt\/es\/presidente-resalta-proyectos-para-el-desarrollo-economico-y-social-de-guatemala-en-2023\/","title":{"rendered":"Presidente resalta proyectos para el desarrollo econ\u00f3mico y social de Guatemala en 2023"},"content":{"rendered":"\n<p>El presidente Alejandro Giammattei comparti\u00f3 un mensaje de a\u00f1o nuevo para los guatemaltecos, en el cual destac\u00f3 los planes para reforzar el desarrollo econ\u00f3mico y social en 2023.<\/p>\n\n\n\n<p>El jefe de Estado record\u00f3 que en este per\u00edodo fiscal se iniciaron proyectos que forman parte de las metas planteadas para fortalecer el progreso integral, los cuales continuar\u00e1n el pr\u00f3ximo a\u00f1o.<\/p><div class=\"elmet-contenido\" id=\"elmet-1895989430\"><div class=\"elmet-adlabel\">Anuncios<\/div><div style=\"margin-top: 20px;margin-right: 20px;margin-bottom: 20px;margin-left: 20px;\" id=\"elmet-2963901111\"><a href=\"https:\/\/www.facebook.com\/arrincuanantigua\/\" aria-label=\"cintillo-arrin-cual\"><img loading=\"lazy\" decoding=\"async\" src=\"https:\/\/elmetropolitano.com.gt\/es\/wp-content\/uploads\/2021\/11\/cintillo-arrin-cual-1.jpg\" alt=\"\"  srcset=\"https:\/\/elmetropolitano.com.gt\/es\/wp-content\/uploads\/2021\/11\/cintillo-arrin-cual-1.jpg 750w, https:\/\/elmetropolitano.com.gt\/es\/wp-content\/uploads\/2021\/11\/cintillo-arrin-cual-1-300x36.jpg 300w, https:\/\/elmetropolitano.com.gt\/es\/wp-content\/uploads\/2021\/11\/cintillo-arrin-cual-1-600x72.jpg 600w\" sizes=\"(max-width: 750px) 100vw, 750px\" width=\"750\" height=\"90\"   \/><\/a><\/div><\/div>\n\n\n\n<p><a><\/a>Asimismo, resalt\u00f3 como parte de los logros el trabajo en conjunto con gobiernos locales. Indic\u00f3 que se han desarrollado planes estrat\u00e9gicos en coordinaci\u00f3n con diferentes entidades del Ejecutivo.<\/p>\n\n\n\n<p>El objetivo ha sido responder a las necesidades de los habitantes en cada uno de los municipios del pa\u00eds. Agreg\u00f3 que las acciones emprendidas se han centrado en mejorar servicios b\u00e1sicos, como educaci\u00f3n y salud.<\/p>\n\n\n\n<p>El a\u00f1o 2023 viene cargado de grandes realizaciones. No forman parte de una lista de buenas intenciones, son prop\u00f3sitos y metas de gobierno, que se traducen en obras, y ya est\u00e1n en marcha, dijo.<\/p>\n\n\n\n<p>Infraestructura<\/p>\n\n\n\n<p>En relaci\u00f3n a la infraestructura y mejoramiento de carreteras, el Presidente resalt\u00f3 la rehabilitaci\u00f3n de carreteras de car\u00e1cter internacional, nacional y local.<\/p>\n\n\n\n<p>A\u00f1adi\u00f3 que tales trabajos, junto con la construcci\u00f3n y reparaci\u00f3n de puentes, sumar\u00e1n a las estrategias de desarrollo econ\u00f3mico planteadas para el siguiente a\u00f1o.<\/p>\n\n\n\n<p>Uno de los proyectos emblem\u00e1ticos de esta moderna red de infraestructura es la intervenci\u00f3n sobre la carretera CA-1, la cual atraviesa todo el territorio nacional, desde la frontera con M\u00e9xico, en La Mesilla, Huehuetenango, hasta El Molino, frontera con El Salvador, refiri\u00f3.<\/p>\n\n\n\n<p>En el \u00e1mbito educativo, confirm\u00f3 que el sector p\u00fablico retomar\u00e1 las clases presenciales, lo cual favorecer\u00e1 el desarrollo de los estudiantes y el fortalecimiento del proceso ense\u00f1anza-aprendizaje.<\/p>\n\n\n\n<p>Tambi\u00e9n garantiz\u00f3 que el Ministerio de Educaci\u00f3n pondr\u00e1 en funcionamiento los programas de apoyo para maestros y alumnos desde el primer d\u00eda de actividades. Se trata de los siguientes:<\/p>\n\n\n\n<p>Programa de Alimentaci\u00f3n Escolar<\/p>\n\n\n\n<p>\u00datiles Escolares<\/p>\n\n\n\n<p>Valija Did\u00e1ctica<\/p>\n\n\n\n<p>Gratuidad de la Educaci\u00f3n<\/p>\n\n\n\n<p>Seguro M\u00e9dico Escolar<\/p>\n\n\n\n<p>Uno de los aspectos destacados es que en el siguiente ejercicio fiscal se apoyar\u00e1 por primera vez con estos recursos a estudiantes de los ciclos b\u00e1sico y diversificado.<\/p>\n\n\n\n<p>Apoyo municipal<\/p>\n\n\n\n<p>El jefe del Ejecutivo tambi\u00e9n hizo hincapi\u00e9 en el trabajo que se ha realizado durante su gesti\u00f3n con las autoridades ediles.<\/p>\n\n\n\n<p>Reafirm\u00f3 que su gobierno tiene un car\u00e1cter municipalista, pues ha priorizado el apoyo a las comunas para mejorar las condiciones de vida de la poblaci\u00f3n en el interior el pa\u00eds.<\/p>\n\n\n\n<p>Sigo convencido de que 340 municipios fuertes hacen un Estado fuerte, expres\u00f3.<\/p>\n\n\n\n<p>Agreg\u00f3 que desde los consejos de desarrollo se definieron los proyectos prioritarios, los cuales se enfocan en mejorar la conectividad vial, acceso al agua y saneamiento.<\/p>\n\n\n\n<p>Record\u00f3, adem\u00e1s, que est\u00e1n en marcha diversos trabajos para fortalecer la infraestructura en salud, con \u00e9nfasis en la atenci\u00f3n primaria, entre otros aspectos.<\/p>\n\n\n\n<p>El presidente Giammattei reamarc\u00f3 su compromiso de mantener estrechos lazos de comunicaci\u00f3n e interacci\u00f3n con las autoridades municipales para lograr m\u00e1s resultados positivos.<\/p>\n\n\n\n<p>Este es el gobierno que m\u00e1s inversi\u00f3n municipal ha destinado en los \u00faltimos 25 a\u00f1os de gobiernos democr\u00e1ticos, con un aumento de m\u00e1s del mil por ciento, es decir, 52 mil 715 millones (de quetzales), manifest\u00f3.<\/p>\n\n\n\n<p>Habl\u00f3 tambi\u00e9n de continuar con la descentralizaci\u00f3n de los programas sociales y as\u00ed impactar significativamente en los grupos m\u00e1s vulnerables.<\/p>\n\n\n\n<p>Desarrollo social<\/p>\n\n\n\n<p>En su mensaje, el Presidente abord\u00f3 el aumento en la inversi\u00f3n para el desarrollo social en este gobierno, la cual ha alcanzado los 166 mil 448 millones de quetzales.<\/p>\n\n\n\n<p>Esto ha permitido fortalecer programas como la alimentaci\u00f3n escolar, becas sociales y aporte al adulto mayor; asimismo, se ha visto reflejado en la mejora de servicios de salud.<\/p>\n\n\n\n<p>No dudo al afirmar que en mi gobierno se han destinado mayores montos presupuestarios para inversi\u00f3n social, f\u00edsica, municipal y financiera que en otros gobiernos, asever\u00f3.<\/p>\n\n\n\n<p>Hizo ver que as\u00ed la poblaci\u00f3n tiene m\u00e1s bienes y servicios, lo cual contribuye al mejoramiento de su calidad de vida. Para continuar con los avances en esa materia, se mantendr\u00e1n los programa a cargo de los ministerios de Desarrollo Social, Trabajo y Agricultura.<\/p>\n\n\n\n<p>No bajaremos la guard\u00eda; por el contrario, redoblaremos los esfuerzos en favor de los m\u00e1s necesitados, as\u00ed como del desarrollo econ\u00f3mico y la prosperidad de Guatemala, remarc\u00f3.<\/p>\n\n\n\n<p>Finalmente, el presidente extern\u00f3 su confianza en la solidez de la econom\u00eda guatemalteca, gracias a las medidas adoptadas por el gobierno.<\/p>\n\n\n\n<p>Indic\u00f3 que las estrategias de seguridad ciudadana y los beneficios de los programas sociales tambi\u00e9n contribuyen a ese aspecto.<\/p>\n\n\n\n<p>Con esta confianza, deseo a todos los guatemaltecos un feliz A\u00f1o Nuevo 2023. Que todos nuestros anhelos se cumplan y nuestros sue\u00f1os se hagan una realidad, porque juntos vamos construyendo una Guatemala diferente, concluy\u00f3.<\/p>\n\n\n\n<p>#metroredes<\/p>\n\n\n\n<p><\/p>\n","protected":false},"excerpt":{"rendered":"<p>El presidente Alejandro Giammattei comparti\u00f3 un mensaje de a\u00f1o nuevo para los guatemaltecos, en el cual destac\u00f3 los planes para reforzar el desarrollo econ\u00f3mico y social en 2023. El jefe de Estado record\u00f3 que en este per\u00edodo fiscal se iniciaron proyectos que forman parte de las metas planteadas para fortalecer el progreso integral, los cuales <a class=\"read-more\" href=\"https:\/\/elmetropolitano.com.gt\/es\/presidente-resalta-proyectos-para-el-desarrollo-economico-y-social-de-guatemala-en-2023\/\">Leer m\u00e1s<\/a><\/p>\n","protected":false},"author":1,"featured_media":59280,"comment_status":"open","ping_status":"closed","sticky":false,"template":"","format":"standard","meta":{"footnotes":""},"categories":[2],"tags":[12],"class_list":["post-59279","post","type-post","status-publish","format-standard","has-post-thumbnail","hentry","category-nacionales","tag-nacionales"],"_links":{"self":[{"href":"https:\/\/elmetropolitano.com.gt\/es\/wp-json\/wp\/v2\/posts\/59279","targetHints":{"allow":["GET"]}}],"collection":[{"href":"https:\/\/elmetropolitano.com.gt\/es\/wp-json\/wp\/v2\/posts"}],"about":[{"href":"https:\/\/elmetropolitano.com.gt\/es\/wp-json\/wp\/v2\/types\/post"}],"author":[{"embeddable":true,"href":"https:\/\/elmetropolitano.com.gt\/es\/wp-json\/wp\/v2\/users\/1"}],"replies":[{"embeddable":true,"href":"https:\/\/elmetropolitano.com.gt\/es\/wp-json\/wp\/v2\/comments?post=59279"}],"version-history":[{"count":1,"href":"https:\/\/elmetropolitano.com.gt\/es\/wp-json\/wp\/v2\/posts\/59279\/revisions"}],"predecessor-version":[{"id":59281,"href":"https:\/\/elmetropolitano.com.gt\/es\/wp-json\/wp\/v2\/posts\/59279\/revisions\/59281"}],"wp:featuredmedia":[{"embeddable":true,"href":"https:\/\/elmetropolitano.com.gt\/es\/wp-json\/wp\/v2\/media\/59280"}],"wp:attachment":[{"href":"https:\/\/elmetropolitano.com.gt\/es\/wp-json\/wp\/v2\/media?parent=59279"}],"wp:term":[{"taxonomy":"category","embeddable":true,"href":"https:\/\/elmetropolitano.com.gt\/es\/wp-json\/wp\/v2\/categories?post=59279"},{"taxonomy":"post_tag","embeddable":true,"href":"https:\/\/elmetropolitano.com.gt\/es\/wp-json\/wp\/v2\/tags?post=59279"}],"curies":[{"name":"wp","href":"https:\/\/api.w.org\/{rel}","templated":true}]}}