{"id":59282,"date":"2023-01-01T18:06:26","date_gmt":"2023-01-02T00:06:26","guid":{"rendered":"https:\/\/elmetropolitano.com.gt\/es\/?p=59282"},"modified":"2023-01-01T18:06:27","modified_gmt":"2023-01-02T00:06:27","slug":"localizan-436-paquetes-de-cocaina-en-contenedor-procedente-de-ecuador","status":"publish","type":"post","link":"https:\/\/elmetropolitano.com.gt\/es\/localizan-436-paquetes-de-cocaina-en-contenedor-procedente-de-ecuador\/","title":{"rendered":"Localizan 436 paquetes de coca\u00edna en contenedor procedente de Ecuador"},"content":{"rendered":"\n<p>La Polic\u00eda Nacional Civil (PNC) inform\u00f3 sobre el hallazgo de 436 paquetes de coca\u00edna en un contenedor procedente de Ecuador.<\/p>\n\n\n\n<p>Seg\u00fan el reporte, elementos de la Subdirecci\u00f3n General de An\u00e1lisis de Informaci\u00f3n Antinarc\u00f3tica (SGAIA) localizaron 12 tulas con la sustancia il\u00edcita durante una revisi\u00f3n de rutina, en puerto Quetzal, Escuintla.<\/p><div class=\"elmet-contenido\" id=\"elmet-3345999638\"><div class=\"elmet-adlabel\">Anuncios<\/div><div style=\"margin-top: 20px;margin-right: 20px;margin-bottom: 20px;margin-left: 20px;\" id=\"elmet-3729190889\"><a href=\"https:\/\/www.facebook.com\/arrincuanantigua\/\" aria-label=\"cintillo-arrin-cual\"><img loading=\"lazy\" decoding=\"async\" src=\"https:\/\/elmetropolitano.com.gt\/es\/wp-content\/uploads\/2021\/11\/cintillo-arrin-cual-1.jpg\" alt=\"\"  srcset=\"https:\/\/elmetropolitano.com.gt\/es\/wp-content\/uploads\/2021\/11\/cintillo-arrin-cual-1.jpg 750w, https:\/\/elmetropolitano.com.gt\/es\/wp-content\/uploads\/2021\/11\/cintillo-arrin-cual-1-300x36.jpg 300w, https:\/\/elmetropolitano.com.gt\/es\/wp-content\/uploads\/2021\/11\/cintillo-arrin-cual-1-600x72.jpg 600w\" sizes=\"(max-width: 750px) 100vw, 750px\" width=\"750\" height=\"90\"   \/><\/a><\/div><\/div>\n\n\n\n<p>En seguimiento a los protocolos, se coordin\u00f3 con personal de la Fiscal\u00eda de Delitos de Narcoactividad del Ministerio P\u00fablico (MP) para constatar si se trataba de estupefacientes.<\/p>\n\n\n\n<p>Tras efectuar las pruebas respectivas, se determin\u00f3 que lo trasladado en el furg\u00f3n era coca\u00edna.<\/p>\n\n\n\n<p>#metroredes<\/p>\n\n\n\n<figure class=\"wp-block-gallery has-nested-images columns-default is-cropped wp-block-gallery-1 is-layout-flex wp-block-gallery-is-layout-flex\">\n<figure class=\"wp-block-image size-large\"><img loading=\"lazy\" decoding=\"async\" width=\"1024\" height=\"768\" data-id=\"59285\" src=\"https:\/\/elmetropolitano.com.gt\/es\/wp-content\/uploads\/2023\/01\/321803515_5811483498940310_5584648379316126932_n.jpg\" alt=\"\" class=\"wp-image-59285\" srcset=\"https:\/\/elmetropolitano.com.gt\/es\/wp-content\/uploads\/2023\/01\/321803515_5811483498940310_5584648379316126932_n.jpg 1024w, https:\/\/elmetropolitano.com.gt\/es\/wp-content\/uploads\/2023\/01\/321803515_5811483498940310_5584648379316126932_n-300x225.jpg 300w, https:\/\/elmetropolitano.com.gt\/es\/wp-content\/uploads\/2023\/01\/321803515_5811483498940310_5584648379316126932_n-768x576.jpg 768w, https:\/\/elmetropolitano.com.gt\/es\/wp-content\/uploads\/2023\/01\/321803515_5811483498940310_5584648379316126932_n-600x450.jpg 600w\" sizes=\"auto, (max-width: 1024px) 100vw, 1024px\" \/><\/figure>\n\n\n\n<figure class=\"wp-block-image size-large\"><img loading=\"lazy\" decoding=\"async\" width=\"1024\" height=\"802\" data-id=\"59286\" src=\"https:\/\/elmetropolitano.com.gt\/es\/wp-content\/uploads\/2023\/01\/322046834_1210714563156990_978864535848295984_n-1024x802.jpg\" alt=\"\" class=\"wp-image-59286\" srcset=\"https:\/\/elmetropolitano.com.gt\/es\/wp-content\/uploads\/2023\/01\/322046834_1210714563156990_978864535848295984_n-1024x802.jpg 1024w, https:\/\/elmetropolitano.com.gt\/es\/wp-content\/uploads\/2023\/01\/322046834_1210714563156990_978864535848295984_n-300x235.jpg 300w, https:\/\/elmetropolitano.com.gt\/es\/wp-content\/uploads\/2023\/01\/322046834_1210714563156990_978864535848295984_n-768x601.jpg 768w, https:\/\/elmetropolitano.com.gt\/es\/wp-content\/uploads\/2023\/01\/322046834_1210714563156990_978864535848295984_n-600x470.jpg 600w, https:\/\/elmetropolitano.com.gt\/es\/wp-content\/uploads\/2023\/01\/322046834_1210714563156990_978864535848295984_n.jpg 1148w\" sizes=\"auto, (max-width: 1024px) 100vw, 1024px\" \/><\/figure>\n\n\n\n<figure class=\"wp-block-image size-large\"><img loading=\"lazy\" decoding=\"async\" width=\"530\" height=\"350\" data-id=\"59284\" src=\"https:\/\/elmetropolitano.com.gt\/es\/wp-content\/uploads\/2023\/01\/323327293_1173503139952381_4301845621767831718_n.jpg\" alt=\"\" class=\"wp-image-59284\" srcset=\"https:\/\/elmetropolitano.com.gt\/es\/wp-content\/uploads\/2023\/01\/323327293_1173503139952381_4301845621767831718_n.jpg 530w, https:\/\/elmetropolitano.com.gt\/es\/wp-content\/uploads\/2023\/01\/323327293_1173503139952381_4301845621767831718_n-300x198.jpg 300w\" sizes=\"auto, (max-width: 530px) 100vw, 530px\" \/><\/figure>\n<\/figure>\n","protected":false},"excerpt":{"rendered":"<p>La Polic\u00eda Nacional Civil (PNC) inform\u00f3 sobre el hallazgo de 436 paquetes de coca\u00edna en un contenedor procedente de Ecuador. Seg\u00fan el reporte, elementos de la Subdirecci\u00f3n General de An\u00e1lisis de Informaci\u00f3n Antinarc\u00f3tica (SGAIA) localizaron 12 tulas con la sustancia il\u00edcita durante una revisi\u00f3n de rutina, en puerto Quetzal, Escuintla. En seguimiento a los protocolos, <a class=\"read-more\" href=\"https:\/\/elmetropolitano.com.gt\/es\/localizan-436-paquetes-de-cocaina-en-contenedor-procedente-de-ecuador\/\">Leer m\u00e1s<\/a><\/p>\n","protected":false},"author":1,"featured_media":59283,"comment_status":"open","ping_status":"closed","sticky":false,"template":"","format":"standard","meta":{"footnotes":""},"categories":[2],"tags":[12],"class_list":["post-59282","post","type-post","status-publish","format-standard","has-post-thumbnail","hentry","category-nacionales","tag-nacionales"],"_links":{"self":[{"href":"https:\/\/elmetropolitano.com.gt\/es\/wp-json\/wp\/v2\/posts\/59282","targetHints":{"allow":["GET"]}}],"collection":[{"href":"https:\/\/elmetropolitano.com.gt\/es\/wp-json\/wp\/v2\/posts"}],"about":[{"href":"https:\/\/elmetropolitano.com.gt\/es\/wp-json\/wp\/v2\/types\/post"}],"author":[{"embeddable":true,"href":"https:\/\/elmetropolitano.com.gt\/es\/wp-json\/wp\/v2\/users\/1"}],"replies":[{"embeddable":true,"href":"https:\/\/elmetropolitano.com.gt\/es\/wp-json\/wp\/v2\/comments?post=59282"}],"version-history":[{"count":1,"href":"https:\/\/elmetropolitano.com.gt\/es\/wp-json\/wp\/v2\/posts\/59282\/revisions"}],"predecessor-version":[{"id":59287,"href":"https:\/\/elmetropolitano.com.gt\/es\/wp-json\/wp\/v2\/posts\/59282\/revisions\/59287"}],"wp:featuredmedia":[{"embeddable":true,"href":"https:\/\/elmetropolitano.com.gt\/es\/wp-json\/wp\/v2\/media\/59283"}],"wp:attachment":[{"href":"https:\/\/elmetropolitano.com.gt\/es\/wp-json\/wp\/v2\/media?parent=59282"}],"wp:term":[{"taxonomy":"category","embeddable":true,"href":"https:\/\/elmetropolitano.com.gt\/es\/wp-json\/wp\/v2\/categories?post=59282"},{"taxonomy":"post_tag","embeddable":true,"href":"https:\/\/elmetropolitano.com.gt\/es\/wp-json\/wp\/v2\/tags?post=59282"}],"curies":[{"name":"wp","href":"https:\/\/api.w.org\/{rel}","templated":true}]}}