{"id":59303,"date":"2023-01-02T10:16:08","date_gmt":"2023-01-02T16:16:08","guid":{"rendered":"https:\/\/elmetropolitano.com.gt\/es\/?p=59303"},"modified":"2023-01-02T10:16:11","modified_gmt":"2023-01-02T16:16:11","slug":"actor-de-marvel-jeremy-renner-se-encuentra-en-estado-critico-tras-sufrir-un-accidente","status":"publish","type":"post","link":"https:\/\/elmetropolitano.com.gt\/es\/actor-de-marvel-jeremy-renner-se-encuentra-en-estado-critico-tras-sufrir-un-accidente\/","title":{"rendered":"Actor de Marvel Jeremy Renner se encuentra en \u00abestado cr\u00edtico\u00bb tras sufrir un accidente"},"content":{"rendered":"\n<p>El actor y productor estadounidense Jeremy Renner, que interpreta a Ojo de Halc\u00f3n (Hawkeye) en las pel\u00edculas de la factor\u00eda Marvel, se encuentra en situaci\u00f3n \u00abcr\u00edtica, aunque estable\u00bb tras sufrir un accidente quitando nieve.<\/p>\n\n\n\n<p>\u00abPodemos confirmar que Jeremy se encuentra en estado cr\u00edtico pero estable con las lesiones sufridas tras tener un accidente relacionado con las condiciones clim\u00e1ticas <a><\/a>mientras quitaba la nieve ca\u00edda\u00bb, confirm\u00f3 el representante del actor a la revista Variety.<\/p><div class=\"elmet-contenido\" id=\"elmet-372087987\"><div class=\"elmet-adlabel\">Anuncios<\/div><div style=\"margin-top: 20px;margin-right: 20px;margin-bottom: 20px;margin-left: 20px;\" id=\"elmet-3890128340\"><a href=\"https:\/\/www.facebook.com\/arrincuanantigua\/\" aria-label=\"cintillo-arrin-cual\"><img loading=\"lazy\" decoding=\"async\" src=\"https:\/\/elmetropolitano.com.gt\/es\/wp-content\/uploads\/2021\/11\/cintillo-arrin-cual-1.jpg\" alt=\"\"  srcset=\"https:\/\/elmetropolitano.com.gt\/es\/wp-content\/uploads\/2021\/11\/cintillo-arrin-cual-1.jpg 750w, https:\/\/elmetropolitano.com.gt\/es\/wp-content\/uploads\/2021\/11\/cintillo-arrin-cual-1-300x36.jpg 300w, https:\/\/elmetropolitano.com.gt\/es\/wp-content\/uploads\/2021\/11\/cintillo-arrin-cual-1-600x72.jpg 600w\" sizes=\"(max-width: 750px) 100vw, 750px\" width=\"750\" height=\"90\"   \/><\/a><\/div><\/div>\n\n\n\n<p>\u00abSu familia est\u00e1 con \u00e9l y est\u00e1 recibiendo una excelente atenci\u00f3n\u00bb, agreg\u00f3 el representante.<\/p>\n\n\n\n<p>Si bien no se ha confirmado el lugar donde ha sufrido el accidente, la publicaci\u00f3n recuerda que Renner, de 51 a\u00f1os, ha sido propietario de una casa en el condado de Washoe, en el estado de Nevada, durante varios a\u00f1os.<\/p>\n\n\n\n<p>Texto <a rel=\"noreferrer noopener\" href=\"https:\/\/l.facebook.com\/l.php?u=http%3A%2F%2FDE.com%2F%3Ffbclid%3DIwAR2y7ln1tjO18OVOH5JhlX2xd8bpn3-h-2OyuCKgEq0k2_BODWJRgsAVoK8&amp;h=AT0_BcLWNFgJiAtOmIV4EVnX-wYFFv2Iqa_SZsdiIDkpwy6Oqk3P_22obHk4BA5HB43WYj5eNTPMVvTkAcAV63pROS8KJIBLS_8eItuiAEDFRklpOV8SPvbLxMqTI7q0tV9s&amp;__tn__=-UK-R&amp;c[0]=AT2Nq6WH9FaNimTLu1jjivBU5NbfU8hm2blDESe0S2I6sUqWjntJF3Q8c_fxK4f5oHL6BCZqDoc82xn2JRbOXChHvc8KOCtuIqt8UfasYuomXC1J_aEGQCVJy6wao7uL7f_P84sObQczN4JcWC0qZb9zshdchfb3WWptWPgKjPlQrL66Qgp_FCtVm1xghne-SK_eO0ZrEgZ6\" target=\"_blank\">DE.com<\/a><\/p>\n\n\n\n<p>#metroredes<\/p>\n\n\n\n<p><\/p>\n","protected":false},"excerpt":{"rendered":"<p>El actor y productor estadounidense Jeremy Renner, que interpreta a Ojo de Halc\u00f3n (Hawkeye) en las pel\u00edculas de la factor\u00eda Marvel, se encuentra en situaci\u00f3n \u00abcr\u00edtica, aunque estable\u00bb tras sufrir un accidente quitando nieve. \u00abPodemos confirmar que Jeremy se encuentra en estado cr\u00edtico pero estable con las lesiones sufridas tras tener un accidente relacionado con <a class=\"read-more\" href=\"https:\/\/elmetropolitano.com.gt\/es\/actor-de-marvel-jeremy-renner-se-encuentra-en-estado-critico-tras-sufrir-un-accidente\/\">Leer m\u00e1s<\/a><\/p>\n","protected":false},"author":1,"featured_media":59304,"comment_status":"open","ping_status":"closed","sticky":false,"template":"","format":"standard","meta":{"footnotes":""},"categories":[14],"tags":[15],"class_list":["post-59303","post","type-post","status-publish","format-standard","has-post-thumbnail","hentry","category-internacionales","tag-internacionales"],"_links":{"self":[{"href":"https:\/\/elmetropolitano.com.gt\/es\/wp-json\/wp\/v2\/posts\/59303","targetHints":{"allow":["GET"]}}],"collection":[{"href":"https:\/\/elmetropolitano.com.gt\/es\/wp-json\/wp\/v2\/posts"}],"about":[{"href":"https:\/\/elmetropolitano.com.gt\/es\/wp-json\/wp\/v2\/types\/post"}],"author":[{"embeddable":true,"href":"https:\/\/elmetropolitano.com.gt\/es\/wp-json\/wp\/v2\/users\/1"}],"replies":[{"embeddable":true,"href":"https:\/\/elmetropolitano.com.gt\/es\/wp-json\/wp\/v2\/comments?post=59303"}],"version-history":[{"count":1,"href":"https:\/\/elmetropolitano.com.gt\/es\/wp-json\/wp\/v2\/posts\/59303\/revisions"}],"predecessor-version":[{"id":59305,"href":"https:\/\/elmetropolitano.com.gt\/es\/wp-json\/wp\/v2\/posts\/59303\/revisions\/59305"}],"wp:featuredmedia":[{"embeddable":true,"href":"https:\/\/elmetropolitano.com.gt\/es\/wp-json\/wp\/v2\/media\/59304"}],"wp:attachment":[{"href":"https:\/\/elmetropolitano.com.gt\/es\/wp-json\/wp\/v2\/media?parent=59303"}],"wp:term":[{"taxonomy":"category","embeddable":true,"href":"https:\/\/elmetropolitano.com.gt\/es\/wp-json\/wp\/v2\/categories?post=59303"},{"taxonomy":"post_tag","embeddable":true,"href":"https:\/\/elmetropolitano.com.gt\/es\/wp-json\/wp\/v2\/tags?post=59303"}],"curies":[{"name":"wp","href":"https:\/\/api.w.org\/{rel}","templated":true}]}}