{"id":59306,"date":"2023-01-02T10:18:50","date_gmt":"2023-01-02T16:18:50","guid":{"rendered":"https:\/\/elmetropolitano.com.gt\/es\/?p=59306"},"modified":"2023-01-02T10:18:51","modified_gmt":"2023-01-02T16:18:51","slug":"asi-descansa-el-cuerpo-de-benedicto-xvi-en-el-vaticano","status":"publish","type":"post","link":"https:\/\/elmetropolitano.com.gt\/es\/asi-descansa-el-cuerpo-de-benedicto-xvi-en-el-vaticano\/","title":{"rendered":"As\u00ed descansa el cuerpo de Benedicto XVI en el Vaticano"},"content":{"rendered":"\n<p>La Oficina de Prensa de la Santa Sede difundi\u00f3 este 1 de enero las primeras fotos del cuerpo del Papa Em\u00e9rito Benedicto XVI en el Monasterio Mater Ecclesiae del Vaticano.<\/p>\n\n\n\n<p>En <a><\/a>las im\u00e1genes se puede ver a Benedicto XVI recostado en la capilla del monasterio, al pie de una imponente cruz y con reclinatorios para la oraci\u00f3n.<\/p><div class=\"elmet-contenido\" id=\"elmet-869070134\"><div class=\"elmet-adlabel\">Anuncios<\/div><div style=\"margin-top: 20px;margin-right: 20px;margin-bottom: 20px;margin-left: 20px;\" id=\"elmet-2770208917\"><a href=\"https:\/\/www.facebook.com\/arrincuanantigua\/\" aria-label=\"cintillo-arrin-cual\"><img loading=\"lazy\" decoding=\"async\" src=\"https:\/\/elmetropolitano.com.gt\/es\/wp-content\/uploads\/2021\/11\/cintillo-arrin-cual-1.jpg\" alt=\"\"  srcset=\"https:\/\/elmetropolitano.com.gt\/es\/wp-content\/uploads\/2021\/11\/cintillo-arrin-cual-1.jpg 750w, https:\/\/elmetropolitano.com.gt\/es\/wp-content\/uploads\/2021\/11\/cintillo-arrin-cual-1-300x36.jpg 300w, https:\/\/elmetropolitano.com.gt\/es\/wp-content\/uploads\/2021\/11\/cintillo-arrin-cual-1-600x72.jpg 600w\" sizes=\"(max-width: 750px) 100vw, 750px\" width=\"750\" height=\"90\"   \/><\/a><\/div><\/div>\n\n\n\n<p>El Papa Em\u00e9rito falleci\u00f3 a los 95 a\u00f1os el 31 de diciembre a las 9:34 a.m. (hora de Roma) en su casa en el interior del Vaticano.<\/p>\n\n\n\n<p>El funeral de Benedicto XVI ser\u00e1 presidido por el Papa Francisco el jueves 5 de enero de 2023 a las 9:30 a.m. en la Plaza de San Pedro.<\/p>\n\n\n\n<p>A partir de la ma\u00f1ana del lunes 2 de enero, el cuerpo de Benedicto XVI estar\u00e1 en la Bas\u00edlica de San Pedro para que los fieles puedan tener \u201cun \u00faltimo encuentro con el Papa Em\u00e9rito, para saludarlo y para decirle adi\u00f3s\u201d, inform\u00f3 el director de la Oficina de Prensa de la Santa Sede, Matteo Bruni.<\/p>\n\n\n\n<p>Por su parte, el Papa Francisco destac\u00f3 el 31 de diciembre el \u201ctestimonio de fe y de oraci\u00f3n\u201d de Benedicto XVI.<\/p>\n\n\n\n<p>Durante el rezo del tradicional Te Deum, Francisco destac\u00f3 el legado del Papa Em\u00e9rito Benedicto XVI y agradeci\u00f3 a Dios \u201cpor haberlo donado a la Iglesia y al mundo\u201d.<\/p>\n\n\n\n<p>\u201cSolo Dios conoce el valor y la fuerza de su intercesi\u00f3n, de sus sacrificios ofrecidos por el bien de la Iglesia\u201d, se\u00f1al\u00f3 entonces el Santo Padre.<\/p>\n\n\n\n<p>Texto Mercedes de la Torre<\/p>\n\n\n\n<p>ACI Prensa<\/p>\n\n\n\n<p>#metroredes<\/p>\n\n\n\n<figure class=\"wp-block-gallery has-nested-images columns-default is-cropped wp-block-gallery-1 is-layout-flex wp-block-gallery-is-layout-flex\">\n<figure class=\"wp-block-image size-large\"><img loading=\"lazy\" decoding=\"async\" width=\"500\" height=\"281\" data-id=\"59308\" src=\"https:\/\/elmetropolitano.com.gt\/es\/wp-content\/uploads\/2023\/01\/323161720_885875149110744_5764460241961074899_n.jpg\" alt=\"\" class=\"wp-image-59308\" srcset=\"https:\/\/elmetropolitano.com.gt\/es\/wp-content\/uploads\/2023\/01\/323161720_885875149110744_5764460241961074899_n.jpg 500w, https:\/\/elmetropolitano.com.gt\/es\/wp-content\/uploads\/2023\/01\/323161720_885875149110744_5764460241961074899_n-300x169.jpg 300w\" sizes=\"auto, (max-width: 500px) 100vw, 500px\" \/><\/figure>\n\n\n\n<figure class=\"wp-block-image size-large\"><img loading=\"lazy\" decoding=\"async\" width=\"823\" height=\"549\" data-id=\"59309\" src=\"https:\/\/elmetropolitano.com.gt\/es\/wp-content\/uploads\/2023\/01\/323206188_677954037120817_3444196105074871668_n.jpg\" alt=\"\" class=\"wp-image-59309\" srcset=\"https:\/\/elmetropolitano.com.gt\/es\/wp-content\/uploads\/2023\/01\/323206188_677954037120817_3444196105074871668_n.jpg 823w, https:\/\/elmetropolitano.com.gt\/es\/wp-content\/uploads\/2023\/01\/323206188_677954037120817_3444196105074871668_n-300x200.jpg 300w, https:\/\/elmetropolitano.com.gt\/es\/wp-content\/uploads\/2023\/01\/323206188_677954037120817_3444196105074871668_n-768x512.jpg 768w, https:\/\/elmetropolitano.com.gt\/es\/wp-content\/uploads\/2023\/01\/323206188_677954037120817_3444196105074871668_n-600x400.jpg 600w\" sizes=\"auto, (max-width: 823px) 100vw, 823px\" \/><\/figure>\n<\/figure>\n","protected":false},"excerpt":{"rendered":"<p>La Oficina de Prensa de la Santa Sede difundi\u00f3 este 1 de enero las primeras fotos del cuerpo del Papa Em\u00e9rito Benedicto XVI en el Monasterio Mater Ecclesiae del Vaticano. En las im\u00e1genes se puede ver a Benedicto XVI recostado en la capilla del monasterio, al pie de una imponente cruz y con reclinatorios para <a class=\"read-more\" href=\"https:\/\/elmetropolitano.com.gt\/es\/asi-descansa-el-cuerpo-de-benedicto-xvi-en-el-vaticano\/\">Leer m\u00e1s<\/a><\/p>\n","protected":false},"author":1,"featured_media":59307,"comment_status":"open","ping_status":"closed","sticky":false,"template":"","format":"standard","meta":{"footnotes":""},"categories":[14],"tags":[15],"class_list":["post-59306","post","type-post","status-publish","format-standard","has-post-thumbnail","hentry","category-internacionales","tag-internacionales"],"_links":{"self":[{"href":"https:\/\/elmetropolitano.com.gt\/es\/wp-json\/wp\/v2\/posts\/59306","targetHints":{"allow":["GET"]}}],"collection":[{"href":"https:\/\/elmetropolitano.com.gt\/es\/wp-json\/wp\/v2\/posts"}],"about":[{"href":"https:\/\/elmetropolitano.com.gt\/es\/wp-json\/wp\/v2\/types\/post"}],"author":[{"embeddable":true,"href":"https:\/\/elmetropolitano.com.gt\/es\/wp-json\/wp\/v2\/users\/1"}],"replies":[{"embeddable":true,"href":"https:\/\/elmetropolitano.com.gt\/es\/wp-json\/wp\/v2\/comments?post=59306"}],"version-history":[{"count":1,"href":"https:\/\/elmetropolitano.com.gt\/es\/wp-json\/wp\/v2\/posts\/59306\/revisions"}],"predecessor-version":[{"id":59310,"href":"https:\/\/elmetropolitano.com.gt\/es\/wp-json\/wp\/v2\/posts\/59306\/revisions\/59310"}],"wp:featuredmedia":[{"embeddable":true,"href":"https:\/\/elmetropolitano.com.gt\/es\/wp-json\/wp\/v2\/media\/59307"}],"wp:attachment":[{"href":"https:\/\/elmetropolitano.com.gt\/es\/wp-json\/wp\/v2\/media?parent=59306"}],"wp:term":[{"taxonomy":"category","embeddable":true,"href":"https:\/\/elmetropolitano.com.gt\/es\/wp-json\/wp\/v2\/categories?post=59306"},{"taxonomy":"post_tag","embeddable":true,"href":"https:\/\/elmetropolitano.com.gt\/es\/wp-json\/wp\/v2\/tags?post=59306"}],"curies":[{"name":"wp","href":"https:\/\/api.w.org\/{rel}","templated":true}]}}