{"id":59326,"date":"2023-01-03T10:02:32","date_gmt":"2023-01-03T16:02:32","guid":{"rendered":"https:\/\/elmetropolitano.com.gt\/es\/?p=59326"},"modified":"2023-01-03T10:02:34","modified_gmt":"2023-01-03T16:02:34","slug":"leo-fabian-el-primer-bebe-nacido-en-el-igss-este-ano","status":"publish","type":"post","link":"https:\/\/elmetropolitano.com.gt\/es\/leo-fabian-el-primer-bebe-nacido-en-el-igss-este-ano\/","title":{"rendered":"Leo Fabi\u00e1n, el primer beb\u00e9 nacido en el IGSS este a\u00f1o"},"content":{"rendered":"\n<p>El Instituto Guatemalteco de Seguridad Social (IGSS) dio la bienvenida al primer beb\u00e9 de 2023 en el hospital de gineco obstetricia, en la zona 12 capitalina.<\/p>\n\n\n\n<p>La <a><\/a>entidad dio a conocer que el 31 de diciembre de 2022 lleg\u00f3 al centro asistencial Estefany Garc\u00eda, con trabajo de parto. Despu\u00e9s de la evaluaci\u00f3n correspondientes, los m\u00e9dicos le informaron sobre la necesidad de practicar una ces\u00e1rea.<\/p><div class=\"elmet-contenido\" id=\"elmet-1953851508\"><div class=\"elmet-adlabel\">Anuncios<\/div><div style=\"margin-top: 20px;margin-right: 20px;margin-bottom: 20px;margin-left: 20px;\" id=\"elmet-87212792\"><a href=\"https:\/\/www.facebook.com\/arrincuanantigua\/\" aria-label=\"cintillo-arrin-cual\"><img loading=\"lazy\" decoding=\"async\" src=\"https:\/\/elmetropolitano.com.gt\/es\/wp-content\/uploads\/2021\/11\/cintillo-arrin-cual-1.jpg\" alt=\"\"  srcset=\"https:\/\/elmetropolitano.com.gt\/es\/wp-content\/uploads\/2021\/11\/cintillo-arrin-cual-1.jpg 750w, https:\/\/elmetropolitano.com.gt\/es\/wp-content\/uploads\/2021\/11\/cintillo-arrin-cual-1-300x36.jpg 300w, https:\/\/elmetropolitano.com.gt\/es\/wp-content\/uploads\/2021\/11\/cintillo-arrin-cual-1-600x72.jpg 600w\" sizes=\"(max-width: 750px) 100vw, 750px\" width=\"750\" height=\"90\"   \/><\/a><\/div><\/div>\n\n\n\n<p>El procedimiento se llev\u00f3 a cabo para garantizar el bienestra de la madre y su beb\u00e9. Fue en los primeros siete segundos de este a\u00f1o cuando se dio la bienvenida a Leo Fabi\u00e1n, quien se convirti\u00f3 en el primer beb\u00e9 en ser recibio en la instituci\u00f3n en 2023.<\/p>\n\n\n\n<p>El peque\u00f1o pes\u00f3 7 libras con 4 onzas y su estado de salud es \u00f3ptimo, indic\u00f3 la doctora Cinthia Colindres, cuyo equipo estuvo a cargo de la asistencia.<\/p>\n\n\n\n<p>Cada vez que nace un beb\u00e9 nos trae el mensaje de que Dios renueva esa esperanza en la humanidad, expres\u00f3 un miembro del personal de turno del hospital.<\/p>\n\n\n\n<p>La madre agradeci\u00f3 la atenci\u00f3n que le brindaron los m\u00e9dicos y calific\u00f3 de bendici\u00f3n recibir el a\u00f1o con su hijo en brazos. Seg\u00fan el pap\u00e1 del reci\u00e9n nacido, se trata de su primog\u00e9nito.<\/p>\n\n\n\n<p>Atenci\u00f3n de embarazos<\/p>\n\n\n\n<p>El hospital de gineco obstetricia del IGSS se encuentra en colinas de Pamplona y, seg\u00fan sus registros, atiende unaproximado de mil nacimientos al mes.<\/p>\n\n\n\n<p>Solo en el 2022 se asistieron 10 mil 877 partos normales. Adem\u00e1s, se registraron 99 nacimientos de gemelos y 7 trillizos.<\/p>\n\n\n\n<p>Texto: Veylin Herrera<\/p>\n\n\n\n<p><a href=\"https:\/\/www.facebook.com\/hashtag\/metroredes?__eep__=6&amp;__cft__[0]=AZVLblzrWApHBK12_HTGXYFwSP-GmegvmXXJgeXpVg2ReBg8TAotKmOTVNeZyLLZSo4Pf9NOpZjfX9-4W-O02xh_VL4ERYtEF5Vfpt8KhFh3otdP8RLtnn6zfN3BwF1M7uCYT5n4cfrqngoAk5Dv7cSnmh0Wv6aqKJHQE4sNZ1m5sRKi-IzbbJ5h7BYY40Kkdec&amp;__tn__=*NK-R\">#metroredes<\/a><a href=\"https:\/\/www.facebook.com\/hashtag\/igss?__eep__=6&amp;__cft__[0]=AZVLblzrWApHBK12_HTGXYFwSP-GmegvmXXJgeXpVg2ReBg8TAotKmOTVNeZyLLZSo4Pf9NOpZjfX9-4W-O02xh_VL4ERYtEF5Vfpt8KhFh3otdP8RLtnn6zfN3BwF1M7uCYT5n4cfrqngoAk5Dv7cSnmh0Wv6aqKJHQE4sNZ1m5sRKi-IzbbJ5h7BYY40Kkdec&amp;__tn__=*NK-R\">#IGSS<\/a><a href=\"https:\/\/www.facebook.com\/hashtag\/agn?__eep__=6&amp;__cft__[0]=AZVLblzrWApHBK12_HTGXYFwSP-GmegvmXXJgeXpVg2ReBg8TAotKmOTVNeZyLLZSo4Pf9NOpZjfX9-4W-O02xh_VL4ERYtEF5Vfpt8KhFh3otdP8RLtnn6zfN3BwF1M7uCYT5n4cfrqngoAk5Dv7cSnmh0Wv6aqKJHQE4sNZ1m5sRKi-IzbbJ5h7BYY40Kkdec&amp;__tn__=*NK-R\">#Agn<\/a><\/p>\n\n\n\n<p><\/p>\n","protected":false},"excerpt":{"rendered":"<p>El Instituto Guatemalteco de Seguridad Social (IGSS) dio la bienvenida al primer beb\u00e9 de 2023 en el hospital de gineco obstetricia, en la zona 12 capitalina. La entidad dio a conocer que el 31 de diciembre de 2022 lleg\u00f3 al centro asistencial Estefany Garc\u00eda, con trabajo de parto. Despu\u00e9s de la evaluaci\u00f3n correspondientes, los m\u00e9dicos <a class=\"read-more\" href=\"https:\/\/elmetropolitano.com.gt\/es\/leo-fabian-el-primer-bebe-nacido-en-el-igss-este-ano\/\">Leer m\u00e1s<\/a><\/p>\n","protected":false},"author":1,"featured_media":59327,"comment_status":"open","ping_status":"closed","sticky":false,"template":"","format":"standard","meta":{"footnotes":""},"categories":[2],"tags":[12],"class_list":["post-59326","post","type-post","status-publish","format-standard","has-post-thumbnail","hentry","category-nacionales","tag-nacionales"],"_links":{"self":[{"href":"https:\/\/elmetropolitano.com.gt\/es\/wp-json\/wp\/v2\/posts\/59326","targetHints":{"allow":["GET"]}}],"collection":[{"href":"https:\/\/elmetropolitano.com.gt\/es\/wp-json\/wp\/v2\/posts"}],"about":[{"href":"https:\/\/elmetropolitano.com.gt\/es\/wp-json\/wp\/v2\/types\/post"}],"author":[{"embeddable":true,"href":"https:\/\/elmetropolitano.com.gt\/es\/wp-json\/wp\/v2\/users\/1"}],"replies":[{"embeddable":true,"href":"https:\/\/elmetropolitano.com.gt\/es\/wp-json\/wp\/v2\/comments?post=59326"}],"version-history":[{"count":1,"href":"https:\/\/elmetropolitano.com.gt\/es\/wp-json\/wp\/v2\/posts\/59326\/revisions"}],"predecessor-version":[{"id":59328,"href":"https:\/\/elmetropolitano.com.gt\/es\/wp-json\/wp\/v2\/posts\/59326\/revisions\/59328"}],"wp:featuredmedia":[{"embeddable":true,"href":"https:\/\/elmetropolitano.com.gt\/es\/wp-json\/wp\/v2\/media\/59327"}],"wp:attachment":[{"href":"https:\/\/elmetropolitano.com.gt\/es\/wp-json\/wp\/v2\/media?parent=59326"}],"wp:term":[{"taxonomy":"category","embeddable":true,"href":"https:\/\/elmetropolitano.com.gt\/es\/wp-json\/wp\/v2\/categories?post=59326"},{"taxonomy":"post_tag","embeddable":true,"href":"https:\/\/elmetropolitano.com.gt\/es\/wp-json\/wp\/v2\/tags?post=59326"}],"curies":[{"name":"wp","href":"https:\/\/api.w.org\/{rel}","templated":true}]}}