{"id":59329,"date":"2023-01-03T13:02:08","date_gmt":"2023-01-03T19:02:08","guid":{"rendered":"https:\/\/elmetropolitano.com.gt\/es\/?p=59329"},"modified":"2023-01-03T13:02:10","modified_gmt":"2023-01-03T19:02:10","slug":"retomaran-trabajos-en-calle-minerva","status":"publish","type":"post","link":"https:\/\/elmetropolitano.com.gt\/es\/retomaran-trabajos-en-calle-minerva\/","title":{"rendered":"Retomar\u00e1n trabajos en calle Minerva"},"content":{"rendered":"\n<p>En los pr\u00f3ximos d\u00edas se retomar\u00e1 el cambio de asfalto en la calle Minerva, en Cob\u00e1n, Alta Verapaz, con el fin de optimizar la principal ruta de acceso al municipio.<\/p>\n\n\n\n<p>Se <a><\/a>trata de uno de los proyectos que ejecuta el Ministerio de Comunicaciones, Infraestructura y Vivienda (CIV), en el marco de la Ley para Fortalecer el Mantenimiento y Construcci\u00f3n de Infraestructura Estrat\u00e9gica.<\/p><div class=\"elmet-contenido\" id=\"elmet-971714463\"><div class=\"elmet-adlabel\">Anuncios<\/div><div style=\"margin-top: 20px;margin-right: 20px;margin-bottom: 20px;margin-left: 20px;\" id=\"elmet-1979485376\"><a href=\"https:\/\/www.facebook.com\/arrincuanantigua\/\" aria-label=\"cintillo-arrin-cual\"><img loading=\"lazy\" decoding=\"async\" src=\"https:\/\/elmetropolitano.com.gt\/es\/wp-content\/uploads\/2021\/11\/cintillo-arrin-cual-1.jpg\" alt=\"\"  srcset=\"https:\/\/elmetropolitano.com.gt\/es\/wp-content\/uploads\/2021\/11\/cintillo-arrin-cual-1.jpg 750w, https:\/\/elmetropolitano.com.gt\/es\/wp-content\/uploads\/2021\/11\/cintillo-arrin-cual-1-300x36.jpg 300w, https:\/\/elmetropolitano.com.gt\/es\/wp-content\/uploads\/2021\/11\/cintillo-arrin-cual-1-600x72.jpg 600w\" sizes=\"(max-width: 750px) 100vw, 750px\" width=\"750\" height=\"90\"   \/><\/a><\/div><\/div>\n\n\n\n<p>Las autoridades ediles indicaron que los trabajos se suspendieron temporalmente tras finalizar el recapeo de uno de los tramos, para no afectar la movilidad durante las fiestas navide\u00f1as y de fin de a\u00f1o.<\/p>\n\n\n\n<p>De esta cuenta, este mes se continuar\u00e1 con la perfilaci\u00f3n o levantado de la antigua capa de asfalto para colocar una nueva en el resto de la v\u00eda. Seg\u00fan se inform\u00f3, mediante las supervisiones correspondientes se velar\u00e1 por que no haya retrasos.<\/p>\n\n\n\n<p>Se acord\u00f3 que, para la continuaci\u00f3n del proyecto, se vaya colocando la nueva capa de asfalto conforme se levanta la existente, se inform\u00f3.<\/p>\n\n\n\n<p>En contexto<\/p>\n\n\n\n<p>Los trabajos en la calle Minerva se ejecuta por medio de la Ley para Fortalecer el Mantenimiento y Construcci\u00f3n de Infraestructura Estrat\u00e9gica, contenida en el Decreto 21-2022.<\/p>\n\n\n\n<p>La norma tiene como objeto reforzar las acciones para la recuperaci\u00f3n de la red vial del pa\u00eds y as\u00ed contribuir a la econom\u00eda, competitividad y turismo. El Congreso de la Rep\u00fablica la aprob\u00f3 en marzo y fue propuesta por el Ejecutivo.<\/p>\n\n\n\n<p>De acuerdo con el Gobierno central, la finalidad principal es propiciar mejores condiciones de vida a la poblaci\u00f3n, pues esto impacta en el desarrollo social.<\/p>\n\n\n\n<p>A nivel nacional est\u00e1n en marcha diversos proyectos, que van desde la rehabilitaci\u00f3n de tramos hasta la construcci\u00f3n de puentes. Entre las rutas que buscan mejorarse destacan las centroamericanas que colindan con fronteras.<\/p>\n\n\n\n<p>Texto: Andony Coronado<\/p>\n\n\n\n<figure class=\"wp-block-gallery has-nested-images columns-default is-cropped wp-block-gallery-1 is-layout-flex wp-block-gallery-is-layout-flex\">\n<figure class=\"wp-block-image size-large\"><img loading=\"lazy\" decoding=\"async\" width=\"1024\" height=\"498\" data-id=\"59331\" src=\"https:\/\/elmetropolitano.com.gt\/es\/wp-content\/uploads\/2023\/01\/321974752_916136556219726_4389666360300262465_n-1024x498.jpg\" alt=\"\" class=\"wp-image-59331\" srcset=\"https:\/\/elmetropolitano.com.gt\/es\/wp-content\/uploads\/2023\/01\/321974752_916136556219726_4389666360300262465_n-1024x498.jpg 1024w, https:\/\/elmetropolitano.com.gt\/es\/wp-content\/uploads\/2023\/01\/321974752_916136556219726_4389666360300262465_n-300x146.jpg 300w, https:\/\/elmetropolitano.com.gt\/es\/wp-content\/uploads\/2023\/01\/321974752_916136556219726_4389666360300262465_n-768x373.jpg 768w, https:\/\/elmetropolitano.com.gt\/es\/wp-content\/uploads\/2023\/01\/321974752_916136556219726_4389666360300262465_n-600x292.jpg 600w, https:\/\/elmetropolitano.com.gt\/es\/wp-content\/uploads\/2023\/01\/321974752_916136556219726_4389666360300262465_n.jpg 1132w\" sizes=\"auto, (max-width: 1024px) 100vw, 1024px\" \/><\/figure>\n<\/figure>\n","protected":false},"excerpt":{"rendered":"<p>En los pr\u00f3ximos d\u00edas se retomar\u00e1 el cambio de asfalto en la calle Minerva, en Cob\u00e1n, Alta Verapaz, con el fin de optimizar la principal ruta de acceso al municipio. Se trata de uno de los proyectos que ejecuta el Ministerio de Comunicaciones, Infraestructura y Vivienda (CIV), en el marco de la Ley para Fortalecer <a class=\"read-more\" href=\"https:\/\/elmetropolitano.com.gt\/es\/retomaran-trabajos-en-calle-minerva\/\">Leer m\u00e1s<\/a><\/p>\n","protected":false},"author":1,"featured_media":59330,"comment_status":"open","ping_status":"closed","sticky":false,"template":"","format":"standard","meta":{"footnotes":""},"categories":[4],"tags":[13],"class_list":["post-59329","post","type-post","status-publish","format-standard","has-post-thumbnail","hentry","category-departamentales","tag-departamentales"],"_links":{"self":[{"href":"https:\/\/elmetropolitano.com.gt\/es\/wp-json\/wp\/v2\/posts\/59329","targetHints":{"allow":["GET"]}}],"collection":[{"href":"https:\/\/elmetropolitano.com.gt\/es\/wp-json\/wp\/v2\/posts"}],"about":[{"href":"https:\/\/elmetropolitano.com.gt\/es\/wp-json\/wp\/v2\/types\/post"}],"author":[{"embeddable":true,"href":"https:\/\/elmetropolitano.com.gt\/es\/wp-json\/wp\/v2\/users\/1"}],"replies":[{"embeddable":true,"href":"https:\/\/elmetropolitano.com.gt\/es\/wp-json\/wp\/v2\/comments?post=59329"}],"version-history":[{"count":1,"href":"https:\/\/elmetropolitano.com.gt\/es\/wp-json\/wp\/v2\/posts\/59329\/revisions"}],"predecessor-version":[{"id":59332,"href":"https:\/\/elmetropolitano.com.gt\/es\/wp-json\/wp\/v2\/posts\/59329\/revisions\/59332"}],"wp:featuredmedia":[{"embeddable":true,"href":"https:\/\/elmetropolitano.com.gt\/es\/wp-json\/wp\/v2\/media\/59330"}],"wp:attachment":[{"href":"https:\/\/elmetropolitano.com.gt\/es\/wp-json\/wp\/v2\/media?parent=59329"}],"wp:term":[{"taxonomy":"category","embeddable":true,"href":"https:\/\/elmetropolitano.com.gt\/es\/wp-json\/wp\/v2\/categories?post=59329"},{"taxonomy":"post_tag","embeddable":true,"href":"https:\/\/elmetropolitano.com.gt\/es\/wp-json\/wp\/v2\/tags?post=59329"}],"curies":[{"name":"wp","href":"https:\/\/api.w.org\/{rel}","templated":true}]}}