{"id":59342,"date":"2023-01-03T14:16:06","date_gmt":"2023-01-03T20:16:06","guid":{"rendered":"https:\/\/elmetropolitano.com.gt\/es\/?p=59342"},"modified":"2023-01-03T14:16:08","modified_gmt":"2023-01-03T20:16:08","slug":"centro-de-acopio-incrementa-productividad-y-competitividad-de-agricultores-jutiapanecos","status":"publish","type":"post","link":"https:\/\/elmetropolitano.com.gt\/es\/centro-de-acopio-incrementa-productividad-y-competitividad-de-agricultores-jutiapanecos\/","title":{"rendered":"Centro de acopio incrementa productividad y competitividad de agricultores jutiapanecos"},"content":{"rendered":"\n<p>Hace menos de tres meses que el Ministerio de Agricultura, Ganader\u00eda y Alimentaci\u00f3n (MAGA) entreg\u00f3 a productores de El Progreso, Jutiapa, un centro de acopio que ha permitido mejorar sus capacidades de almacenaje y comercializaci\u00f3n.<\/p>\n\n\n\n<p>Carlos Sosa, presidente de la Asociaci\u00f3n de Desarrollo Integral Agropecuario (Asodiagro) de la regi\u00f3n suroriente, indic\u00f3 que los m\u00e1s de 35 miembros de la entidad <a><\/a>y otras 200 familias buscan sacarle el mejor provecho al recinto. Este se ubica en la aldea El Ovejero.<\/p><div class=\"elmet-contenido\" id=\"elmet-1794605428\"><div class=\"elmet-adlabel\">Anuncios<\/div><div style=\"margin-top: 20px;margin-right: 20px;margin-bottom: 20px;margin-left: 20px;\" id=\"elmet-571107178\"><a href=\"https:\/\/www.facebook.com\/arrincuanantigua\/\" aria-label=\"cintillo-arrin-cual\"><img loading=\"lazy\" decoding=\"async\" src=\"https:\/\/elmetropolitano.com.gt\/es\/wp-content\/uploads\/2021\/11\/cintillo-arrin-cual-1.jpg\" alt=\"\"  srcset=\"https:\/\/elmetropolitano.com.gt\/es\/wp-content\/uploads\/2021\/11\/cintillo-arrin-cual-1.jpg 750w, https:\/\/elmetropolitano.com.gt\/es\/wp-content\/uploads\/2021\/11\/cintillo-arrin-cual-1-300x36.jpg 300w, https:\/\/elmetropolitano.com.gt\/es\/wp-content\/uploads\/2021\/11\/cintillo-arrin-cual-1-600x72.jpg 600w\" sizes=\"(max-width: 750px) 100vw, 750px\" width=\"750\" height=\"90\"   \/><\/a><\/div><\/div>\n\n\n\n<p>Seg\u00fan dijo, contar con estas instalaciones ayuda a resguardar y distribuir sus productos a cadenas de supermercados de manera directa, por lo cual no se necesitan intermediarios.<\/p>\n\n\n\n<p>Hasta mediados de este mes se ten\u00edan sembradas 500 manzanas de cebolla, lo que representar\u00eda un estimado de 30 mil quintales. Tambi\u00e9n se registraban 10 manzanas de ejote franc\u00e9s, que producir\u00e1n unos 20 mil quintales.<\/p>\n\n\n\n<p>Puesto que se trata de un inmueble equipado con todo lo necesario, ah\u00ed se puede no solo guardar la mercader\u00eda, sino tambi\u00e9n clasificarla, transformarla, empacarla y repartirla.<\/p>\n\n\n\n<p>El centro de acopio cuenta con 3 mil 500 metros cuadrados de construcci\u00f3n, que incluye 2 m\u00f3dulos individuales de almacenamiento, cada uno con capacidad para 7 mil quintales.<\/p>\n\n\n\n<p>Adem\u00e1s, est\u00e1n a disposici\u00f3n dos cuartos fr\u00edos y un \u00e1rea de carga y descarga, con posibilidad de ser ampliada, seg\u00fan las necesidades.<\/p>\n\n\n\n<p>La producci\u00f3n<\/p>\n\n\n\n<p>Los productores agr\u00edcolas de la aldea El Ovejero siembran especialmente cebolla, pepino, tomate y chile dulce. De acuerdo con lo previsto, estas cosechas se dar\u00e1n durante la \u00faltima semana de febrero y la primera de marzo.<\/p>\n\n\n\n<p>Estimaciones de Asodiagro indican que en el \u00e1rea se cultivan unas 600 manzanas de cebolla, que representan una producci\u00f3n anual de 420 mil quintales, los cuales se destinan principalmente para la ciudad de Guatemala y El Salvador.<\/p>\n\n\n\n<p>Adem\u00e1s, para el pr\u00f3ximo a\u00f1o se incursionar\u00e1 en la comercializaci\u00f3n de elote dulce. Sosa coment\u00f3 que ya hay 30 manzanas sembradas, lo cual les permitir\u00e1 sacar al mercado unas 24 mil bandejas de 4 unidades cada una.<\/p>\n\n\n\n<p>Compromiso de Gobierno<\/p>\n\n\n\n<p>El Centro de Acopio, Transformaci\u00f3n y Distribuci\u00f3n de Hortalizas tuvo un costo de 5.2 millones de quetzales y fue financiado por el MAGA. Se entreg\u00f3 el 7 de octubre en un acto encabezado por el presidente Alejandro Giammattei.<\/p>\n\n\n\n<p>En esa ocasi\u00f3n, el jefe de Estado destac\u00f3 la importancia del recinto para incrementar la productividad, competitividad y rentabilidad de los agricultores. Adem\u00e1s, destac\u00f3 que permitir\u00e1 almacenar productos cuando los precios del mercado no sean favorables.<\/p>\n\n\n\n<p>Tanto autoridades como beneficiarios coincidieron en que con el funcionamiento del lugar se apoya el desarrollo econ\u00f3mico y la generaci\u00f3n de empleo.<\/p>\n\n\n\n<p><a href=\"https:\/\/www.facebook.com\/hashtag\/centrodeacopio?__eep__=6&amp;__cft__[0]=AZVEzuzYaDYMTeonrBnkGufHwzeE3WBOxa8v5zU2_j-VMQexHVvZljGOxFckjto5bo57czrItXA40S7CW_B2c22lmuU1Kz2COSC8c3SYIvjjhdQIP0a4Qopgcg4xBmE7PsxesLv2YXCbF8GnFM7Z8c-b9YT3bB0-hLCd1RexkphU8AUxJP_oUhaOLeRM_VAQk1o&amp;__tn__=*NK-R\">#CentroDeAcopio<\/a><a href=\"https:\/\/www.facebook.com\/hashtag\/jutiap%C3%A1?__eep__=6&amp;__cft__[0]=AZVEzuzYaDYMTeonrBnkGufHwzeE3WBOxa8v5zU2_j-VMQexHVvZljGOxFckjto5bo57czrItXA40S7CW_B2c22lmuU1Kz2COSC8c3SYIvjjhdQIP0a4Qopgcg4xBmE7PsxesLv2YXCbF8GnFM7Z8c-b9YT3bB0-hLCd1RexkphU8AUxJP_oUhaOLeRM_VAQk1o&amp;__tn__=*NK-R\">#Jutiap\u00e1<\/a><a href=\"https:\/\/www.facebook.com\/hashtag\/metroredes?__eep__=6&amp;__cft__[0]=AZVEzuzYaDYMTeonrBnkGufHwzeE3WBOxa8v5zU2_j-VMQexHVvZljGOxFckjto5bo57czrItXA40S7CW_B2c22lmuU1Kz2COSC8c3SYIvjjhdQIP0a4Qopgcg4xBmE7PsxesLv2YXCbF8GnFM7Z8c-b9YT3bB0-hLCd1RexkphU8AUxJP_oUhaOLeRM_VAQk1o&amp;__tn__=*NK-R\">#metroredes<\/a><a href=\"https:\/\/www.facebook.com\/hashtag\/elagrochapin?__eep__=6&amp;__cft__[0]=AZVEzuzYaDYMTeonrBnkGufHwzeE3WBOxa8v5zU2_j-VMQexHVvZljGOxFckjto5bo57czrItXA40S7CW_B2c22lmuU1Kz2COSC8c3SYIvjjhdQIP0a4Qopgcg4xBmE7PsxesLv2YXCbF8GnFM7Z8c-b9YT3bB0-hLCd1RexkphU8AUxJP_oUhaOLeRM_VAQk1o&amp;__tn__=*NK-R\">#elagrochapin<\/a><\/p>\n\n\n\n<figure class=\"wp-block-gallery has-nested-images columns-default is-cropped wp-block-gallery-1 is-layout-flex wp-block-gallery-is-layout-flex\">\n<figure class=\"wp-block-image size-large\"><img loading=\"lazy\" decoding=\"async\" width=\"642\" height=\"344\" data-id=\"59344\" src=\"https:\/\/elmetropolitano.com.gt\/es\/wp-content\/uploads\/2023\/01\/323285408_704707321442414_4947872575412300642_n.jpg\" alt=\"\" class=\"wp-image-59344\" srcset=\"https:\/\/elmetropolitano.com.gt\/es\/wp-content\/uploads\/2023\/01\/323285408_704707321442414_4947872575412300642_n.jpg 642w, https:\/\/elmetropolitano.com.gt\/es\/wp-content\/uploads\/2023\/01\/323285408_704707321442414_4947872575412300642_n-300x161.jpg 300w, https:\/\/elmetropolitano.com.gt\/es\/wp-content\/uploads\/2023\/01\/323285408_704707321442414_4947872575412300642_n-600x321.jpg 600w\" sizes=\"auto, (max-width: 642px) 100vw, 642px\" \/><\/figure>\n\n\n\n<figure class=\"wp-block-image size-large\"><img loading=\"lazy\" decoding=\"async\" width=\"750\" height=\"394\" data-id=\"59345\" src=\"https:\/\/elmetropolitano.com.gt\/es\/wp-content\/uploads\/2023\/01\/323420511_965168204464435_3043957941320919386_n.jpg\" alt=\"\" class=\"wp-image-59345\" srcset=\"https:\/\/elmetropolitano.com.gt\/es\/wp-content\/uploads\/2023\/01\/323420511_965168204464435_3043957941320919386_n.jpg 750w, https:\/\/elmetropolitano.com.gt\/es\/wp-content\/uploads\/2023\/01\/323420511_965168204464435_3043957941320919386_n-300x158.jpg 300w, https:\/\/elmetropolitano.com.gt\/es\/wp-content\/uploads\/2023\/01\/323420511_965168204464435_3043957941320919386_n-600x315.jpg 600w\" sizes=\"auto, (max-width: 750px) 100vw, 750px\" \/><\/figure>\n\n\n\n<figure class=\"wp-block-image size-large\"><img loading=\"lazy\" decoding=\"async\" width=\"768\" height=\"768\" data-id=\"59348\" src=\"https:\/\/elmetropolitano.com.gt\/es\/wp-content\/uploads\/2023\/01\/323453285_564221201887812_6559665498998226750_n.jpg\" alt=\"\" class=\"wp-image-59348\" srcset=\"https:\/\/elmetropolitano.com.gt\/es\/wp-content\/uploads\/2023\/01\/323453285_564221201887812_6559665498998226750_n.jpg 768w, https:\/\/elmetropolitano.com.gt\/es\/wp-content\/uploads\/2023\/01\/323453285_564221201887812_6559665498998226750_n-300x300.jpg 300w, https:\/\/elmetropolitano.com.gt\/es\/wp-content\/uploads\/2023\/01\/323453285_564221201887812_6559665498998226750_n-150x150.jpg 150w, https:\/\/elmetropolitano.com.gt\/es\/wp-content\/uploads\/2023\/01\/323453285_564221201887812_6559665498998226750_n-600x600.jpg 600w, https:\/\/elmetropolitano.com.gt\/es\/wp-content\/uploads\/2023\/01\/323453285_564221201887812_6559665498998226750_n-100x100.jpg 100w\" sizes=\"auto, (max-width: 768px) 100vw, 768px\" \/><\/figure>\n\n\n\n<figure class=\"wp-block-image size-large\"><img loading=\"lazy\" decoding=\"async\" width=\"768\" height=\"584\" data-id=\"59346\" src=\"https:\/\/elmetropolitano.com.gt\/es\/wp-content\/uploads\/2023\/01\/323579843_1533388427146190_3684371571288310247_n.jpg\" alt=\"\" class=\"wp-image-59346\" srcset=\"https:\/\/elmetropolitano.com.gt\/es\/wp-content\/uploads\/2023\/01\/323579843_1533388427146190_3684371571288310247_n.jpg 768w, https:\/\/elmetropolitano.com.gt\/es\/wp-content\/uploads\/2023\/01\/323579843_1533388427146190_3684371571288310247_n-300x228.jpg 300w, https:\/\/elmetropolitano.com.gt\/es\/wp-content\/uploads\/2023\/01\/323579843_1533388427146190_3684371571288310247_n-600x456.jpg 600w\" sizes=\"auto, (max-width: 768px) 100vw, 768px\" \/><\/figure>\n\n\n\n<figure class=\"wp-block-image size-large\"><img loading=\"lazy\" decoding=\"async\" width=\"892\" height=\"506\" data-id=\"59349\" src=\"https:\/\/elmetropolitano.com.gt\/es\/wp-content\/uploads\/2023\/01\/323626665_9481669341874094_4854420357806003768_n.jpg\" alt=\"\" class=\"wp-image-59349\" srcset=\"https:\/\/elmetropolitano.com.gt\/es\/wp-content\/uploads\/2023\/01\/323626665_9481669341874094_4854420357806003768_n.jpg 892w, https:\/\/elmetropolitano.com.gt\/es\/wp-content\/uploads\/2023\/01\/323626665_9481669341874094_4854420357806003768_n-300x170.jpg 300w, https:\/\/elmetropolitano.com.gt\/es\/wp-content\/uploads\/2023\/01\/323626665_9481669341874094_4854420357806003768_n-768x436.jpg 768w, https:\/\/elmetropolitano.com.gt\/es\/wp-content\/uploads\/2023\/01\/323626665_9481669341874094_4854420357806003768_n-600x340.jpg 600w\" sizes=\"auto, (max-width: 892px) 100vw, 892px\" \/><\/figure>\n\n\n\n<figure class=\"wp-block-image size-large\"><img loading=\"lazy\" decoding=\"async\" width=\"752\" height=\"752\" data-id=\"59347\" src=\"https:\/\/elmetropolitano.com.gt\/es\/wp-content\/uploads\/2023\/01\/324093658_704804614441692_4068522956116788608_n.jpg\" alt=\"\" class=\"wp-image-59347\" srcset=\"https:\/\/elmetropolitano.com.gt\/es\/wp-content\/uploads\/2023\/01\/324093658_704804614441692_4068522956116788608_n.jpg 752w, https:\/\/elmetropolitano.com.gt\/es\/wp-content\/uploads\/2023\/01\/324093658_704804614441692_4068522956116788608_n-300x300.jpg 300w, https:\/\/elmetropolitano.com.gt\/es\/wp-content\/uploads\/2023\/01\/324093658_704804614441692_4068522956116788608_n-150x150.jpg 150w, https:\/\/elmetropolitano.com.gt\/es\/wp-content\/uploads\/2023\/01\/324093658_704804614441692_4068522956116788608_n-600x600.jpg 600w, https:\/\/elmetropolitano.com.gt\/es\/wp-content\/uploads\/2023\/01\/324093658_704804614441692_4068522956116788608_n-100x100.jpg 100w\" sizes=\"auto, (max-width: 752px) 100vw, 752px\" \/><\/figure>\n<\/figure>\n","protected":false},"excerpt":{"rendered":"<p>Hace menos de tres meses que el Ministerio de Agricultura, Ganader\u00eda y Alimentaci\u00f3n (MAGA) entreg\u00f3 a productores de El Progreso, Jutiapa, un centro de acopio que ha permitido mejorar sus capacidades de almacenaje y comercializaci\u00f3n. Carlos Sosa, presidente de la Asociaci\u00f3n de Desarrollo Integral Agropecuario (Asodiagro) de la regi\u00f3n suroriente, indic\u00f3 que los m\u00e1s de <a class=\"read-more\" href=\"https:\/\/elmetropolitano.com.gt\/es\/centro-de-acopio-incrementa-productividad-y-competitividad-de-agricultores-jutiapanecos\/\">Leer m\u00e1s<\/a><\/p>\n","protected":false},"author":1,"featured_media":59343,"comment_status":"open","ping_status":"closed","sticky":false,"template":"","format":"standard","meta":{"footnotes":""},"categories":[4],"tags":[13],"class_list":["post-59342","post","type-post","status-publish","format-standard","has-post-thumbnail","hentry","category-departamentales","tag-departamentales"],"_links":{"self":[{"href":"https:\/\/elmetropolitano.com.gt\/es\/wp-json\/wp\/v2\/posts\/59342","targetHints":{"allow":["GET"]}}],"collection":[{"href":"https:\/\/elmetropolitano.com.gt\/es\/wp-json\/wp\/v2\/posts"}],"about":[{"href":"https:\/\/elmetropolitano.com.gt\/es\/wp-json\/wp\/v2\/types\/post"}],"author":[{"embeddable":true,"href":"https:\/\/elmetropolitano.com.gt\/es\/wp-json\/wp\/v2\/users\/1"}],"replies":[{"embeddable":true,"href":"https:\/\/elmetropolitano.com.gt\/es\/wp-json\/wp\/v2\/comments?post=59342"}],"version-history":[{"count":1,"href":"https:\/\/elmetropolitano.com.gt\/es\/wp-json\/wp\/v2\/posts\/59342\/revisions"}],"predecessor-version":[{"id":59350,"href":"https:\/\/elmetropolitano.com.gt\/es\/wp-json\/wp\/v2\/posts\/59342\/revisions\/59350"}],"wp:featuredmedia":[{"embeddable":true,"href":"https:\/\/elmetropolitano.com.gt\/es\/wp-json\/wp\/v2\/media\/59343"}],"wp:attachment":[{"href":"https:\/\/elmetropolitano.com.gt\/es\/wp-json\/wp\/v2\/media?parent=59342"}],"wp:term":[{"taxonomy":"category","embeddable":true,"href":"https:\/\/elmetropolitano.com.gt\/es\/wp-json\/wp\/v2\/categories?post=59342"},{"taxonomy":"post_tag","embeddable":true,"href":"https:\/\/elmetropolitano.com.gt\/es\/wp-json\/wp\/v2\/tags?post=59342"}],"curies":[{"name":"wp","href":"https:\/\/api.w.org\/{rel}","templated":true}]}}