{"id":59355,"date":"2023-01-03T14:19:22","date_gmt":"2023-01-03T20:19:22","guid":{"rendered":"https:\/\/elmetropolitano.com.gt\/es\/?p=59355"},"modified":"2023-01-03T14:19:23","modified_gmt":"2023-01-03T20:19:23","slug":"san-rafael-las-flores-santa-rosa-creara-su-oficina-municipal-de-catastro","status":"publish","type":"post","link":"https:\/\/elmetropolitano.com.gt\/es\/san-rafael-las-flores-santa-rosa-creara-su-oficina-municipal-de-catastro\/","title":{"rendered":"San Rafael Las Flores, Santa Rosa, crear\u00e1 su oficina municipal de catastro"},"content":{"rendered":"\n<p>Con el fin de impulsar el cumplimiento de las competencias y responsabilidades en el sistema de planificaci\u00f3n y gesti\u00f3n del desarrollo del municipio, el Concejo Municipal del municipio de San Rafael Las Flores, Santa Rosa, autoriz\u00f3 al alcalde Roberto Pivaral, la creaci\u00f3n de la Oficina Municipal de Catastro.<\/p>\n\n\n\n<p>Lo <a><\/a>anterior fue expresado en un acuerdo municipal y publicado en el Diario Ofician donde ya entra en vigencia y toca al alcalde Pivaral la contrataci\u00f3n del director de dicha oficina, para realizar el control del ordenamiento del municipio.<\/p><div class=\"elmet-contenido\" id=\"elmet-511191261\"><div class=\"elmet-adlabel\">Anuncios<\/div><div style=\"margin-top: 20px;margin-right: 20px;margin-bottom: 20px;margin-left: 20px;\" id=\"elmet-941472726\"><a href=\"https:\/\/www.facebook.com\/arrincuanantigua\/\" aria-label=\"cintillo-arrin-cual\"><img loading=\"lazy\" decoding=\"async\" src=\"https:\/\/elmetropolitano.com.gt\/es\/wp-content\/uploads\/2021\/11\/cintillo-arrin-cual-1.jpg\" alt=\"\"  srcset=\"https:\/\/elmetropolitano.com.gt\/es\/wp-content\/uploads\/2021\/11\/cintillo-arrin-cual-1.jpg 750w, https:\/\/elmetropolitano.com.gt\/es\/wp-content\/uploads\/2021\/11\/cintillo-arrin-cual-1-300x36.jpg 300w, https:\/\/elmetropolitano.com.gt\/es\/wp-content\/uploads\/2021\/11\/cintillo-arrin-cual-1-600x72.jpg 600w\" sizes=\"(max-width: 750px) 100vw, 750px\" width=\"750\" height=\"90\"   \/><\/a><\/div><\/div>\n\n\n\n<p>La creaci\u00f3n de esta oficina vendr\u00e1 a coadyuvar al desarrollo del municipio y mantener un mejor control del las \u00e1reas municipales, as\u00ed como el cobro respectivo del IUSI y los dem\u00e1s arbitrios que rigen en el sector.<\/p>\n\n\n\n<p><a href=\"https:\/\/www.facebook.com\/hashtag\/metroredes?__eep__=6&amp;__cft__[0]=AZW6aWCOorB6_pGem21roXFpPDi6wMAe_aAF2554VihvwX0HR3yubFE1Ac8R1bbkFrd8DX6tXfvwJ5Ienw7hL3erUsVKvJA-G7LtRTlzGbypIs0H1UCCS-KGVx9tfuALmR-7d9of0TpDMfZvu3MksAeyJu68IDgpcPJxG949aBac4jOWcxwdpXqb-NueKGwpRUY&amp;__tn__=*NK-R\">#metroredes<\/a><a href=\"https:\/\/www.facebook.com\/hashtag\/elmetropolitano?__eep__=6&amp;__cft__[0]=AZW6aWCOorB6_pGem21roXFpPDi6wMAe_aAF2554VihvwX0HR3yubFE1Ac8R1bbkFrd8DX6tXfvwJ5Ienw7hL3erUsVKvJA-G7LtRTlzGbypIs0H1UCCS-KGVx9tfuALmR-7d9of0TpDMfZvu3MksAeyJu68IDgpcPJxG949aBac4jOWcxwdpXqb-NueKGwpRUY&amp;__tn__=*NK-R\">#ElMetropolitano<\/a><\/p>\n\n\n\n<p><\/p>\n","protected":false},"excerpt":{"rendered":"<p>Con el fin de impulsar el cumplimiento de las competencias y responsabilidades en el sistema de planificaci\u00f3n y gesti\u00f3n del desarrollo del municipio, el Concejo Municipal del municipio de San Rafael Las Flores, Santa Rosa, autoriz\u00f3 al alcalde Roberto Pivaral, la creaci\u00f3n de la Oficina Municipal de Catastro. Lo anterior fue expresado en un acuerdo <a class=\"read-more\" href=\"https:\/\/elmetropolitano.com.gt\/es\/san-rafael-las-flores-santa-rosa-creara-su-oficina-municipal-de-catastro\/\">Leer m\u00e1s<\/a><\/p>\n","protected":false},"author":1,"featured_media":59356,"comment_status":"open","ping_status":"closed","sticky":false,"template":"","format":"standard","meta":{"footnotes":""},"categories":[4],"tags":[13],"class_list":["post-59355","post","type-post","status-publish","format-standard","has-post-thumbnail","hentry","category-departamentales","tag-departamentales"],"_links":{"self":[{"href":"https:\/\/elmetropolitano.com.gt\/es\/wp-json\/wp\/v2\/posts\/59355","targetHints":{"allow":["GET"]}}],"collection":[{"href":"https:\/\/elmetropolitano.com.gt\/es\/wp-json\/wp\/v2\/posts"}],"about":[{"href":"https:\/\/elmetropolitano.com.gt\/es\/wp-json\/wp\/v2\/types\/post"}],"author":[{"embeddable":true,"href":"https:\/\/elmetropolitano.com.gt\/es\/wp-json\/wp\/v2\/users\/1"}],"replies":[{"embeddable":true,"href":"https:\/\/elmetropolitano.com.gt\/es\/wp-json\/wp\/v2\/comments?post=59355"}],"version-history":[{"count":1,"href":"https:\/\/elmetropolitano.com.gt\/es\/wp-json\/wp\/v2\/posts\/59355\/revisions"}],"predecessor-version":[{"id":59357,"href":"https:\/\/elmetropolitano.com.gt\/es\/wp-json\/wp\/v2\/posts\/59355\/revisions\/59357"}],"wp:featuredmedia":[{"embeddable":true,"href":"https:\/\/elmetropolitano.com.gt\/es\/wp-json\/wp\/v2\/media\/59356"}],"wp:attachment":[{"href":"https:\/\/elmetropolitano.com.gt\/es\/wp-json\/wp\/v2\/media?parent=59355"}],"wp:term":[{"taxonomy":"category","embeddable":true,"href":"https:\/\/elmetropolitano.com.gt\/es\/wp-json\/wp\/v2\/categories?post=59355"},{"taxonomy":"post_tag","embeddable":true,"href":"https:\/\/elmetropolitano.com.gt\/es\/wp-json\/wp\/v2\/tags?post=59355"}],"curies":[{"name":"wp","href":"https:\/\/api.w.org\/{rel}","templated":true}]}}