{"id":59380,"date":"2023-01-05T10:12:51","date_gmt":"2023-01-05T16:12:51","guid":{"rendered":"https:\/\/elmetropolitano.com.gt\/es\/?p=59380"},"modified":"2023-01-05T10:12:53","modified_gmt":"2023-01-05T16:12:53","slug":"ayer-se-llevo-a-cabo-la-primera-noche-de-dpi","status":"publish","type":"post","link":"https:\/\/elmetropolitano.com.gt\/es\/ayer-se-llevo-a-cabo-la-primera-noche-de-dpi\/","title":{"rendered":"Ayer se llev\u00f3 a cabo la primera noche de DPI"},"content":{"rendered":"\n<p>El Registro Nacional de las Personas (Renap) invit\u00f3 a los guatemaltecos a participar en la primera Noche de DPI del 2023. En ese sentido, se especific\u00f3 que este mi\u00e9rcoles 4 de enero se habilitar\u00e1n 13 oficinas de Renap para la atenci\u00f3n al p\u00fablico en horario especial.<\/p>\n\n\n\n<p>Las <a><\/a>oficinas atender\u00e1n hasta las 20:00 horas con el fin de que las personas que por diversas razones no pueden asistir en las horas habituales realicen sus tr\u00e1mites.<\/p><div class=\"elmet-contenido\" id=\"elmet-3749107403\"><div class=\"elmet-adlabel\">Anuncios<\/div><div style=\"margin-top: 20px;margin-right: 20px;margin-bottom: 20px;margin-left: 20px;\" id=\"elmet-3383059485\"><a href=\"https:\/\/www.facebook.com\/arrincuanantigua\/\" aria-label=\"cintillo-arrin-cual\"><img loading=\"lazy\" decoding=\"async\" src=\"https:\/\/elmetropolitano.com.gt\/es\/wp-content\/uploads\/2021\/11\/cintillo-arrin-cual-1.jpg\" alt=\"\"  srcset=\"https:\/\/elmetropolitano.com.gt\/es\/wp-content\/uploads\/2021\/11\/cintillo-arrin-cual-1.jpg 750w, https:\/\/elmetropolitano.com.gt\/es\/wp-content\/uploads\/2021\/11\/cintillo-arrin-cual-1-300x36.jpg 300w, https:\/\/elmetropolitano.com.gt\/es\/wp-content\/uploads\/2021\/11\/cintillo-arrin-cual-1-600x72.jpg 600w\" sizes=\"(max-width: 750px) 100vw, 750px\" width=\"750\" height=\"90\"   \/><\/a><\/div><\/div>\n\n\n\n<p>Adem\u00e1s, se record\u00f3 a la poblaci\u00f3n que se cuenta con suficiente cantidad de tarjetas de policarbonato para la impresi\u00f3n del documento personal de identificaci\u00f3n (DPI).<\/p>\n\n\n\n<p>Oficinas de atenci\u00f3n<\/p>\n\n\n\n<p>Las 13 oficinas que brindar\u00e1n los servicios con horario extendido se encuentran en:<\/p>\n\n\n\n<p>zona 7 capitalina<\/p>\n\n\n\n<p>zona 9 capitalina<\/p>\n\n\n\n<p>centro comercial Pradera Express, Villa Nueva<\/p>\n\n\n\n<p>centro de impresi\u00f3n en la zona 8 de Quetzaltenango<\/p>\n\n\n\n<p>zona 1 capitalina<\/p>\n\n\n\n<p>Cob\u00e1n, zona 4<\/p>\n\n\n\n<p>Chimaltenango, zona 3<\/p>\n\n\n\n<p>Quetzaltenango, zona 1<\/p>\n\n\n\n<p>barrio Chibujb\u00fa, San Pedro Carch\u00e1, Alta Verapaz<\/p>\n\n\n\n<p>Escuintla, zona 1<\/p>\n\n\n\n<p>San Juan Sacatep\u00e9quez, zona 4<\/p>\n\n\n\n<p>Huehuetenango, zona 11<\/p>\n\n\n\n<p>Entre los tr\u00e1mites que podr\u00e1n realizar los guatemaltecos est\u00e1n:<\/p>\n\n\n\n<p>solicitud de DPI<\/p>\n\n\n\n<p>entrega de DPI<\/p>\n\n\n\n<p>enmiendas<\/p>\n\n\n\n<p>inscripciones<\/p>\n\n\n\n<p>emisi\u00f3n de certificaciones<\/p>\n\n\n\n<p>Siguientes fechas<\/p>\n\n\n\n<p>El Renap prev\u00e9 realizar esta actividad al menos 2 veces al mes, en ese sentido las fechas contempladas son:<\/p>\n\n\n\n<p>4 y 16 de enero<\/p>\n\n\n\n<p>1 y 16 de febrero<\/p>\n\n\n\n<p>1 y 16 de marzo<\/p>\n\n\n\n<p>17 de abril<\/p>\n\n\n\n<p>2 y 16 de mayo<\/p>\n\n\n\n<p>1 y 16 de junio<\/p>\n\n\n\n<p>3 y 18 de julio<\/p>\n\n\n\n<p>1 y 16 de agosto<\/p>\n\n\n\n<p>4 y 18 de septiembre<\/p>\n\n\n\n<p>2 y 16 de octubre<\/p>\n\n\n\n<p>2 y 16 de noviembre<\/p>\n\n\n\n<p>18 de diciembre<\/p>\n\n\n\n<p>La instituci\u00f3n hizo la invitaci\u00f3n a los guatemaltecos a gozar de los beneficios que ofrece durante la Noche de DPI. Asimismo, insta a aprovechar estos espacios que buscan acercar los distintos servicios a la poblaci\u00f3n.<\/p>\n","protected":false},"excerpt":{"rendered":"<p>El Registro Nacional de las Personas (Renap) invit\u00f3 a los guatemaltecos a participar en la primera Noche de DPI del 2023. En ese sentido, se especific\u00f3 que este mi\u00e9rcoles 4 de enero se habilitar\u00e1n 13 oficinas de Renap para la atenci\u00f3n al p\u00fablico en horario especial. Las oficinas atender\u00e1n hasta las 20:00 horas con el <a class=\"read-more\" href=\"https:\/\/elmetropolitano.com.gt\/es\/ayer-se-llevo-a-cabo-la-primera-noche-de-dpi\/\">Leer m\u00e1s<\/a><\/p>\n","protected":false},"author":1,"featured_media":59384,"comment_status":"open","ping_status":"closed","sticky":false,"template":"","format":"standard","meta":{"footnotes":""},"categories":[2],"tags":[12],"class_list":["post-59380","post","type-post","status-publish","format-standard","has-post-thumbnail","hentry","category-nacionales","tag-nacionales"],"_links":{"self":[{"href":"https:\/\/elmetropolitano.com.gt\/es\/wp-json\/wp\/v2\/posts\/59380","targetHints":{"allow":["GET"]}}],"collection":[{"href":"https:\/\/elmetropolitano.com.gt\/es\/wp-json\/wp\/v2\/posts"}],"about":[{"href":"https:\/\/elmetropolitano.com.gt\/es\/wp-json\/wp\/v2\/types\/post"}],"author":[{"embeddable":true,"href":"https:\/\/elmetropolitano.com.gt\/es\/wp-json\/wp\/v2\/users\/1"}],"replies":[{"embeddable":true,"href":"https:\/\/elmetropolitano.com.gt\/es\/wp-json\/wp\/v2\/comments?post=59380"}],"version-history":[{"count":1,"href":"https:\/\/elmetropolitano.com.gt\/es\/wp-json\/wp\/v2\/posts\/59380\/revisions"}],"predecessor-version":[{"id":59385,"href":"https:\/\/elmetropolitano.com.gt\/es\/wp-json\/wp\/v2\/posts\/59380\/revisions\/59385"}],"wp:featuredmedia":[{"embeddable":true,"href":"https:\/\/elmetropolitano.com.gt\/es\/wp-json\/wp\/v2\/media\/59384"}],"wp:attachment":[{"href":"https:\/\/elmetropolitano.com.gt\/es\/wp-json\/wp\/v2\/media?parent=59380"}],"wp:term":[{"taxonomy":"category","embeddable":true,"href":"https:\/\/elmetropolitano.com.gt\/es\/wp-json\/wp\/v2\/categories?post=59380"},{"taxonomy":"post_tag","embeddable":true,"href":"https:\/\/elmetropolitano.com.gt\/es\/wp-json\/wp\/v2\/tags?post=59380"}],"curies":[{"name":"wp","href":"https:\/\/api.w.org\/{rel}","templated":true}]}}