{"id":59391,"date":"2023-01-05T10:17:27","date_gmt":"2023-01-05T16:17:27","guid":{"rendered":"https:\/\/elmetropolitano.com.gt\/es\/?p=59391"},"modified":"2023-01-05T10:17:28","modified_gmt":"2023-01-05T16:17:28","slug":"el-papa-francisco-despide-a-benedicto-xvi-con-gratitud-y-esperanza-en-historico-funeral","status":"publish","type":"post","link":"https:\/\/elmetropolitano.com.gt\/es\/el-papa-francisco-despide-a-benedicto-xvi-con-gratitud-y-esperanza-en-historico-funeral\/","title":{"rendered":"El Papa Francisco despide a Benedicto XVI con gratitud y esperanza en hist\u00f3rico funeral"},"content":{"rendered":"\n<p>En esta madrugada de jueves, el Papa Francisco celebr\u00f3 ante 50 mil fieles de todo el mundo la Misa por el funeral del Papa Em\u00e9rito Benedicto XVI en la Plaza de San Pedro del Vaticano, primera vez en la historia de la Iglesia que un Pont\u00edfice celebra el funeral de un Papa Em\u00e9rito.<\/p>\n\n\n\n<p>Al comienzo de su homil\u00eda, el Papa Francisco record\u00f3 las \u00faltimas palabras de Jesucristo en la cruz: \u201cPadre, en <a><\/a>tus manos encomiendo mi esp\u00edritu\u201d, una frase que para el Santo Padre \u201cconfirm\u00f3 lo que sell\u00f3 toda su vida, un continuo entregarse en las manos de su Padre\u201d.<\/p><div class=\"elmet-contenido\" id=\"elmet-3047203810\"><div class=\"elmet-adlabel\">Anuncios<\/div><div style=\"margin-top: 20px;margin-right: 20px;margin-bottom: 20px;margin-left: 20px;\" id=\"elmet-3551828452\"><a href=\"https:\/\/www.facebook.com\/arrincuanantigua\/\" aria-label=\"cintillo-arrin-cual\"><img loading=\"lazy\" decoding=\"async\" src=\"https:\/\/elmetropolitano.com.gt\/es\/wp-content\/uploads\/2021\/11\/cintillo-arrin-cual-1.jpg\" alt=\"\"  srcset=\"https:\/\/elmetropolitano.com.gt\/es\/wp-content\/uploads\/2021\/11\/cintillo-arrin-cual-1.jpg 750w, https:\/\/elmetropolitano.com.gt\/es\/wp-content\/uploads\/2021\/11\/cintillo-arrin-cual-1-300x36.jpg 300w, https:\/\/elmetropolitano.com.gt\/es\/wp-content\/uploads\/2021\/11\/cintillo-arrin-cual-1-600x72.jpg 600w\" sizes=\"(max-width: 750px) 100vw, 750px\" width=\"750\" height=\"90\"   \/><\/a><\/div><\/div>\n\n\n\n<p>Para el Papa Francisco, este \u00faltimo suspiro del Se\u00f1or es tambi\u00e9n \u201cla invitaci\u00f3n y el programa de vida que inspira y quiere moldear como un alfarero el coraz\u00f3n del pastor, hasta que latan en \u00e9l los mismos sentimientos de Cristo Jes\u00fas\u201d.<\/p>\n\n\n\n<p>A partir de esta afirmaci\u00f3n, el Santo Padre explic\u00f3 tres tipos de \u201centrega\u201d que mostr\u00f3 Jesucristo al darse por completo y cumplir la voluntad de su Padre.<\/p>\n\n\n\n<p>Entrega agradecida, orante y sostenida<\/p>\n\n\n\n<p>En primer lugar, habl\u00f3 de la \u201centrega agradecida de servicio al Se\u00f1or y a su Pueblo, que nace por haber acogido un don totalmente gratuito\u201d.<\/p>\n\n\n\n<p>\u201cEs la condescendencia de Dios y su cercan\u00eda, capaz de ponerse en las manos fr\u00e1giles de sus disc\u00edpulos para alimentar a su pueblo y decir con \u00c9l: tomen y coman, tomen y beban, esto es mi cuerpo, que se entrega por ustedes\u201d, se\u00f1al\u00f3 el Papa.<\/p>\n\n\n\n<p>M\u00e1s tarde, el Papa Francisco habl\u00f3 de una \u201centrega orante\u201d, que se \u201cforja y acrisola silenciosamente entre las encrucijadas y contradicciones que el pastor debe afrontar y la confiada invitaci\u00f3n a apacentar el reba\u00f1o\u201d.<\/p>\n\n\n\n<p>\u201cComo el Maestro -continu\u00f3 el Papa-, lleva sobre sus hombros el cansancio de la intercesi\u00f3n y el desgaste de la unci\u00f3n por su pueblo, especialmente all\u00ed donde la bondad est\u00e1 en lucha y sus hermanos ven peligrar su dignidad\u201d.<\/p>\n\n\n\n<p>Tambi\u00e9n destac\u00f3 la \u201cconfianza orante y adoradora, capaz de interpretar las acciones del pastor y ajustar su coraz\u00f3n y sus decisiones a los tiempos de Dios\u201d.<\/p>\n\n\n\n<p>En cuanto a la \u201centrega sostenida\u201d, el Papa explic\u00f3 que \u00e9sta viene dada por \u201cla consolaci\u00f3n del Esp\u00edritu, que lo espera siempre en la misi\u00f3n: en la b\u00fasqueda apasionada por comunicar la hermosura y la alegr\u00eda del Evangelio\u201d.<\/p>\n\n\n\n<p>Y tambi\u00e9n por \u201cel testimonio fecundo de aquellos que, como Mar\u00eda, permanecen de muchas maneras al pie de la cruz, en esa dolorosa pero recia paz que no agrede ni avasalla\u201d.<\/p>\n\n\n\n<p>A continuaci\u00f3n, el Papa Francisco anim\u00f3 a aferrarse \u201ca las \u00faltimas palabras del Se\u00f1or y al testimonio que marc\u00f3 su vida\u201d y como comunidad eclesial, \u201cseguir sus huellas y confiar a nuestro hermano en las manos del Padre\u201d.<\/p>\n\n\n\n<p>\u201cQue estas manos de misericordia encuentren su l\u00e1mpara encendida con el aceite del Evangelio, que \u00e9l esparci\u00f3 y testimoni\u00f3 durante su vida\u201d, se\u00f1al\u00f3.<\/p>\n\n\n\n<p>Al final de la homil\u00eda, el Papa Francisco record\u00f3 a San Gregorio Magno, quien al finalizar la Regla pastoral, \u201cinvitaba y exhortaba a un amigo a ofrecerle esta compa\u00f1\u00eda espiritual\u201d.<\/p>\n\n\n\n<p>En este sentido, destac\u00f3 que \u201cla conciencia del Pastor que no puede llevar solo lo que, en realidad, nunca podr\u00eda soportar solo y, por eso, es capaz de abandonarse a la oraci\u00f3n y al cuidado del pueblo que le fue confiado\u201d.<\/p>\n\n\n\n<p>\u201cBenedicto, fiel amigo del esposo\u201d<\/p>\n\n\n\n<p>Por \u00faltimo, en referencia al Papa Em\u00e9rito Benedicto XVI, dijo que \u201ces el pueblo de Dios que, reunido, acompa\u00f1a y conf\u00eda la vida de quien fuera su pastor\u201d.<\/p>\n\n\n\n<p>\u201cComo las mujeres del Evangelio en el sepulcro, estamos aqu\u00ed con el perfume de la gratitud y el ung\u00fcento de la esperanza para demostrarle, una vez m\u00e1s, ese amor que no se pierde; queremos hacerlo con la misma unci\u00f3n, sabidur\u00eda, delicadeza y entrega que \u00e9l supo esparcir a lo largo de los a\u00f1os\u201d, a\u00f1adi\u00f3.<\/p>\n\n\n\n<p>\u201cQueremos decir juntos: \u2018Padre, en tus manos encomendamos su esp\u00edritu\u2019. Benedicto, fiel amigo del Esposo, que tu gozo sea perfecto al o\u00edr definitivamente y para siempre su voz\u201d, concluy\u00f3<\/p>\n\n\n\n<p>Texto: Almudena Martinez-Bordi\u00fa<\/p>\n\n\n\n<p>ACI Prensa<\/p>\n\n\n\n<p>#metroredes<\/p>\n\n\n\n<figure class=\"wp-block-gallery has-nested-images columns-default is-cropped wp-block-gallery-1 is-layout-flex wp-block-gallery-is-layout-flex\">\n<figure class=\"wp-block-image size-large\"><img loading=\"lazy\" decoding=\"async\" width=\"536\" height=\"510\" data-id=\"59393\" src=\"https:\/\/elmetropolitano.com.gt\/es\/wp-content\/uploads\/2023\/01\/323409183_1242906439625691_6893931891154682888_n.jpg\" alt=\"\" class=\"wp-image-59393\" srcset=\"https:\/\/elmetropolitano.com.gt\/es\/wp-content\/uploads\/2023\/01\/323409183_1242906439625691_6893931891154682888_n.jpg 536w, https:\/\/elmetropolitano.com.gt\/es\/wp-content\/uploads\/2023\/01\/323409183_1242906439625691_6893931891154682888_n-300x285.jpg 300w\" sizes=\"auto, (max-width: 536px) 100vw, 536px\" \/><\/figure>\n\n\n\n<figure class=\"wp-block-image size-large\"><img loading=\"lazy\" decoding=\"async\" width=\"906\" height=\"510\" data-id=\"59394\" src=\"https:\/\/elmetropolitano.com.gt\/es\/wp-content\/uploads\/2023\/01\/323425384_469987511973209_6028784817497544464_n.jpg\" alt=\"\" class=\"wp-image-59394\" srcset=\"https:\/\/elmetropolitano.com.gt\/es\/wp-content\/uploads\/2023\/01\/323425384_469987511973209_6028784817497544464_n.jpg 906w, https:\/\/elmetropolitano.com.gt\/es\/wp-content\/uploads\/2023\/01\/323425384_469987511973209_6028784817497544464_n-300x169.jpg 300w, https:\/\/elmetropolitano.com.gt\/es\/wp-content\/uploads\/2023\/01\/323425384_469987511973209_6028784817497544464_n-768x432.jpg 768w, https:\/\/elmetropolitano.com.gt\/es\/wp-content\/uploads\/2023\/01\/323425384_469987511973209_6028784817497544464_n-600x338.jpg 600w\" sizes=\"auto, (max-width: 906px) 100vw, 906px\" \/><\/figure>\n\n\n\n<figure class=\"wp-block-image size-large\"><img loading=\"lazy\" decoding=\"async\" width=\"906\" height=\"510\" data-id=\"59395\" src=\"https:\/\/elmetropolitano.com.gt\/es\/wp-content\/uploads\/2023\/01\/323714471_872586543772952_2852874401296826484_n.jpg\" alt=\"\" class=\"wp-image-59395\" srcset=\"https:\/\/elmetropolitano.com.gt\/es\/wp-content\/uploads\/2023\/01\/323714471_872586543772952_2852874401296826484_n.jpg 906w, https:\/\/elmetropolitano.com.gt\/es\/wp-content\/uploads\/2023\/01\/323714471_872586543772952_2852874401296826484_n-300x169.jpg 300w, https:\/\/elmetropolitano.com.gt\/es\/wp-content\/uploads\/2023\/01\/323714471_872586543772952_2852874401296826484_n-768x432.jpg 768w, https:\/\/elmetropolitano.com.gt\/es\/wp-content\/uploads\/2023\/01\/323714471_872586543772952_2852874401296826484_n-600x338.jpg 600w\" sizes=\"auto, (max-width: 906px) 100vw, 906px\" \/><\/figure>\n\n\n\n<figure class=\"wp-block-image size-large\"><img loading=\"lazy\" decoding=\"async\" width=\"906\" height=\"510\" data-id=\"59397\" src=\"https:\/\/elmetropolitano.com.gt\/es\/wp-content\/uploads\/2023\/01\/323786753_1119164682052559_6994924743020889199_n.jpg\" alt=\"\" class=\"wp-image-59397\" srcset=\"https:\/\/elmetropolitano.com.gt\/es\/wp-content\/uploads\/2023\/01\/323786753_1119164682052559_6994924743020889199_n.jpg 906w, https:\/\/elmetropolitano.com.gt\/es\/wp-content\/uploads\/2023\/01\/323786753_1119164682052559_6994924743020889199_n-300x169.jpg 300w, https:\/\/elmetropolitano.com.gt\/es\/wp-content\/uploads\/2023\/01\/323786753_1119164682052559_6994924743020889199_n-768x432.jpg 768w, https:\/\/elmetropolitano.com.gt\/es\/wp-content\/uploads\/2023\/01\/323786753_1119164682052559_6994924743020889199_n-600x338.jpg 600w\" sizes=\"auto, (max-width: 906px) 100vw, 906px\" \/><\/figure>\n\n\n\n<figure class=\"wp-block-image size-large\"><img loading=\"lazy\" decoding=\"async\" width=\"906\" height=\"510\" data-id=\"59396\" src=\"https:\/\/elmetropolitano.com.gt\/es\/wp-content\/uploads\/2023\/01\/324194591_5690316627724944_6376036056008422018_n.jpg\" alt=\"\" class=\"wp-image-59396\" srcset=\"https:\/\/elmetropolitano.com.gt\/es\/wp-content\/uploads\/2023\/01\/324194591_5690316627724944_6376036056008422018_n.jpg 906w, https:\/\/elmetropolitano.com.gt\/es\/wp-content\/uploads\/2023\/01\/324194591_5690316627724944_6376036056008422018_n-300x169.jpg 300w, https:\/\/elmetropolitano.com.gt\/es\/wp-content\/uploads\/2023\/01\/324194591_5690316627724944_6376036056008422018_n-768x432.jpg 768w, https:\/\/elmetropolitano.com.gt\/es\/wp-content\/uploads\/2023\/01\/324194591_5690316627724944_6376036056008422018_n-600x338.jpg 600w\" sizes=\"auto, (max-width: 906px) 100vw, 906px\" \/><\/figure>\n<\/figure>\n","protected":false},"excerpt":{"rendered":"<p>En esta madrugada de jueves, el Papa Francisco celebr\u00f3 ante 50 mil fieles de todo el mundo la Misa por el funeral del Papa Em\u00e9rito Benedicto XVI en la Plaza de San Pedro del Vaticano, primera vez en la historia de la Iglesia que un Pont\u00edfice celebra el funeral de un Papa Em\u00e9rito. Al comienzo <a class=\"read-more\" href=\"https:\/\/elmetropolitano.com.gt\/es\/el-papa-francisco-despide-a-benedicto-xvi-con-gratitud-y-esperanza-en-historico-funeral\/\">Leer m\u00e1s<\/a><\/p>\n","protected":false},"author":1,"featured_media":59392,"comment_status":"open","ping_status":"closed","sticky":false,"template":"","format":"standard","meta":{"footnotes":""},"categories":[14],"tags":[15],"class_list":["post-59391","post","type-post","status-publish","format-standard","has-post-thumbnail","hentry","category-internacionales","tag-internacionales"],"_links":{"self":[{"href":"https:\/\/elmetropolitano.com.gt\/es\/wp-json\/wp\/v2\/posts\/59391","targetHints":{"allow":["GET"]}}],"collection":[{"href":"https:\/\/elmetropolitano.com.gt\/es\/wp-json\/wp\/v2\/posts"}],"about":[{"href":"https:\/\/elmetropolitano.com.gt\/es\/wp-json\/wp\/v2\/types\/post"}],"author":[{"embeddable":true,"href":"https:\/\/elmetropolitano.com.gt\/es\/wp-json\/wp\/v2\/users\/1"}],"replies":[{"embeddable":true,"href":"https:\/\/elmetropolitano.com.gt\/es\/wp-json\/wp\/v2\/comments?post=59391"}],"version-history":[{"count":1,"href":"https:\/\/elmetropolitano.com.gt\/es\/wp-json\/wp\/v2\/posts\/59391\/revisions"}],"predecessor-version":[{"id":59398,"href":"https:\/\/elmetropolitano.com.gt\/es\/wp-json\/wp\/v2\/posts\/59391\/revisions\/59398"}],"wp:featuredmedia":[{"embeddable":true,"href":"https:\/\/elmetropolitano.com.gt\/es\/wp-json\/wp\/v2\/media\/59392"}],"wp:attachment":[{"href":"https:\/\/elmetropolitano.com.gt\/es\/wp-json\/wp\/v2\/media?parent=59391"}],"wp:term":[{"taxonomy":"category","embeddable":true,"href":"https:\/\/elmetropolitano.com.gt\/es\/wp-json\/wp\/v2\/categories?post=59391"},{"taxonomy":"post_tag","embeddable":true,"href":"https:\/\/elmetropolitano.com.gt\/es\/wp-json\/wp\/v2\/tags?post=59391"}],"curies":[{"name":"wp","href":"https:\/\/api.w.org\/{rel}","templated":true}]}}