{"id":59399,"date":"2023-01-05T10:18:28","date_gmt":"2023-01-05T16:18:28","guid":{"rendered":"https:\/\/elmetropolitano.com.gt\/es\/?p=59399"},"modified":"2023-01-05T10:18:29","modified_gmt":"2023-01-05T16:18:29","slug":"entrada-de-frente-frio-provoca-lloviznas","status":"publish","type":"post","link":"https:\/\/elmetropolitano.com.gt\/es\/entrada-de-frente-frio-provoca-lloviznas\/","title":{"rendered":"Entrada de frente fr\u00edo provoca lloviznas"},"content":{"rendered":"\n<p>El mes de enero presentar\u00e1 varios frentes fr\u00edos y se espera que el per\u00edodo de verano ser\u00e1 muy corto con el inicio de lluvias a partir de abril seg\u00fan pron\u00f3sticos del Instituto Nacional de Vulcanolog\u00eda, Meteorolog\u00eda e Hidrolog\u00eda, INSIVUME.<\/p>\n\n\n\n<p>Para el d\u00eda de hoy se prev\u00e9 nubosidad dispersa durante todo el d\u00eda sobre el territorio nacional, asociado al acercamiento de un frente frio a la pen\u00ednsula de Yucat\u00e1n, la nubosidad se incrementar\u00e1 en <a><\/a>horas de la tarde y noche con lluvias y lloviznas en la regi\u00f3n del norte, Caribe, franja transversal del norte y valles del oriente, con un viento soplando del norte incrementando la velocidad gradualmente, no se descarta la posibilidad de lluvia sobre la boca costa. Se reportan lluvias en el departamento de Chiquimula, Puerto Barrios, Guatemala y Cob\u00e1n,<\/p><div class=\"elmet-contenido\" id=\"elmet-1635650901\"><div class=\"elmet-adlabel\">Anuncios<\/div><div style=\"margin-top: 20px;margin-right: 20px;margin-bottom: 20px;margin-left: 20px;\" id=\"elmet-3641486669\"><a href=\"https:\/\/www.facebook.com\/arrincuanantigua\/\" aria-label=\"cintillo-arrin-cual\"><img loading=\"lazy\" decoding=\"async\" src=\"https:\/\/elmetropolitano.com.gt\/es\/wp-content\/uploads\/2021\/11\/cintillo-arrin-cual-1.jpg\" alt=\"\"  srcset=\"https:\/\/elmetropolitano.com.gt\/es\/wp-content\/uploads\/2021\/11\/cintillo-arrin-cual-1.jpg 750w, https:\/\/elmetropolitano.com.gt\/es\/wp-content\/uploads\/2021\/11\/cintillo-arrin-cual-1-300x36.jpg 300w, https:\/\/elmetropolitano.com.gt\/es\/wp-content\/uploads\/2021\/11\/cintillo-arrin-cual-1-600x72.jpg 600w\" sizes=\"(max-width: 750px) 100vw, 750px\" width=\"750\" height=\"90\"   \/><\/a><\/div><\/div>\n\n\n\n<p><a href=\"https:\/\/www.facebook.com\/hashtag\/metroredes?__eep__=6&amp;__cft__[0]=AZUb9Vy38Lv1BHq3Z_kns3lpPc0CQ1rdW-kZagyBTsLvodFZMDYX19eFNCSwfVHYt3Kx9Jt_lZK4LVmvjdTl64nXohHjmSZms-mythrFGPYRgyAxGcH7mQu8AwBKjJ-irsbeU0KUw5ssvxXeCB3YqcZOZTbeqF79ikdGjmNF-H0Hv_7Amo41pzibRG_IaxlqBd4&amp;__tn__=*NK-R\">#metroredes<\/a><a href=\"https:\/\/www.facebook.com\/hashtag\/insivumeh?__eep__=6&amp;__cft__[0]=AZUb9Vy38Lv1BHq3Z_kns3lpPc0CQ1rdW-kZagyBTsLvodFZMDYX19eFNCSwfVHYt3Kx9Jt_lZK4LVmvjdTl64nXohHjmSZms-mythrFGPYRgyAxGcH7mQu8AwBKjJ-irsbeU0KUw5ssvxXeCB3YqcZOZTbeqF79ikdGjmNF-H0Hv_7Amo41pzibRG_IaxlqBd4&amp;__tn__=*NK-R\">#INSIVUMEH<\/a><\/p>\n\n\n\n<p><\/p>\n","protected":false},"excerpt":{"rendered":"<p>El mes de enero presentar\u00e1 varios frentes fr\u00edos y se espera que el per\u00edodo de verano ser\u00e1 muy corto con el inicio de lluvias a partir de abril seg\u00fan pron\u00f3sticos del Instituto Nacional de Vulcanolog\u00eda, Meteorolog\u00eda e Hidrolog\u00eda, INSIVUME. Para el d\u00eda de hoy se prev\u00e9 nubosidad dispersa durante todo el d\u00eda sobre el territorio <a class=\"read-more\" href=\"https:\/\/elmetropolitano.com.gt\/es\/entrada-de-frente-frio-provoca-lloviznas\/\">Leer m\u00e1s<\/a><\/p>\n","protected":false},"author":1,"featured_media":59400,"comment_status":"open","ping_status":"closed","sticky":false,"template":"","format":"standard","meta":{"footnotes":""},"categories":[2],"tags":[12],"class_list":["post-59399","post","type-post","status-publish","format-standard","has-post-thumbnail","hentry","category-nacionales","tag-nacionales"],"_links":{"self":[{"href":"https:\/\/elmetropolitano.com.gt\/es\/wp-json\/wp\/v2\/posts\/59399","targetHints":{"allow":["GET"]}}],"collection":[{"href":"https:\/\/elmetropolitano.com.gt\/es\/wp-json\/wp\/v2\/posts"}],"about":[{"href":"https:\/\/elmetropolitano.com.gt\/es\/wp-json\/wp\/v2\/types\/post"}],"author":[{"embeddable":true,"href":"https:\/\/elmetropolitano.com.gt\/es\/wp-json\/wp\/v2\/users\/1"}],"replies":[{"embeddable":true,"href":"https:\/\/elmetropolitano.com.gt\/es\/wp-json\/wp\/v2\/comments?post=59399"}],"version-history":[{"count":1,"href":"https:\/\/elmetropolitano.com.gt\/es\/wp-json\/wp\/v2\/posts\/59399\/revisions"}],"predecessor-version":[{"id":59401,"href":"https:\/\/elmetropolitano.com.gt\/es\/wp-json\/wp\/v2\/posts\/59399\/revisions\/59401"}],"wp:featuredmedia":[{"embeddable":true,"href":"https:\/\/elmetropolitano.com.gt\/es\/wp-json\/wp\/v2\/media\/59400"}],"wp:attachment":[{"href":"https:\/\/elmetropolitano.com.gt\/es\/wp-json\/wp\/v2\/media?parent=59399"}],"wp:term":[{"taxonomy":"category","embeddable":true,"href":"https:\/\/elmetropolitano.com.gt\/es\/wp-json\/wp\/v2\/categories?post=59399"},{"taxonomy":"post_tag","embeddable":true,"href":"https:\/\/elmetropolitano.com.gt\/es\/wp-json\/wp\/v2\/tags?post=59399"}],"curies":[{"name":"wp","href":"https:\/\/api.w.org\/{rel}","templated":true}]}}