{"id":59402,"date":"2023-01-05T11:12:07","date_gmt":"2023-01-05T17:12:07","guid":{"rendered":"https:\/\/elmetropolitano.com.gt\/es\/?p=59402"},"modified":"2023-01-05T11:12:08","modified_gmt":"2023-01-05T17:12:08","slug":"migracion-atiende-a-primeros-guatemaltecos-deportados-de-estados-unidos-de-2023","status":"publish","type":"post","link":"https:\/\/elmetropolitano.com.gt\/es\/migracion-atiende-a-primeros-guatemaltecos-deportados-de-estados-unidos-de-2023\/","title":{"rendered":"Migraci\u00f3n atiende a primeros guatemaltecos deportados de Estados Unidos de 2023"},"content":{"rendered":"\n<p>El Instituto Guatemalteco de Migraci\u00f3n (IGM) dio a conocer que este d\u00eda arrib\u00f3 al pa\u00eds el primer vuelo del a\u00f1o con guatemaltecos deportados desde Estados Unidos.<\/p>\n\n\n\n<p>Este aterriz\u00f3 en suelo guatemalteco en horas de la ma\u00f1ana procedente de Harligen, Texas, con al menos 87 connacionales, quienes fueron atendidos por autoridades de la instituci\u00f3n.<\/p><div class=\"elmet-contenido\" id=\"elmet-2290500342\"><div class=\"elmet-adlabel\">Anuncios<\/div><div style=\"margin-top: 20px;margin-right: 20px;margin-bottom: 20px;margin-left: 20px;\" id=\"elmet-2271621327\"><a href=\"https:\/\/www.facebook.com\/arrincuanantigua\/\" aria-label=\"cintillo-arrin-cual\"><img loading=\"lazy\" decoding=\"async\" src=\"https:\/\/elmetropolitano.com.gt\/es\/wp-content\/uploads\/2021\/11\/cintillo-arrin-cual-1.jpg\" alt=\"\"  srcset=\"https:\/\/elmetropolitano.com.gt\/es\/wp-content\/uploads\/2021\/11\/cintillo-arrin-cual-1.jpg 750w, https:\/\/elmetropolitano.com.gt\/es\/wp-content\/uploads\/2021\/11\/cintillo-arrin-cual-1-300x36.jpg 300w, https:\/\/elmetropolitano.com.gt\/es\/wp-content\/uploads\/2021\/11\/cintillo-arrin-cual-1-600x72.jpg 600w\" sizes=\"(max-width: 750px) 100vw, 750px\" width=\"750\" height=\"90\"   \/><\/a><\/div><\/div>\n\n\n\n<p><a><\/a>Seg\u00fan el informe del IGM, de los retornados se contabilizan 57 hombres, 29 mujeres y un menor de edad.<\/p>\n\n\n\n<p>Asimismo, se dio a conocer que para este d\u00eda se prev\u00e9 la llegada de dos vuelos m\u00e1s procedentes del pa\u00eds norteamericano.<\/p>\n\n\n\n<p>Asistencia integral<\/p>\n\n\n\n<p>Con el apoyo de diversas instituciones gubernamentales, el IGM da la atenci\u00f3n necesaria a los guatemaltecos al momento de su llegada al pa\u00eds.<\/p>\n\n\n\n<p>Los connacionales reciben asistencia m\u00e9dica y sicol\u00f3gica, adem\u00e1s, se les brindan kits m\u00e9dicos y de higiene, y alimentaci\u00f3n.<\/p>\n\n\n\n<p>Posteriormente, las autoridades se encargan de los tr\u00e1mites para que lleguen con bienestar a sus hogares.<\/p>\n\n\n\n<p>En 2022<\/p>\n\n\n\n<p>Los datos del IGM resaltan que durante 2022 se contabiliz\u00f3 la asistencia a 40 mil 713 guatemaltecos procedentes de Estados Unidos. Todos ellos retornaron en 369 vuelos desde dicho pa\u00eds. Por otra parte, se registr\u00f3 el retorno de 15 mil 547 guatemaltecos desde M\u00e9xico en 118 vuelos.<\/p>\n\n\n\n<p>En cuanto a los retornados por la v\u00eda terrestre, hasta el 28 de diciembre fueron atendidas 37 mil 863 personas devueltas en 196 autobuses. Todas ellas fueron recibidas en Tec\u00fan Um\u00e1n.<\/p>\n\n\n\n<p>Las autoridades instaron a la poblaci\u00f3n a evitar exponer su vida e integridad por viajar de manera irregular, por lo tanto fomentan la migraci\u00f3n regular, ordenada, segura y circular.<\/p>\n\n\n\n<p>#metroredes<\/p>\n\n\n\n<figure class=\"wp-block-gallery has-nested-images columns-default is-cropped wp-block-gallery-1 is-layout-flex wp-block-gallery-is-layout-flex\">\n<figure class=\"wp-block-image size-large\"><img loading=\"lazy\" decoding=\"async\" width=\"1024\" height=\"768\" data-id=\"59405\" src=\"https:\/\/elmetropolitano.com.gt\/es\/wp-content\/uploads\/2023\/01\/322226809_472849228161965_3531566915926009641_n.jpg\" alt=\"\" class=\"wp-image-59405\" srcset=\"https:\/\/elmetropolitano.com.gt\/es\/wp-content\/uploads\/2023\/01\/322226809_472849228161965_3531566915926009641_n.jpg 1024w, https:\/\/elmetropolitano.com.gt\/es\/wp-content\/uploads\/2023\/01\/322226809_472849228161965_3531566915926009641_n-300x225.jpg 300w, https:\/\/elmetropolitano.com.gt\/es\/wp-content\/uploads\/2023\/01\/322226809_472849228161965_3531566915926009641_n-768x576.jpg 768w, https:\/\/elmetropolitano.com.gt\/es\/wp-content\/uploads\/2023\/01\/322226809_472849228161965_3531566915926009641_n-600x450.jpg 600w\" sizes=\"auto, (max-width: 1024px) 100vw, 1024px\" \/><\/figure>\n\n\n\n<figure class=\"wp-block-image size-large\"><img loading=\"lazy\" decoding=\"async\" width=\"1024\" height=\"768\" data-id=\"59406\" src=\"https:\/\/elmetropolitano.com.gt\/es\/wp-content\/uploads\/2023\/01\/322238201_566650904987139_5547427358869829003_n.jpg\" alt=\"\" class=\"wp-image-59406\" srcset=\"https:\/\/elmetropolitano.com.gt\/es\/wp-content\/uploads\/2023\/01\/322238201_566650904987139_5547427358869829003_n.jpg 1024w, https:\/\/elmetropolitano.com.gt\/es\/wp-content\/uploads\/2023\/01\/322238201_566650904987139_5547427358869829003_n-300x225.jpg 300w, https:\/\/elmetropolitano.com.gt\/es\/wp-content\/uploads\/2023\/01\/322238201_566650904987139_5547427358869829003_n-768x576.jpg 768w, https:\/\/elmetropolitano.com.gt\/es\/wp-content\/uploads\/2023\/01\/322238201_566650904987139_5547427358869829003_n-600x450.jpg 600w\" sizes=\"auto, (max-width: 1024px) 100vw, 1024px\" \/><\/figure>\n\n\n\n<figure class=\"wp-block-image size-large\"><img loading=\"lazy\" decoding=\"async\" width=\"446\" height=\"334\" data-id=\"59404\" src=\"https:\/\/elmetropolitano.com.gt\/es\/wp-content\/uploads\/2023\/01\/323702219_1401358903736005_5211989341663353994_n.jpg\" alt=\"\" class=\"wp-image-59404\" srcset=\"https:\/\/elmetropolitano.com.gt\/es\/wp-content\/uploads\/2023\/01\/323702219_1401358903736005_5211989341663353994_n.jpg 446w, https:\/\/elmetropolitano.com.gt\/es\/wp-content\/uploads\/2023\/01\/323702219_1401358903736005_5211989341663353994_n-300x225.jpg 300w\" sizes=\"auto, (max-width: 446px) 100vw, 446px\" \/><\/figure>\n<\/figure>\n","protected":false},"excerpt":{"rendered":"<p>El Instituto Guatemalteco de Migraci\u00f3n (IGM) dio a conocer que este d\u00eda arrib\u00f3 al pa\u00eds el primer vuelo del a\u00f1o con guatemaltecos deportados desde Estados Unidos. Este aterriz\u00f3 en suelo guatemalteco en horas de la ma\u00f1ana procedente de Harligen, Texas, con al menos 87 connacionales, quienes fueron atendidos por autoridades de la instituci\u00f3n. Seg\u00fan el <a class=\"read-more\" href=\"https:\/\/elmetropolitano.com.gt\/es\/migracion-atiende-a-primeros-guatemaltecos-deportados-de-estados-unidos-de-2023\/\">Leer m\u00e1s<\/a><\/p>\n","protected":false},"author":1,"featured_media":59403,"comment_status":"open","ping_status":"closed","sticky":false,"template":"","format":"standard","meta":{"footnotes":""},"categories":[2],"tags":[12],"class_list":["post-59402","post","type-post","status-publish","format-standard","has-post-thumbnail","hentry","category-nacionales","tag-nacionales"],"_links":{"self":[{"href":"https:\/\/elmetropolitano.com.gt\/es\/wp-json\/wp\/v2\/posts\/59402","targetHints":{"allow":["GET"]}}],"collection":[{"href":"https:\/\/elmetropolitano.com.gt\/es\/wp-json\/wp\/v2\/posts"}],"about":[{"href":"https:\/\/elmetropolitano.com.gt\/es\/wp-json\/wp\/v2\/types\/post"}],"author":[{"embeddable":true,"href":"https:\/\/elmetropolitano.com.gt\/es\/wp-json\/wp\/v2\/users\/1"}],"replies":[{"embeddable":true,"href":"https:\/\/elmetropolitano.com.gt\/es\/wp-json\/wp\/v2\/comments?post=59402"}],"version-history":[{"count":1,"href":"https:\/\/elmetropolitano.com.gt\/es\/wp-json\/wp\/v2\/posts\/59402\/revisions"}],"predecessor-version":[{"id":59407,"href":"https:\/\/elmetropolitano.com.gt\/es\/wp-json\/wp\/v2\/posts\/59402\/revisions\/59407"}],"wp:featuredmedia":[{"embeddable":true,"href":"https:\/\/elmetropolitano.com.gt\/es\/wp-json\/wp\/v2\/media\/59403"}],"wp:attachment":[{"href":"https:\/\/elmetropolitano.com.gt\/es\/wp-json\/wp\/v2\/media?parent=59402"}],"wp:term":[{"taxonomy":"category","embeddable":true,"href":"https:\/\/elmetropolitano.com.gt\/es\/wp-json\/wp\/v2\/categories?post=59402"},{"taxonomy":"post_tag","embeddable":true,"href":"https:\/\/elmetropolitano.com.gt\/es\/wp-json\/wp\/v2\/tags?post=59402"}],"curies":[{"name":"wp","href":"https:\/\/api.w.org\/{rel}","templated":true}]}}