{"id":59408,"date":"2023-01-05T11:44:28","date_gmt":"2023-01-05T17:44:28","guid":{"rendered":"https:\/\/elmetropolitano.com.gt\/es\/?p=59408"},"modified":"2023-01-05T11:44:28","modified_gmt":"2023-01-05T17:44:28","slug":"establecen-estrategias-y-protocolos-de-actuacion-antes-de-elecciones-generales-2023","status":"publish","type":"post","link":"https:\/\/elmetropolitano.com.gt\/es\/establecen-estrategias-y-protocolos-de-actuacion-antes-de-elecciones-generales-2023\/","title":{"rendered":"Establecen estrategias y protocolos de actuaci\u00f3n antes de elecciones generales 2023"},"content":{"rendered":"\n<p>Autoridades de los ministerios de Gobernaci\u00f3n (Mingob) y de Defensa Nacional (Mindef), junto al Ministerio P\u00fablico (MP), sostuvieron una reuni\u00f3n para establecer estrategias y protocolos de actuaci\u00f3n durante las elecciones generales 2023.<\/p>\n\n\n\n<p>El objetivo fue presentar el plan de acci\u00f3n, as\u00ed como intercambiar informaci\u00f3n, posibles estrategias, protocolos, log\u00edstica y dem\u00e1s temas conexos para un <a><\/a>eficiente evento electoral.<\/p><div class=\"elmet-contenido\" id=\"elmet-1456634332\"><div class=\"elmet-adlabel\">Anuncios<\/div><div style=\"margin-top: 20px;margin-right: 20px;margin-bottom: 20px;margin-left: 20px;\" id=\"elmet-1903894622\"><a href=\"https:\/\/www.facebook.com\/arrincuanantigua\/\" aria-label=\"cintillo-arrin-cual\"><img loading=\"lazy\" decoding=\"async\" src=\"https:\/\/elmetropolitano.com.gt\/es\/wp-content\/uploads\/2021\/11\/cintillo-arrin-cual-1.jpg\" alt=\"\"  srcset=\"https:\/\/elmetropolitano.com.gt\/es\/wp-content\/uploads\/2021\/11\/cintillo-arrin-cual-1.jpg 750w, https:\/\/elmetropolitano.com.gt\/es\/wp-content\/uploads\/2021\/11\/cintillo-arrin-cual-1-300x36.jpg 300w, https:\/\/elmetropolitano.com.gt\/es\/wp-content\/uploads\/2021\/11\/cintillo-arrin-cual-1-600x72.jpg 600w\" sizes=\"(max-width: 750px) 100vw, 750px\" width=\"750\" height=\"90\"   \/><\/a><\/div><\/div>\n\n\n\n<p>Durante la reuni\u00f3n, los representantes de la Direcci\u00f3n de An\u00e1lisis Criminal (DAC), del MP, presentaron la propuesta de establecer un centro de monitoreo.<\/p>\n\n\n\n<p>En ese sentido, explicaron que el MP se encuentra comprometido con garantizar la transparencia en el pr\u00f3ximo proceso electoral. Con ello, se busca que los comicios sean confiables y exitosos.<\/p>\n\n\n\n<p>Por lo anterior, el Mingob y el Mindef trabajan de forma conjunta con el Tribunal Supremo Electoral (TSE). La finalidad es garantizar un proceso democr\u00e1tico seguro en beneficio de la poblaci\u00f3n guatemalteca.<\/p>\n\n\n\n<p>Los participantes<\/p>\n\n\n\n<p>En la reuni\u00f3n tambi\u00e9n participaron el fiscal regional de Coordinaci\u00f3n Nacional y los titulares de la Direcci\u00f3n de An\u00e1lisis Criminal, de la Direcci\u00f3n de Investigaciones Criminal\u00edsticas, y del Sistema Inform\u00e1tico de Control de la Investigaci\u00f3n del MP.<\/p>\n\n\n\n<p>Adem\u00e1s, del subsecretario de Pueblos Ind\u00edgenas, la fiscal de secci\u00f3n de la Fiscal\u00eda contra Delitos Electorales y representantes de la Secretar\u00eda General, Secretar\u00eda de Pol\u00edtica Criminal y Departamento de Informaci\u00f3n y Prensa<\/p>\n\n\n\n<p><a href=\"https:\/\/www.facebook.com\/hashtag\/metroredes?__eep__=6&amp;__cft__[0]=AZWO9LpP5_kpnyfxdl-8EirY6hxvXLn8YP7C_Jh0XQ3ELyklkqfxAu9Vc-LhcHiFCSGEOOt-JzwBHbT-lp6AHkqT7r027Pncq-SIg5rL3_IiHeCEBxWJaceo8bY5EEAjkKEb4dBd6CbP3tVjbo9nBiSIrFiSeI9wDp59ff4IQHbfhVONtjSNiuE5mxFma2HQE_k&amp;__tn__=*NK-R\">#metroredes<\/a><a href=\"https:\/\/www.facebook.com\/hashtag\/elecciones2023e?__eep__=6&amp;__cft__[0]=AZWO9LpP5_kpnyfxdl-8EirY6hxvXLn8YP7C_Jh0XQ3ELyklkqfxAu9Vc-LhcHiFCSGEOOt-JzwBHbT-lp6AHkqT7r027Pncq-SIg5rL3_IiHeCEBxWJaceo8bY5EEAjkKEb4dBd6CbP3tVjbo9nBiSIrFiSeI9wDp59ff4IQHbfhVONtjSNiuE5mxFma2HQE_k&amp;__tn__=*NK-R\">#Elecciones2023<\/a><\/p>\n\n\n\n<figure class=\"wp-block-gallery has-nested-images columns-default is-cropped wp-block-gallery-1 is-layout-flex wp-block-gallery-is-layout-flex\">\n<figure class=\"wp-block-image size-large\"><img loading=\"lazy\" decoding=\"async\" width=\"240\" height=\"135\" data-id=\"59410\" src=\"https:\/\/elmetropolitano.com.gt\/es\/wp-content\/uploads\/2023\/01\/323721533_1333506540757341_90545099608499267_n.jpg\" alt=\"\" class=\"wp-image-59410\"\/><\/figure>\n\n\n\n<figure class=\"wp-block-image size-large\"><img loading=\"lazy\" decoding=\"async\" width=\"240\" height=\"135\" data-id=\"59411\" src=\"https:\/\/elmetropolitano.com.gt\/es\/wp-content\/uploads\/2023\/01\/324262325_611241497429218_6172241973509453938_n.jpg\" alt=\"\" class=\"wp-image-59411\"\/><\/figure>\n<\/figure>\n","protected":false},"excerpt":{"rendered":"<p>Autoridades de los ministerios de Gobernaci\u00f3n (Mingob) y de Defensa Nacional (Mindef), junto al Ministerio P\u00fablico (MP), sostuvieron una reuni\u00f3n para establecer estrategias y protocolos de actuaci\u00f3n durante las elecciones generales 2023. El objetivo fue presentar el plan de acci\u00f3n, as\u00ed como intercambiar informaci\u00f3n, posibles estrategias, protocolos, log\u00edstica y dem\u00e1s temas conexos para un eficiente <a class=\"read-more\" href=\"https:\/\/elmetropolitano.com.gt\/es\/establecen-estrategias-y-protocolos-de-actuacion-antes-de-elecciones-generales-2023\/\">Leer m\u00e1s<\/a><\/p>\n","protected":false},"author":1,"featured_media":59409,"comment_status":"open","ping_status":"closed","sticky":false,"template":"","format":"standard","meta":{"footnotes":""},"categories":[2],"tags":[12],"class_list":["post-59408","post","type-post","status-publish","format-standard","has-post-thumbnail","hentry","category-nacionales","tag-nacionales"],"_links":{"self":[{"href":"https:\/\/elmetropolitano.com.gt\/es\/wp-json\/wp\/v2\/posts\/59408","targetHints":{"allow":["GET"]}}],"collection":[{"href":"https:\/\/elmetropolitano.com.gt\/es\/wp-json\/wp\/v2\/posts"}],"about":[{"href":"https:\/\/elmetropolitano.com.gt\/es\/wp-json\/wp\/v2\/types\/post"}],"author":[{"embeddable":true,"href":"https:\/\/elmetropolitano.com.gt\/es\/wp-json\/wp\/v2\/users\/1"}],"replies":[{"embeddable":true,"href":"https:\/\/elmetropolitano.com.gt\/es\/wp-json\/wp\/v2\/comments?post=59408"}],"version-history":[{"count":1,"href":"https:\/\/elmetropolitano.com.gt\/es\/wp-json\/wp\/v2\/posts\/59408\/revisions"}],"predecessor-version":[{"id":59412,"href":"https:\/\/elmetropolitano.com.gt\/es\/wp-json\/wp\/v2\/posts\/59408\/revisions\/59412"}],"wp:featuredmedia":[{"embeddable":true,"href":"https:\/\/elmetropolitano.com.gt\/es\/wp-json\/wp\/v2\/media\/59409"}],"wp:attachment":[{"href":"https:\/\/elmetropolitano.com.gt\/es\/wp-json\/wp\/v2\/media?parent=59408"}],"wp:term":[{"taxonomy":"category","embeddable":true,"href":"https:\/\/elmetropolitano.com.gt\/es\/wp-json\/wp\/v2\/categories?post=59408"},{"taxonomy":"post_tag","embeddable":true,"href":"https:\/\/elmetropolitano.com.gt\/es\/wp-json\/wp\/v2\/tags?post=59408"}],"curies":[{"name":"wp","href":"https:\/\/api.w.org\/{rel}","templated":true}]}}