{"id":59425,"date":"2023-01-06T10:00:07","date_gmt":"2023-01-06T16:00:07","guid":{"rendered":"https:\/\/elmetropolitano.com.gt\/es\/?p=59425"},"modified":"2023-01-06T10:00:08","modified_gmt":"2023-01-06T16:00:08","slug":"lo-capturan-en-peten-para-extraditarlo-a-los-estados-unidos-por-tener-dos-delitos-relacionados-al-narcotrafico","status":"publish","type":"post","link":"https:\/\/elmetropolitano.com.gt\/es\/lo-capturan-en-peten-para-extraditarlo-a-los-estados-unidos-por-tener-dos-delitos-relacionados-al-narcotrafico\/","title":{"rendered":"Lo capturan en Pet\u00e9n para extraditarlo a los Estados Unidos por tener dos delitos relacionados al narcotr\u00e1fico"},"content":{"rendered":"\n<p>Polic\u00edas de la Subdirecci\u00f3n General de An\u00e1lisis de Informaci\u00f3n Antinarc\u00f3tica SGAIA detuvieron en el kil\u00f3metro 615 de la ruta que conduce hacia El Naranjo, Pet\u00e9n, a Gustavo Adolfo G\u00e1lvez Hern\u00e1ndez, de 34 a\u00f1os, por existir orden de aprehensi\u00f3n con fines de extradici\u00f3n hacia los Estados Unidos de Am\u00e9rica, por los siguientes delitos.<\/p>\n\n\n\n<p>Cargo 1, asociaci\u00f3n il\u00edcita para <a><\/a>manufacturar y distribuir 5 kil\u00f3gramos o m\u00e1s de una mezcla y sustancia conteniendo una cantidad detectable de coca\u00edna, con la intenci\u00f3n, conocimiento y teniendo causa razonable para creer que dicha sustancia ser\u00eda importada ilegalmente hacia los Estados Unidos, en violaci\u00f3n a las secciones 959 (a), 960 y 963 del T\u00edtulo 21 del C\u00f3digo de los Estados Unidos.<\/p><div class=\"elmet-contenido\" id=\"elmet-2081832823\"><div class=\"elmet-adlabel\">Anuncios<\/div><div style=\"margin-top: 20px;margin-right: 20px;margin-bottom: 20px;margin-left: 20px;\" id=\"elmet-323616890\"><a href=\"https:\/\/www.facebook.com\/arrincuanantigua\/\" aria-label=\"cintillo-arrin-cual\"><img loading=\"lazy\" decoding=\"async\" src=\"https:\/\/elmetropolitano.com.gt\/es\/wp-content\/uploads\/2021\/11\/cintillo-arrin-cual-1.jpg\" alt=\"\"  srcset=\"https:\/\/elmetropolitano.com.gt\/es\/wp-content\/uploads\/2021\/11\/cintillo-arrin-cual-1.jpg 750w, https:\/\/elmetropolitano.com.gt\/es\/wp-content\/uploads\/2021\/11\/cintillo-arrin-cual-1-300x36.jpg 300w, https:\/\/elmetropolitano.com.gt\/es\/wp-content\/uploads\/2021\/11\/cintillo-arrin-cual-1-600x72.jpg 600w\" sizes=\"(max-width: 750px) 100vw, 750px\" width=\"750\" height=\"90\"   \/><\/a><\/div><\/div>\n\n\n\n<p>Cargo 2: manufacturar y distribuir 5 kilogramos o m\u00e1s de una mezcla o sustancia conteniendo una cantidad detectable de coca\u00edna, con la intenci\u00f3n, conocimiento y teniendo causa razonable para creer que dicha sustancia ser\u00eda importada ilegalmente hacia los Estados Unidos en violaci\u00f3n a la Secci\u00f3n 959 del t\u00edtulo 21 del C\u00f3digo de los Estados Unidos.<\/p>\n\n\n\n<p><a href=\"https:\/\/www.facebook.com\/hashtag\/metroredes?__eep__=6&amp;__cft__[0]=AZXeoXkfNPWikpORIPgDIMimom-qRAGxSB80RB8484uYA8tHFiVO2U3Xk8YsQW-JTTxgE86EFcC2yMkPapXU-BYKr0cLO32_R7FYMUy3mhQyfXHhT4KmrHikhBuSunKvUkWKnJfe5uI5EcqYBb9vmdWs-eKCZ7fszAet91rqZb8vPd_lev0SN2wNTJZCE_f9kJM&amp;__tn__=*NK-R\">#metroredes<\/a><a href=\"https:\/\/www.facebook.com\/hashtag\/pncdeguatemala?__eep__=6&amp;__cft__[0]=AZXeoXkfNPWikpORIPgDIMimom-qRAGxSB80RB8484uYA8tHFiVO2U3Xk8YsQW-JTTxgE86EFcC2yMkPapXU-BYKr0cLO32_R7FYMUy3mhQyfXHhT4KmrHikhBuSunKvUkWKnJfe5uI5EcqYBb9vmdWs-eKCZ7fszAet91rqZb8vPd_lev0SN2wNTJZCE_f9kJM&amp;__tn__=*NK-R\">#PNCdeGuatemala<\/a><\/p>\n\n\n\n<p><\/p>\n","protected":false},"excerpt":{"rendered":"<p>Polic\u00edas de la Subdirecci\u00f3n General de An\u00e1lisis de Informaci\u00f3n Antinarc\u00f3tica SGAIA detuvieron en el kil\u00f3metro 615 de la ruta que conduce hacia El Naranjo, Pet\u00e9n, a Gustavo Adolfo G\u00e1lvez Hern\u00e1ndez, de 34 a\u00f1os, por existir orden de aprehensi\u00f3n con fines de extradici\u00f3n hacia los Estados Unidos de Am\u00e9rica, por los siguientes delitos. Cargo 1, asociaci\u00f3n <a class=\"read-more\" href=\"https:\/\/elmetropolitano.com.gt\/es\/lo-capturan-en-peten-para-extraditarlo-a-los-estados-unidos-por-tener-dos-delitos-relacionados-al-narcotrafico\/\">Leer m\u00e1s<\/a><\/p>\n","protected":false},"author":1,"featured_media":59426,"comment_status":"open","ping_status":"closed","sticky":false,"template":"","format":"standard","meta":{"footnotes":""},"categories":[4],"tags":[13],"class_list":["post-59425","post","type-post","status-publish","format-standard","has-post-thumbnail","hentry","category-departamentales","tag-departamentales"],"_links":{"self":[{"href":"https:\/\/elmetropolitano.com.gt\/es\/wp-json\/wp\/v2\/posts\/59425","targetHints":{"allow":["GET"]}}],"collection":[{"href":"https:\/\/elmetropolitano.com.gt\/es\/wp-json\/wp\/v2\/posts"}],"about":[{"href":"https:\/\/elmetropolitano.com.gt\/es\/wp-json\/wp\/v2\/types\/post"}],"author":[{"embeddable":true,"href":"https:\/\/elmetropolitano.com.gt\/es\/wp-json\/wp\/v2\/users\/1"}],"replies":[{"embeddable":true,"href":"https:\/\/elmetropolitano.com.gt\/es\/wp-json\/wp\/v2\/comments?post=59425"}],"version-history":[{"count":1,"href":"https:\/\/elmetropolitano.com.gt\/es\/wp-json\/wp\/v2\/posts\/59425\/revisions"}],"predecessor-version":[{"id":59427,"href":"https:\/\/elmetropolitano.com.gt\/es\/wp-json\/wp\/v2\/posts\/59425\/revisions\/59427"}],"wp:featuredmedia":[{"embeddable":true,"href":"https:\/\/elmetropolitano.com.gt\/es\/wp-json\/wp\/v2\/media\/59426"}],"wp:attachment":[{"href":"https:\/\/elmetropolitano.com.gt\/es\/wp-json\/wp\/v2\/media?parent=59425"}],"wp:term":[{"taxonomy":"category","embeddable":true,"href":"https:\/\/elmetropolitano.com.gt\/es\/wp-json\/wp\/v2\/categories?post=59425"},{"taxonomy":"post_tag","embeddable":true,"href":"https:\/\/elmetropolitano.com.gt\/es\/wp-json\/wp\/v2\/tags?post=59425"}],"curies":[{"name":"wp","href":"https:\/\/api.w.org\/{rel}","templated":true}]}}