{"id":59435,"date":"2023-01-06T10:13:50","date_gmt":"2023-01-06T16:13:50","guid":{"rendered":"https:\/\/elmetropolitano.com.gt\/es\/?p=59435"},"modified":"2023-01-06T10:13:51","modified_gmt":"2023-01-06T16:13:51","slug":"el-2023-da-inicio-con-el-evento-arte-en-las-calles-digitales-de-fundacion-rozas-botran","status":"publish","type":"post","link":"https:\/\/elmetropolitano.com.gt\/es\/el-2023-da-inicio-con-el-evento-arte-en-las-calles-digitales-de-fundacion-rozas-botran\/","title":{"rendered":"El 2023 da inicio con el evento Arte en las Calles Digitales de Fundaci\u00f3n Rozas-Botr\u00e1n"},"content":{"rendered":"\n<p>En Guatemala, durante los siglos XIX, XX y el presente, la acuarela fue y sigue siendo una t\u00e9cnica muy apreciada, particularmente inspirada en el paisaje. Actualmente existen iniciativas encabezadas por talentosos acuarelistas que promueven agrupaciones, celebran cert\u00e1menes y exposiciones y participan, con mucho \u00e9xito a nivel mundial, en movimientos internacionales que fomentan esa t\u00e9cnica.<\/p>\n\n\n\n<p>La Fundaci\u00f3n Rozas-Botr\u00e1n dedica Arte en las Calles 2023 a la obra de Erwin Guillermo, Exal Rivera, Josu\u00e9 Hern\u00e1ndez, Juan Carlos Calder\u00f3n Juan Jos\u00e9 Rodr\u00edguez, Luc\u00eda Mor\u00e1n Giracca, Pamela Cerezo, Paulino Pichiy\u00e1 Culajay, Rudy Cotton y Teresa Mar\u00eda Cevallos, 10 conocidos pintores cuyo trabajo circular\u00e1 en el tr\u00e1fico digital de nuestras redes sociales y ser\u00e1 expuesto en la Galer\u00eda Rozas-Botr\u00e1n.<\/p><div class=\"elmet-contenido\" id=\"elmet-3666426182\"><div class=\"elmet-adlabel\">Anuncios<\/div><div style=\"margin-top: 20px;margin-right: 20px;margin-bottom: 20px;margin-left: 20px;\" id=\"elmet-2380226795\"><a href=\"https:\/\/www.facebook.com\/arrincuanantigua\/\" aria-label=\"cintillo-arrin-cual\"><img loading=\"lazy\" decoding=\"async\" src=\"https:\/\/elmetropolitano.com.gt\/es\/wp-content\/uploads\/2021\/11\/cintillo-arrin-cual-1.jpg\" alt=\"\"  srcset=\"https:\/\/elmetropolitano.com.gt\/es\/wp-content\/uploads\/2021\/11\/cintillo-arrin-cual-1.jpg 750w, https:\/\/elmetropolitano.com.gt\/es\/wp-content\/uploads\/2021\/11\/cintillo-arrin-cual-1-300x36.jpg 300w, https:\/\/elmetropolitano.com.gt\/es\/wp-content\/uploads\/2021\/11\/cintillo-arrin-cual-1-600x72.jpg 600w\" sizes=\"(max-width: 750px) 100vw, 750px\" width=\"750\" height=\"90\"   \/><\/a><\/div><\/div>\n\n\n\n<p>Sencilla, espont\u00e1nea e inmediata, la acuarela ofrece un rango amplio de efectos y requiere un equipo m\u00ednimo para el trabajo al aire libre. Es compatible con el cray\u00f3n pastel, la tinta china y el \u00f3leo.<\/p>\n\n\n\n<p>Al inicio, la acuarela se utiliz\u00f3 para hacer bocetos de obras definitivas, pero, la transparencia y la luminosidad que permite, le dio un lugar privilegiado dentro de las artes visuales. Los artistas, inclinados hacia nuevas valoraciones de luz, una pincelada m\u00e1s suelta y otros detalles, optaron por esta tendencia que cambi\u00f3 el rumbo de las artes pl\u00e1sticas.<\/p>\n\n\n\n<p>En Europa, los dibujos acuarelados se emplearon para dar a conocer diferentes \u00e1reas geogr\u00e1ficas del mundo, con el fin de enriquecer los conocimientos y satisfacer el af\u00e1n aventurero.<\/p>\n\n\n\n<p>En Guatemala, despu\u00e9s del esplendor prehisp\u00e1nico y colonial, el retrato y la pintura del paisaje fueron los temas principales. Al inicio de la \u00e9poca republicana, varios j\u00f3venes que llegaron a ser connotados acuarelistas, trabajaron como dibujantes y coloristas. Entre ellos, Francisco Cabrera, Agust\u00edn Iriarte, Rafael Rodr\u00edguez Padilla, Carlos M\u00e9rida, Humberto Garavito, Oscar Gonz\u00e1lez Goyri, Salvador Saravia, Carmen de Pettersen, Antonio Tejeda Fonseca, Jos\u00e9 Luis \u00c1lvarez, Hilary Arathoon y Miguel \u00c1ngel R\u00edos.<\/p>\n\n\n\n<p>El maestro guatemalteco Guillermo Grajeda Mena describi\u00f3 la acuarela como \u201cla joya de un mundo submarino, elaborada con los colores del iris, diluidos en agua cristalina.\u201d La Fundaci\u00f3n Rozas-Botr\u00e1n presenta 10 magn\u00edficas obras actuales que muestran la destreza de sus creadores y la versatilidad que la t\u00e9cnica permite.<\/p>\n\n\n\n<p>\u201cInvitamos a todos los amantes del arte a disfrutar virtualmente de esta actividad y visitar la Galer\u00eda para estar frente a frente con la maravilla del efecto luminoso de las capas transparentes de color\u201d, expres\u00f3 Jose Rozas-Botr\u00e1n Presidente Fundaci\u00f3n Rozas-Botr\u00e1n.<\/p>\n\n\n\n<p>Las 10 obras originales de Arte en las Calles Digitales se presentan en la galer\u00eda Rozas-Botr\u00e1n zona 14, 16 calle 4-66 zona 14, en horario de lunes a viernes de 8:00AM a 4:00PM; La entrada es libre del 16 de enero al 17 de febrero para el p\u00fablico en general y coleccionistas.<\/p>\n\n\n\n<p><a href=\"https:\/\/www.facebook.com\/hashtag\/metroredes?__eep__=6&amp;__cft__[0]=AZWYzs26fZC7NC05b6a4fJOOmAebMYyJyvY5Wd6to0jI4nQF-E9S4saCjl5ByETi6AlKy_L06uHCGqRABa5yCdgVupUHLY9DWiGD0wHB9DqmIlHyH0NWA4ljUu2rKMDOwzjxhinjF0okwIgf69n9JnAYPKoJdGAUEQQfQPXu-wPr8AsiOMsw5sKv66Rmem0gYt0&amp;__tn__=*NK-R\">#metroredes<\/a><a href=\"https:\/\/www.facebook.com\/hashtag\/galeriarosabotran?__eep__=6&amp;__cft__[0]=AZWYzs26fZC7NC05b6a4fJOOmAebMYyJyvY5Wd6to0jI4nQF-E9S4saCjl5ByETi6AlKy_L06uHCGqRABa5yCdgVupUHLY9DWiGD0wHB9DqmIlHyH0NWA4ljUu2rKMDOwzjxhinjF0okwIgf69n9JnAYPKoJdGAUEQQfQPXu-wPr8AsiOMsw5sKv66Rmem0gYt0&amp;__tn__=*NK-R\">#galeriarosabotran<\/a><a href=\"https:\/\/www.facebook.com\/hashtag\/cultura?__eep__=6&amp;__cft__[0]=AZWYzs26fZC7NC05b6a4fJOOmAebMYyJyvY5Wd6to0jI4nQF-E9S4saCjl5ByETi6AlKy_L06uHCGqRABa5yCdgVupUHLY9DWiGD0wHB9DqmIlHyH0NWA4ljUu2rKMDOwzjxhinjF0okwIgf69n9JnAYPKoJdGAUEQQfQPXu-wPr8AsiOMsw5sKv66Rmem0gYt0&amp;__tn__=*NK-R\">#cultura<\/a><\/p>\n\n\n\n<figure class=\"wp-block-gallery has-nested-images columns-default is-cropped wp-block-gallery-1 is-layout-flex wp-block-gallery-is-layout-flex\">\n<figure class=\"wp-block-image size-large\"><img loading=\"lazy\" decoding=\"async\" width=\"748\" height=\"1024\" data-id=\"59439\" src=\"https:\/\/elmetropolitano.com.gt\/es\/wp-content\/uploads\/2023\/01\/322140513_3463873320512678_5777742368611101514_n-748x1024.jpg\" alt=\"\" class=\"wp-image-59439\" srcset=\"https:\/\/elmetropolitano.com.gt\/es\/wp-content\/uploads\/2023\/01\/322140513_3463873320512678_5777742368611101514_n-748x1024.jpg 748w, https:\/\/elmetropolitano.com.gt\/es\/wp-content\/uploads\/2023\/01\/322140513_3463873320512678_5777742368611101514_n-219x300.jpg 219w, https:\/\/elmetropolitano.com.gt\/es\/wp-content\/uploads\/2023\/01\/322140513_3463873320512678_5777742368611101514_n-768x1052.jpg 768w, https:\/\/elmetropolitano.com.gt\/es\/wp-content\/uploads\/2023\/01\/322140513_3463873320512678_5777742368611101514_n-1121x1536.jpg 1121w, https:\/\/elmetropolitano.com.gt\/es\/wp-content\/uploads\/2023\/01\/322140513_3463873320512678_5777742368611101514_n-600x822.jpg 600w, https:\/\/elmetropolitano.com.gt\/es\/wp-content\/uploads\/2023\/01\/322140513_3463873320512678_5777742368611101514_n.jpg 1495w\" sizes=\"auto, (max-width: 748px) 100vw, 748px\" \/><\/figure>\n\n\n\n<figure class=\"wp-block-image size-large\"><img loading=\"lazy\" decoding=\"async\" width=\"740\" height=\"1024\" data-id=\"59438\" src=\"https:\/\/elmetropolitano.com.gt\/es\/wp-content\/uploads\/2023\/01\/322160002_3453408938268937_6970384979977778872_n-740x1024.jpg\" alt=\"\" class=\"wp-image-59438\" srcset=\"https:\/\/elmetropolitano.com.gt\/es\/wp-content\/uploads\/2023\/01\/322160002_3453408938268937_6970384979977778872_n-740x1024.jpg 740w, https:\/\/elmetropolitano.com.gt\/es\/wp-content\/uploads\/2023\/01\/322160002_3453408938268937_6970384979977778872_n-217x300.jpg 217w, https:\/\/elmetropolitano.com.gt\/es\/wp-content\/uploads\/2023\/01\/322160002_3453408938268937_6970384979977778872_n-768x1063.jpg 768w, https:\/\/elmetropolitano.com.gt\/es\/wp-content\/uploads\/2023\/01\/322160002_3453408938268937_6970384979977778872_n-1109x1536.jpg 1109w, https:\/\/elmetropolitano.com.gt\/es\/wp-content\/uploads\/2023\/01\/322160002_3453408938268937_6970384979977778872_n-600x831.jpg 600w, https:\/\/elmetropolitano.com.gt\/es\/wp-content\/uploads\/2023\/01\/322160002_3453408938268937_6970384979977778872_n.jpg 1479w\" sizes=\"auto, (max-width: 740px) 100vw, 740px\" \/><\/figure>\n\n\n\n<figure class=\"wp-block-image size-large\"><img loading=\"lazy\" decoding=\"async\" width=\"701\" height=\"1024\" data-id=\"59437\" src=\"https:\/\/elmetropolitano.com.gt\/es\/wp-content\/uploads\/2023\/01\/322161368_1026336218282757_4838850796400916_n-701x1024.jpg\" alt=\"\" class=\"wp-image-59437\" srcset=\"https:\/\/elmetropolitano.com.gt\/es\/wp-content\/uploads\/2023\/01\/322161368_1026336218282757_4838850796400916_n-701x1024.jpg 701w, https:\/\/elmetropolitano.com.gt\/es\/wp-content\/uploads\/2023\/01\/322161368_1026336218282757_4838850796400916_n-205x300.jpg 205w, https:\/\/elmetropolitano.com.gt\/es\/wp-content\/uploads\/2023\/01\/322161368_1026336218282757_4838850796400916_n-768x1123.jpg 768w, https:\/\/elmetropolitano.com.gt\/es\/wp-content\/uploads\/2023\/01\/322161368_1026336218282757_4838850796400916_n-1051x1536.jpg 1051w, https:\/\/elmetropolitano.com.gt\/es\/wp-content\/uploads\/2023\/01\/322161368_1026336218282757_4838850796400916_n-600x877.jpg 600w, https:\/\/elmetropolitano.com.gt\/es\/wp-content\/uploads\/2023\/01\/322161368_1026336218282757_4838850796400916_n.jpg 1401w\" sizes=\"auto, (max-width: 701px) 100vw, 701px\" \/><\/figure>\n\n\n\n<figure class=\"wp-block-image size-large\"><img loading=\"lazy\" decoding=\"async\" width=\"740\" height=\"1024\" data-id=\"59440\" src=\"https:\/\/elmetropolitano.com.gt\/es\/wp-content\/uploads\/2023\/01\/322411693_3393956127548086_7068020803989535291_n-740x1024.jpg\" alt=\"\" class=\"wp-image-59440\" srcset=\"https:\/\/elmetropolitano.com.gt\/es\/wp-content\/uploads\/2023\/01\/322411693_3393956127548086_7068020803989535291_n-740x1024.jpg 740w, https:\/\/elmetropolitano.com.gt\/es\/wp-content\/uploads\/2023\/01\/322411693_3393956127548086_7068020803989535291_n-217x300.jpg 217w, https:\/\/elmetropolitano.com.gt\/es\/wp-content\/uploads\/2023\/01\/322411693_3393956127548086_7068020803989535291_n-768x1063.jpg 768w, https:\/\/elmetropolitano.com.gt\/es\/wp-content\/uploads\/2023\/01\/322411693_3393956127548086_7068020803989535291_n-1110x1536.jpg 1110w, https:\/\/elmetropolitano.com.gt\/es\/wp-content\/uploads\/2023\/01\/322411693_3393956127548086_7068020803989535291_n-600x830.jpg 600w, https:\/\/elmetropolitano.com.gt\/es\/wp-content\/uploads\/2023\/01\/322411693_3393956127548086_7068020803989535291_n.jpg 1480w\" sizes=\"auto, (max-width: 740px) 100vw, 740px\" \/><\/figure>\n\n\n\n<figure class=\"wp-block-image size-large\"><img loading=\"lazy\" decoding=\"async\" width=\"790\" height=\"1024\" data-id=\"59441\" src=\"https:\/\/elmetropolitano.com.gt\/es\/wp-content\/uploads\/2023\/01\/322968349_552548330125559_6921262266455282263_n-790x1024.jpg\" alt=\"\" class=\"wp-image-59441\" srcset=\"https:\/\/elmetropolitano.com.gt\/es\/wp-content\/uploads\/2023\/01\/322968349_552548330125559_6921262266455282263_n-790x1024.jpg 790w, https:\/\/elmetropolitano.com.gt\/es\/wp-content\/uploads\/2023\/01\/322968349_552548330125559_6921262266455282263_n-231x300.jpg 231w, https:\/\/elmetropolitano.com.gt\/es\/wp-content\/uploads\/2023\/01\/322968349_552548330125559_6921262266455282263_n-768x996.jpg 768w, https:\/\/elmetropolitano.com.gt\/es\/wp-content\/uploads\/2023\/01\/322968349_552548330125559_6921262266455282263_n-1184x1536.jpg 1184w, https:\/\/elmetropolitano.com.gt\/es\/wp-content\/uploads\/2023\/01\/322968349_552548330125559_6921262266455282263_n-600x778.jpg 600w, https:\/\/elmetropolitano.com.gt\/es\/wp-content\/uploads\/2023\/01\/322968349_552548330125559_6921262266455282263_n.jpg 1579w\" sizes=\"auto, (max-width: 790px) 100vw, 790px\" \/><\/figure>\n\n\n\n<figure class=\"wp-block-image size-large\"><img loading=\"lazy\" decoding=\"async\" width=\"770\" height=\"1024\" data-id=\"59442\" src=\"https:\/\/elmetropolitano.com.gt\/es\/wp-content\/uploads\/2023\/01\/323053993_868217851083477_1533482702697015325_n-770x1024.jpg\" alt=\"\" class=\"wp-image-59442\" srcset=\"https:\/\/elmetropolitano.com.gt\/es\/wp-content\/uploads\/2023\/01\/323053993_868217851083477_1533482702697015325_n-770x1024.jpg 770w, https:\/\/elmetropolitano.com.gt\/es\/wp-content\/uploads\/2023\/01\/323053993_868217851083477_1533482702697015325_n-226x300.jpg 226w, https:\/\/elmetropolitano.com.gt\/es\/wp-content\/uploads\/2023\/01\/323053993_868217851083477_1533482702697015325_n-768x1021.jpg 768w, https:\/\/elmetropolitano.com.gt\/es\/wp-content\/uploads\/2023\/01\/323053993_868217851083477_1533482702697015325_n-1155x1536.jpg 1155w, https:\/\/elmetropolitano.com.gt\/es\/wp-content\/uploads\/2023\/01\/323053993_868217851083477_1533482702697015325_n-600x798.jpg 600w, https:\/\/elmetropolitano.com.gt\/es\/wp-content\/uploads\/2023\/01\/323053993_868217851083477_1533482702697015325_n.jpg 1540w\" sizes=\"auto, (max-width: 770px) 100vw, 770px\" \/><\/figure>\n<\/figure>\n","protected":false},"excerpt":{"rendered":"<p>En Guatemala, durante los siglos XIX, XX y el presente, la acuarela fue y sigue siendo una t\u00e9cnica muy apreciada, particularmente inspirada en el paisaje. Actualmente existen iniciativas encabezadas por talentosos acuarelistas que promueven agrupaciones, celebran cert\u00e1menes y exposiciones y participan, con mucho \u00e9xito a nivel mundial, en movimientos internacionales que fomentan esa t\u00e9cnica. La <a class=\"read-more\" href=\"https:\/\/elmetropolitano.com.gt\/es\/el-2023-da-inicio-con-el-evento-arte-en-las-calles-digitales-de-fundacion-rozas-botran\/\">Leer m\u00e1s<\/a><\/p>\n","protected":false},"author":1,"featured_media":59436,"comment_status":"open","ping_status":"closed","sticky":false,"template":"","format":"standard","meta":{"footnotes":""},"categories":[31],"tags":[32],"class_list":["post-59435","post","type-post","status-publish","format-standard","has-post-thumbnail","hentry","category-metroimpulso","tag-metroimpulso"],"_links":{"self":[{"href":"https:\/\/elmetropolitano.com.gt\/es\/wp-json\/wp\/v2\/posts\/59435","targetHints":{"allow":["GET"]}}],"collection":[{"href":"https:\/\/elmetropolitano.com.gt\/es\/wp-json\/wp\/v2\/posts"}],"about":[{"href":"https:\/\/elmetropolitano.com.gt\/es\/wp-json\/wp\/v2\/types\/post"}],"author":[{"embeddable":true,"href":"https:\/\/elmetropolitano.com.gt\/es\/wp-json\/wp\/v2\/users\/1"}],"replies":[{"embeddable":true,"href":"https:\/\/elmetropolitano.com.gt\/es\/wp-json\/wp\/v2\/comments?post=59435"}],"version-history":[{"count":1,"href":"https:\/\/elmetropolitano.com.gt\/es\/wp-json\/wp\/v2\/posts\/59435\/revisions"}],"predecessor-version":[{"id":59443,"href":"https:\/\/elmetropolitano.com.gt\/es\/wp-json\/wp\/v2\/posts\/59435\/revisions\/59443"}],"wp:featuredmedia":[{"embeddable":true,"href":"https:\/\/elmetropolitano.com.gt\/es\/wp-json\/wp\/v2\/media\/59436"}],"wp:attachment":[{"href":"https:\/\/elmetropolitano.com.gt\/es\/wp-json\/wp\/v2\/media?parent=59435"}],"wp:term":[{"taxonomy":"category","embeddable":true,"href":"https:\/\/elmetropolitano.com.gt\/es\/wp-json\/wp\/v2\/categories?post=59435"},{"taxonomy":"post_tag","embeddable":true,"href":"https:\/\/elmetropolitano.com.gt\/es\/wp-json\/wp\/v2\/tags?post=59435"}],"curies":[{"name":"wp","href":"https:\/\/api.w.org\/{rel}","templated":true}]}}