{"id":59458,"date":"2023-01-07T11:16:02","date_gmt":"2023-01-07T17:16:02","guid":{"rendered":"https:\/\/elmetropolitano.com.gt\/es\/?p=59458"},"modified":"2023-01-07T11:16:04","modified_gmt":"2023-01-07T17:16:04","slug":"asumen-nuevos-mandos-en-la-policia-nacional-civil-pnc","status":"publish","type":"post","link":"https:\/\/elmetropolitano.com.gt\/es\/asumen-nuevos-mandos-en-la-policia-nacional-civil-pnc\/","title":{"rendered":"Asumen nuevos mandos en la Polic\u00eda Nacional Civil PNC"},"content":{"rendered":"\n<p>Autoridades del Ministerio de Gobernaci\u00f3n (Mingob) encabezaron la ceremonia de traspaso de mando de la c\u00fapula de la Polic\u00eda Nacional Civil (PNC), como parte de las acciones para seguir fortaleciendo la Estrategia de Transformaci\u00f3n Policial y la seguridad de la poblaci\u00f3n.<\/p>\n\n\n\n<p>Los <a><\/a>cambios obedecen a un an\u00e1lisis del Mingob, con la finalidad de fortalecer las acciones en materia de seguridad. Tambi\u00e9n con el objetivo de oxigenar los cuadros de las direcciones de la PNC, refiri\u00f3 David Napole\u00f3n Barrientos, titular de la cartera del interior.<\/p><div class=\"elmet-contenido\" id=\"elmet-3476875098\"><div class=\"elmet-adlabel\">Anuncios<\/div><div style=\"margin-top: 20px;margin-right: 20px;margin-bottom: 20px;margin-left: 20px;\" id=\"elmet-634143769\"><a href=\"https:\/\/www.facebook.com\/arrincuanantigua\/\" aria-label=\"cintillo-arrin-cual\"><img loading=\"lazy\" decoding=\"async\" src=\"https:\/\/elmetropolitano.com.gt\/es\/wp-content\/uploads\/2021\/11\/cintillo-arrin-cual-1.jpg\" alt=\"\"  srcset=\"https:\/\/elmetropolitano.com.gt\/es\/wp-content\/uploads\/2021\/11\/cintillo-arrin-cual-1.jpg 750w, https:\/\/elmetropolitano.com.gt\/es\/wp-content\/uploads\/2021\/11\/cintillo-arrin-cual-1-300x36.jpg 300w, https:\/\/elmetropolitano.com.gt\/es\/wp-content\/uploads\/2021\/11\/cintillo-arrin-cual-1-600x72.jpg 600w\" sizes=\"(max-width: 750px) 100vw, 750px\" width=\"750\" height=\"90\"   \/><\/a><\/div><\/div>\n\n\n\n<p>En ese aspecto, las autoridades se\u00f1alaron que asume como director general de la PNC, Edwin Manfredo Ardiano L\u00f3pez, quien recibi\u00f3 el estandarte de la instituci\u00f3n.<\/p>\n\n\n\n<p>Asimismo, Adal Rodr\u00edguez Najarro asumi\u00f3 como director General Adjunto, mientras que Edis Ariel Fabi\u00e1n Hern\u00e1ndez es el nuevo subdirector General de Investigaci\u00f3n Criminal.<\/p>\n\n\n\n<p>Tambi\u00e9n se nombr\u00f3 a David Custodio Boteo como subdirector General de Operaciones, quien antes se desempe\u00f1aba como jefe de la Divisi\u00f3n Especial en Investigaci\u00f3n Criminal (DEIC).<\/p>\n\n\n\n<p>Adem\u00e1s, el nuevo subdirector General de Personal es Edgar Leonel de la Cruz Hern\u00e1ndez, quien estaba a cargo de la Divisi\u00f3n Especializada de Protecci\u00f3n a la Naturaleza (Diprona).<\/p>\n\n\n\n<p>La actividad<\/p>\n\n\n\n<p>La ceremonia se desarroll\u00f3 en el campo de maniobras de la Academia de la PNC, en la zona 6 capitalina. En el lugar estuvieron presentes mandos de la PNC y de diferentes unidades especializadas.<\/p>\n\n\n\n<p>Durante la actividad, las autoridades del Mingob agradecieron y reconocieron el profesionalismo de los mandos anteriores, quienes se retirar\u00e1n.<\/p>\n\n\n\n<p>Es un verdadero orgullo estar en este acto en el que un polic\u00eda no solo alcanz\u00f3 el m\u00e1s alto grado de la instituci\u00f3n, sino que sale por la puerta grande de la instituci\u00f3n con los honores y con la condecoraci\u00f3n que se merece, opin\u00f3 Barrientos.<\/p>\n\n\n\n<p>H\u00e9ctor Hern\u00e1ndez, director general saliente, enfatiz\u00f3 que durante su administraci\u00f3n se fortalecieron proyectos incluidos en la Estrategia de Transformaci\u00f3n Policial. Adem\u00e1s, record\u00f3 que todas las acciones coordinadas se enfocaron en beneficio de la poblaci\u00f3n guatemalteca.<\/p>\n\n\n\n<p>Hoy entrego el mando de la direcci\u00f3n General de la PNC, entidad que dirig\u00ed con mucho honor, esmero y sacrificio. Ustedes, compa\u00f1eros polic\u00edas, me acompa\u00f1aron para resolver las situaciones dif\u00edciles que representan la seguridad en nuestro pa\u00eds, dijo Hern\u00e1ndez.<\/p>\n\n\n\n<p>Por su parte, el nuevo director general reiter\u00f3 el compromiso de seguir fortaleciendo los proyectos de la transformaci\u00f3n policial.<\/p>\n\n\n\n<p>Recibir este puesto es comprometerse a velar por las condiciones adecuadas para el personal y el fortalecimiento de la instituci\u00f3n, puntualiz\u00f3.<\/p>\n\n\n\n<p>Tr\u00e1nsito de la PNC<\/p>\n\n\n\n<p>En el evento, el ministro de Gobernaci\u00f3n tambi\u00e9n jurament\u00f3 a Edgar Ren\u00e9 Mazariegos como jefe del Departamento de Tr\u00e1nsito de la PNC.<\/p>\n\n\n\n<p>En ese aspecto, el funcionario indic\u00f3 que todos sus esfuerzos se encaminar\u00e1n a crear e implementar estrategias para evitar y reducir las cifras de siniestralidad por incidentes viales, los cuales son la segunda causa de muerte violenta en el pa\u00eds.<\/p>\n\n\n\n<p>Ya se ha empezado a adquirir veh\u00edculos y daremos todo el soporte administrativo y financiero necesario para tener buenos resultados y cambiar esas cifras, expres\u00f3.<\/p>\n\n\n\n<p>El nuevo jefe de Tr\u00e1nsito reiter\u00f3 su compromiso de velar para que se cumpla la ley y su reglamento. Agreg\u00f3 que se trabajar\u00e1 en un plan para el fortalecimiento institucional.<\/p>\n\n\n\n<p>Asimismo, manifest\u00f3 que ser\u00e1n fortalecidos los operativos de vigilancia y seguridad vial, as\u00ed como los programas de educaci\u00f3n, disuasi\u00f3n y concientizaci\u00f3n para acercarse m\u00e1s al usuario de la v\u00eda p\u00fablica.<\/p>\n\n\n\n<p>Transformaci\u00f3n policial<\/p>\n\n\n\n<p>Durante la actividad, las autoridades del Mingob y de la PNC recordaron que seguir\u00e1n fortaleciendo la Estrategia de Transformaci\u00f3n Policial, impulsada por el Gobierno de Guatemala.<\/p>\n\n\n\n<p>Se trata de un proyecto que se conforma por los ejes de Educaci\u00f3n, Institucionalidad y Organizaci\u00f3n, Controles Internos, Dignificaci\u00f3n Policial, Infraestructura y Movilidad y Tecnolog\u00eda e Innovaci\u00f3n<\/p>\n\n\n\n<p><a href=\"https:\/\/www.facebook.com\/hashtag\/metroredes?__eep__=6&amp;__cft__[0]=AZVXGkv7_GhUuoiqq8-6STW7UCulWsciIXTldCDrjxu3jRGKLy_Rbv1bIZX5PrWwVLx35sjJd3DPFOk_q-RugXtNQDZEwDs7d5yym_efpzUBbF2wSEw4x3yrGHN5HiXclMjX7VK8VJ2UY9R5mbOjn7n57hORYsdzeRcFZXNsHaCMPl-yqMMe_s34qid4RY6_7Qo&amp;__tn__=*NK-R\">#metroredes<\/a><a href=\"https:\/\/www.facebook.com\/hashtag\/pncdeguatemala?__eep__=6&amp;__cft__[0]=AZVXGkv7_GhUuoiqq8-6STW7UCulWsciIXTldCDrjxu3jRGKLy_Rbv1bIZX5PrWwVLx35sjJd3DPFOk_q-RugXtNQDZEwDs7d5yym_efpzUBbF2wSEw4x3yrGHN5HiXclMjX7VK8VJ2UY9R5mbOjn7n57hORYsdzeRcFZXNsHaCMPl-yqMMe_s34qid4RY6_7Qo&amp;__tn__=*NK-R\">#PNCdeGuatemala<\/a><\/p>\n\n\n\n<figure class=\"wp-block-gallery has-nested-images columns-default is-cropped wp-block-gallery-1 is-layout-flex wp-block-gallery-is-layout-flex\">\n<figure class=\"wp-block-image size-large\"><img loading=\"lazy\" decoding=\"async\" width=\"1024\" height=\"512\" data-id=\"59462\" src=\"https:\/\/elmetropolitano.com.gt\/es\/wp-content\/uploads\/2023\/01\/322108535_537380685109260_9005680271052054969_n-1024x512.jpg\" alt=\"\" class=\"wp-image-59462\" srcset=\"https:\/\/elmetropolitano.com.gt\/es\/wp-content\/uploads\/2023\/01\/322108535_537380685109260_9005680271052054969_n-1024x512.jpg 1024w, https:\/\/elmetropolitano.com.gt\/es\/wp-content\/uploads\/2023\/01\/322108535_537380685109260_9005680271052054969_n-300x150.jpg 300w, https:\/\/elmetropolitano.com.gt\/es\/wp-content\/uploads\/2023\/01\/322108535_537380685109260_9005680271052054969_n-768x384.jpg 768w, https:\/\/elmetropolitano.com.gt\/es\/wp-content\/uploads\/2023\/01\/322108535_537380685109260_9005680271052054969_n-600x300.jpg 600w, https:\/\/elmetropolitano.com.gt\/es\/wp-content\/uploads\/2023\/01\/322108535_537380685109260_9005680271052054969_n.jpg 1140w\" sizes=\"auto, (max-width: 1024px) 100vw, 1024px\" \/><\/figure>\n\n\n\n<figure class=\"wp-block-image size-large\"><img loading=\"lazy\" decoding=\"async\" width=\"360\" height=\"240\" data-id=\"59460\" src=\"https:\/\/elmetropolitano.com.gt\/es\/wp-content\/uploads\/2023\/01\/323880413_2129718327238565_175173777530935709_n.jpg\" alt=\"\" class=\"wp-image-59460\" srcset=\"https:\/\/elmetropolitano.com.gt\/es\/wp-content\/uploads\/2023\/01\/323880413_2129718327238565_175173777530935709_n.jpg 360w, https:\/\/elmetropolitano.com.gt\/es\/wp-content\/uploads\/2023\/01\/323880413_2129718327238565_175173777530935709_n-300x200.jpg 300w\" sizes=\"auto, (max-width: 360px) 100vw, 360px\" \/><\/figure>\n\n\n\n<figure class=\"wp-block-image size-large\"><img loading=\"lazy\" decoding=\"async\" width=\"360\" height=\"240\" data-id=\"59461\" src=\"https:\/\/elmetropolitano.com.gt\/es\/wp-content\/uploads\/2023\/01\/324301310_1517567375398016_8373821330026867335_n.jpg\" alt=\"\" class=\"wp-image-59461\" srcset=\"https:\/\/elmetropolitano.com.gt\/es\/wp-content\/uploads\/2023\/01\/324301310_1517567375398016_8373821330026867335_n.jpg 360w, https:\/\/elmetropolitano.com.gt\/es\/wp-content\/uploads\/2023\/01\/324301310_1517567375398016_8373821330026867335_n-300x200.jpg 300w\" sizes=\"auto, (max-width: 360px) 100vw, 360px\" \/><\/figure>\n<\/figure>\n","protected":false},"excerpt":{"rendered":"<p>Autoridades del Ministerio de Gobernaci\u00f3n (Mingob) encabezaron la ceremonia de traspaso de mando de la c\u00fapula de la Polic\u00eda Nacional Civil (PNC), como parte de las acciones para seguir fortaleciendo la Estrategia de Transformaci\u00f3n Policial y la seguridad de la poblaci\u00f3n. Los cambios obedecen a un an\u00e1lisis del Mingob, con la finalidad de fortalecer las <a class=\"read-more\" href=\"https:\/\/elmetropolitano.com.gt\/es\/asumen-nuevos-mandos-en-la-policia-nacional-civil-pnc\/\">Leer m\u00e1s<\/a><\/p>\n","protected":false},"author":1,"featured_media":59459,"comment_status":"open","ping_status":"closed","sticky":false,"template":"","format":"standard","meta":{"footnotes":""},"categories":[2],"tags":[12],"class_list":["post-59458","post","type-post","status-publish","format-standard","has-post-thumbnail","hentry","category-nacionales","tag-nacionales"],"_links":{"self":[{"href":"https:\/\/elmetropolitano.com.gt\/es\/wp-json\/wp\/v2\/posts\/59458","targetHints":{"allow":["GET"]}}],"collection":[{"href":"https:\/\/elmetropolitano.com.gt\/es\/wp-json\/wp\/v2\/posts"}],"about":[{"href":"https:\/\/elmetropolitano.com.gt\/es\/wp-json\/wp\/v2\/types\/post"}],"author":[{"embeddable":true,"href":"https:\/\/elmetropolitano.com.gt\/es\/wp-json\/wp\/v2\/users\/1"}],"replies":[{"embeddable":true,"href":"https:\/\/elmetropolitano.com.gt\/es\/wp-json\/wp\/v2\/comments?post=59458"}],"version-history":[{"count":1,"href":"https:\/\/elmetropolitano.com.gt\/es\/wp-json\/wp\/v2\/posts\/59458\/revisions"}],"predecessor-version":[{"id":59463,"href":"https:\/\/elmetropolitano.com.gt\/es\/wp-json\/wp\/v2\/posts\/59458\/revisions\/59463"}],"wp:featuredmedia":[{"embeddable":true,"href":"https:\/\/elmetropolitano.com.gt\/es\/wp-json\/wp\/v2\/media\/59459"}],"wp:attachment":[{"href":"https:\/\/elmetropolitano.com.gt\/es\/wp-json\/wp\/v2\/media?parent=59458"}],"wp:term":[{"taxonomy":"category","embeddable":true,"href":"https:\/\/elmetropolitano.com.gt\/es\/wp-json\/wp\/v2\/categories?post=59458"},{"taxonomy":"post_tag","embeddable":true,"href":"https:\/\/elmetropolitano.com.gt\/es\/wp-json\/wp\/v2\/tags?post=59458"}],"curies":[{"name":"wp","href":"https:\/\/api.w.org\/{rel}","templated":true}]}}